{"id":7143,"date":"2025-12-15T07:00:00","date_gmt":"2025-12-15T06:00:00","guid":{"rendered":"https:\/\/standort-niederrhein.de\/?p=7143"},"modified":"2025-12-16T12:25:59","modified_gmt":"2025-12-16T11:25:59","slug":"burkhard-landers-erhaelt-bundesverdienstkreuz","status":"publish","type":"post","link":"https:\/\/standort-niederrhein.de\/en\/2025\/12\/15\/burkhard-landers-erhaelt-bundesverdienstkreuz\/","title":{"rendered":"Burkhard Landers erh\u00e4lt Bundesverdienstkreuz"},"content":{"rendered":"\n<p><strong>Niederrhein. <\/strong>Unternehmerische Verantwortung f\u00fcr die Menschen und die Wirtschaft: Burkhard Landers erhielt am 12. Dezember f\u00fcr sein langj\u00e4hriges Engagement das Bundesverdienstkreuz. Die Auszeichnung \u00fcberreichte Regierungspr\u00e4sident Thomas Sch\u00fcrmann in der Niederrheinischen IHK. Dort war Landers als Pr\u00e4sident \u00fcber 13 Jahre lang die Stimme der regionalen Wirtschaft. Landrat Ingo Brohl, Kreis Wesel, und Duisburgs Oberb\u00fcrgermeister S\u00f6ren Link gratulierten pers\u00f6nlich \u2013 neben \u00fcber 50 weiteren G\u00e4sten aus Politik, Wirtschaft und Wissenschaft.<\/p>\n\n\n\n<p>\u201eBurkhard Landers steht f\u00fcr das, was unsere Gesellschaft stark macht: Verantwortung \u00fcbernehmen, anpacken, gestalten. Mit dem Bundesverdienstkreuz w\u00fcrdigt der Bundespr\u00e4sident eine Pers\u00f6nlichkeit, die sich in herausragender Weise f\u00fcr das Gemeinwohl einsetzt. Burkhard Landers ist ein Vorbild f\u00fcr unternehmerische Verantwortung. Daher freue ich mich sehr, dass ich diese Auszeichnung heute pers\u00f6nlich \u00fcbergeben darf\u201c, betont Regierungspr\u00e4sident Thomas Sch\u00fcrmann.<\/p>\n\n\n\n<p>Landers ist gesch\u00e4ftsf\u00fchrender Gesellschafter der Landers Unternehmensgruppe. Als langj\u00e4hriger Pr\u00e4sident der IHK hat er sich weit \u00fcber sein Unternehmen hinaus engagiert \u2013 f\u00fcr die Region, f\u00fcr junge Menschen, f\u00fcr den gesellschaftlichen Zusammenhalt. Besonders am Herzen liegt ihm die F\u00f6rderung benachteiligter Jugendlicher. So setzt er sich f\u00fcr das Duisburger Schulmodell ein, das Jugendlichen berufliche Perspektiven er\u00f6ffnet.<\/p>\n\n\n\n<p>Burkhard Landers: \u201eF\u00fcr diese Auszeichnung bin ich dankbar \u2013 und f\u00fcr die vielen Menschen, mit denen ich gemeinsam etwas bewegen durfte. Der Niederrhein ist meine Heimat. F\u00fcr ihn setze ich mich immer gerne ein.\u201c Das wei\u00df auch der amtierende IHK-Pr\u00e4sident zu sch\u00e4tzen: \u201eBurkhard Landers hat unsere IHK gepr\u00e4gt \u2013 mit Herz, Haltung und klarem Kompass. Sein langj\u00e4hriger Einsatz verdient h\u00f6chsten Respekt. Er ist ein Vorbild f\u00fcr unternehmerisches Engagement \u2013 und f\u00fcr das, was uns als Region ausmacht: Zusammenhalt, Verantwortung, Zukunftsorientierung\u201c, lobt Werner Schaurte-K\u00fcppers.<\/p>\n\n\n\n<p><strong>Landers pr\u00e4gt die IHK-Landschaft<\/strong><br>\u00dcber ein Jahrzehnt stand der 69-J\u00e4hrige an der Spitze der Niederrheinischen IHK. In dieser Zeit hat er die Interessen der Wirtschaft vertreten und Herausforderungen gemeistert: in der Corona-Krise, in wirtschaftlichen Krisenzeiten, bei der Ausbildung junger Menschen. Sein Credo: Wer unternehmerisch handelt, tr\u00e4gt auch Verantwortung f\u00fcr die Gesellschaft. Heute ist er Ehrenpr\u00e4sident der IHK. Sein Blick geht \u00fcber den Niederrhein hinaus. Das zeigt auch sein weiteres Engagement. So ist Landers auf Bundesebene in der Deutschen Industrie- und Handelskammer (DIHK) aktiv: ehemals als Vorsitzender des Umwelt- und Energieausschusses und im Vorstand. Seit 2023 ist seine Expertise im \u00c4ltestenrat der DIHK gefragt. Auch f\u00fcr Fachkr\u00e4fte setzt er sich ein. Als stellvertretender Vorsitzender der IHK FOSA (Foreign Skills Approval), N\u00fcrnberg, hat er die Anerkennung ausl\u00e4ndischer Berufsabschl\u00fcsse auf den Weg gebracht. In NRW hat er als Vizepr\u00e4sident von IHK NRW die Interessen der Wirtschaft im Land vertreten.<\/p>\n\n\n\n<p><strong>Br\u00fcckenbauer zwischen Wissenschaft und Wirtschaft<\/strong><br>H\u00f6rsaal, Werkhalle und B\u00fcros geh\u00f6ren zusammen, wei\u00df Burkhard Landers. Gemeinsam k\u00f6nnen Wirtschaft und Wissenschaft innovativ sein, Fachkr\u00e4fte und junge Talente f\u00f6rdern, den Standort gestalten. Seiner Initiative ist es zu verdanken, dass die Hochschule f\u00fcr \u00d6konomie und Management (FOM) seit 2013 ein Hochschulzentrum in seiner Heimatstadt Wesel errichtet hat. In f\u00fchrender Position st\u00e4rkte Landers die F\u00f6rdervereine der Universit\u00e4t Duisburg-Essen und der Hochschule Rhein-Waal.<\/p>\n\n\n\n<p><strong>Zum Bundesverdienstkreuz<\/strong><br>Das Verdienstkreuz am Bande des Verdienstordens der Bundesrepublik Deutschland, auch als Bundesverdienstkreuz bezeichnet, ist die h\u00f6chste Auszeichnung, die der Bundespr\u00e4sident Frank-Walter Steinmeier f\u00fcr Verdienste um das Gemeinwohl vergibt. Er wird f\u00fcr politische, wirtschaftlich-soziale und geistige Leistungen verliehen.<\/p>\n\n\n\n<p>Quelle: <a href=\"https:\/\/www.ihk.de\/niederrhein\/topnavigation\/presse\/pressemitteilungen\/pressemitteilungen-2025-neu\/pm-burkhard-landers-erhaelt-bundesverdienstkreuz-6842484\">Niederrheinische Industrie- und Handelskammer Duisburg-Wesel-Kleve zu Duisburg<\/a><\/p>\n\n\n<figure class=\"wp-block-post-featured-image\"><img loading=\"lazy\" decoding=\"async\" width=\"882\" height=\"588\" src=\"https:\/\/standort-niederrhein.de\/wp-content\/uploads\/2025\/12\/landers-bundesverdienstkreuz.jpg\" class=\"attachment-post-thumbnail size-post-thumbnail wp-post-image\" alt=\"\" style=\"object-fit:cover;\" srcset=\"https:\/\/standort-niederrhein.de\/wp-content\/uploads\/2025\/12\/landers-bundesverdienstkreuz.jpg 882w, https:\/\/standort-niederrhein.de\/wp-content\/uploads\/2025\/12\/landers-bundesverdienstkreuz-480x320.jpg 480w\" sizes=\"(min-width: 0px) and (max-width: 480px) 480px, (min-width: 481px) 882px, 100vw\" \/><\/figure>\n\n\n<p>Foto: Niederrheinische IHK\/ Jacqueline Wardeski<\/p>\n","protected":false},"excerpt":{"rendered":"<p>Niederrhein. Unternehmerische Verantwortung f\u00fcr die Menschen und die Wirtschaft: Burkhard Landers erhielt am 12. Dezember f\u00fcr sein langj\u00e4hriges Engagement das Bundesverdienstkreuz. Die Auszeichnung \u00fcberreichte Regierungspr\u00e4sident Thomas Sch\u00fcrmann in der Niederrheinischen IHK. Dort war Landers als Pr\u00e4sident \u00fcber 13 Jahre lang die Stimme der regionalen Wirtschaft. Landrat Ingo Brohl, Kreis Wesel, und Duisburgs Oberb\u00fcrgermeister S\u00f6ren Link [&hellip;]<\/p>\n","protected":false},"author":3,"featured_media":7144,"comment_status":"closed","ping_status":"closed","sticky":false,"template":"","format":"standard","meta":{"_et_pb_use_builder":"","_et_pb_old_content":"","_et_gb_content_width":"","footnotes":""},"categories":[1],"tags":[],"class_list":["post-7143","post","type-post","status-publish","format-standard","has-post-thumbnail","hentry","category-allgemein"],"_links":{"self":[{"href":"https:\/\/standort-niederrhein.de\/en\/wp-json\/wp\/v2\/posts\/7143","targetHints":{"allow":["GET"]}}],"collection":[{"href":"https:\/\/standort-niederrhein.de\/en\/wp-json\/wp\/v2\/posts"}],"about":[{"href":"https:\/\/standort-niederrhein.de\/en\/wp-json\/wp\/v2\/types\/post"}],"author":[{"embeddable":true,"href":"https:\/\/standort-niederrhein.de\/en\/wp-json\/wp\/v2\/users\/3"}],"replies":[{"embeddable":true,"href":"https:\/\/standort-niederrhein.de\/en\/wp-json\/wp\/v2\/comments?post=7143"}],"version-history":[{"count":1,"href":"https:\/\/standort-niederrhein.de\/en\/wp-json\/wp\/v2\/posts\/7143\/revisions"}],"predecessor-version":[{"id":7145,"href":"https:\/\/standort-niederrhein.de\/en\/wp-json\/wp\/v2\/posts\/7143\/revisions\/7145"}],"wp:featuredmedia":[{"embeddable":true,"href":"https:\/\/standort-niederrhein.de\/en\/wp-json\/wp\/v2\/media\/7144"}],"wp:attachment":[{"href":"https:\/\/standort-niederrhein.de\/en\/wp-json\/wp\/v2\/media?parent=7143"}],"wp:term":[{"taxonomy":"category","embeddable":true,"href":"https:\/\/standort-niederrhein.de\/en\/wp-json\/wp\/v2\/categories?post=7143"},{"taxonomy":"post_tag","embeddable":true,"href":"https:\/\/standort-niederrhein.de\/en\/wp-json\/wp\/v2\/tags?post=7143"}],"curies":[{"name":"wp","href":"https:\/\/api.w.org\/{rel}","templated":true}]}}