{"id":7140,"date":"2025-12-21T06:00:00","date_gmt":"2025-12-21T05:00:00","guid":{"rendered":"https:\/\/standort-niederrhein.de\/?p=7140"},"modified":"2025-12-16T11:52:05","modified_gmt":"2025-12-16T10:52:05","slug":"niederlaendische-delegation-informierte-sich-ueber-deutsche-verwaltungsstrukturen","status":"publish","type":"post","link":"https:\/\/standort-niederrhein.de\/en\/2025\/12\/21\/niederlaendische-delegation-informierte-sich-ueber-deutsche-verwaltungsstrukturen\/","title":{"rendered":"Niederl\u00e4ndische Delegation informierte sich \u00fcber deutsche Verwaltungsstrukturen"},"content":{"rendered":"\n<p><strong>Rhein-Kreis Neuss.<\/strong> Eine niederl\u00e4ndische Delegation mit B\u00fcrgermeisterinnen und B\u00fcrgermeistern und Ratsleuten aus den Provinzen Limburg, Noord-Brabant, S\u00fcdholland und Friesland sowie Verwaltungsfachleute der Vereinigung niederl\u00e4ndischer Gemeinden (VNG) war jetzt zu Gast im Kreishaus Neuss. Die G\u00e4ste informierten sich \u00fcber den Staatsaufbau in Deutschland und die Verwaltungsstrukturen des Rhein-Kreises Neuss.<\/p>\n\n\n\n<p>Landr\u00e4tin Katharina Reinhold betonte in ihrer Begr\u00fc\u00dfung, dass der Besuch das gro\u00dfe Interesse an einem partnerschaftlichen Austausch in der Region unterstreiche. Sie sagte: \u201eIch finde es beeindruckend, mit welch gro\u00dfem Engagement die grenz\u00fcberschreitende Zusammenarbeit in der Euregio Rhein-Maas-Nord mit Leben gef\u00fcllt wird. Diese Kooperation hat f\u00fcr uns eine herausragende Bedeutung. Wir bauen hierbei auf gewachsenen Strukturen und vielen positiven Erfahrungen auf.\u201c<\/p>\n\n\n\n<p>Den Impuls f\u00fcr das Treffen hatten Maike Hajjoubi, Gesch\u00e4ftsf\u00fchrerin der euregio rhein-maas-nord, und Jos Hessels, B\u00fcrgermeister der Gemeinde Echt-Susteren in der Provinz Limburg und Vorsitzender der VNG, gegeben. Ruth Harte, Leiterin des Europab\u00fcros des Rhein-Kreises Neuss, organisierte die Veranstaltung. Die niederl\u00e4ndischen G\u00e4ste informierten sich \u00fcber die Strukturen des Rhein-Kreises Neuss vor dem Hintergrund, dass in den Niederlanden eine kommunale Neugliederung im Gespr\u00e4ch ist.<\/p>\n\n\n\n<p>Nach einer Vorstellungsrunde erl\u00e4uterte <a>Bijan Djir-Sarai<\/a>, Dezernent und K\u00e4mmerer des Rhein-Kreises Neuss, den Staatsaufbau in Deutschland mit den Ebenen Bund, L\u00e4nder und Kommunen und f\u00fchrte in die Struktur des Kreises ein. Er blickte zur\u00fcck auf die die Entstehung des Rhein-Kreises Neuss im Zuge der kommunalen Neugliederung im Jahr 1975. Djir-Sarai hob den gro\u00dfen Stellenwert von interkommunaler Zusammenarbeit zum Beispiel bei der Digitalisierung hervor und nannte Beispiele f\u00fcr Kooperationen zwischen den Kommunen. Zudem ging er auf die Herausforderungen des Strukturwandels und der Energiewende ein sowie auf die angestrebte St\u00e4rkung von Bev\u00f6lkerungs- und Katastrophenschutz im Rhein-Kreis Neuss. Im Anschluss tauschten Gastgeber und G\u00e4ste sich in internen Gespr\u00e4chsrunden \u00fcber Verwaltungsstrukturen in den Niederlanden und Deutschland aus.<\/p>\n\n\n\n<p>Der Rhein-Kreis Neuss ist seit 1986 Mitglied in dem grenz\u00fcberschreitenden Zweckverband euregio rhein-maas-nord, einem Zusammenschluss von Kommunen und Industrie- und Handelskammern in der Region Niederrhein und in der Provinz Limburg.<\/p>\n\n\n\n<p>Quelle: <a href=\"http:\/\/www.rhein-kreis-neuss.de\">Rhein-Kreis Neuss<\/a><\/p>\n\n\n<figure class=\"wp-block-post-featured-image\"><img loading=\"lazy\" decoding=\"async\" width=\"2560\" height=\"1703\" src=\"https:\/\/standort-niederrhein.de\/wp-content\/uploads\/2025\/12\/Foto.BesuchDelegation-VNG.KreishausNeuss.08.12.2025-scaled.jpg\" class=\"attachment-post-thumbnail size-post-thumbnail wp-post-image\" alt=\"\" style=\"object-fit:cover;\" srcset=\"https:\/\/standort-niederrhein.de\/wp-content\/uploads\/2025\/12\/Foto.BesuchDelegation-VNG.KreishausNeuss.08.12.2025-scaled.jpg 2560w, https:\/\/standort-niederrhein.de\/wp-content\/uploads\/2025\/12\/Foto.BesuchDelegation-VNG.KreishausNeuss.08.12.2025-1280x852.jpg 1280w, https:\/\/standort-niederrhein.de\/wp-content\/uploads\/2025\/12\/Foto.BesuchDelegation-VNG.KreishausNeuss.08.12.2025-980x652.jpg 980w, https:\/\/standort-niederrhein.de\/wp-content\/uploads\/2025\/12\/Foto.BesuchDelegation-VNG.KreishausNeuss.08.12.2025-480x319.jpg 480w\" sizes=\"(min-width: 0px) and (max-width: 480px) 480px, (min-width: 481px) and (max-width: 980px) 980px, (min-width: 981px) and (max-width: 1280px) 1280px, (min-width: 1281px) 2560px, 100vw\" \/><\/figure>\n\n\n<p>Landr\u00e4tin Katharina Reinhold (5.v.l.) und Kreisdezernent Bijan Djir-Sarai (3.v.l.) begr\u00fc\u00dften die Delegation der Vereinigung niederl\u00e4ndischer Gemeinden im Kreishaus Neuss. | Foto: S. B\u00fcntig\/ Rhein-Kreis Neuss<\/p>\n","protected":false},"excerpt":{"rendered":"<p>Rhein-Kreis Neuss. Eine niederl\u00e4ndische Delegation mit B\u00fcrgermeisterinnen und B\u00fcrgermeistern und Ratsleuten aus den Provinzen Limburg, Noord-Brabant, S\u00fcdholland und Friesland sowie Verwaltungsfachleute der Vereinigung niederl\u00e4ndischer Gemeinden (VNG) war jetzt zu Gast im Kreishaus Neuss. Die G\u00e4ste informierten sich \u00fcber den Staatsaufbau in Deutschland und die Verwaltungsstrukturen des Rhein-Kreises Neuss. Landr\u00e4tin Katharina Reinhold betonte in ihrer Begr\u00fc\u00dfung, [&hellip;]<\/p>\n","protected":false},"author":3,"featured_media":7141,"comment_status":"closed","ping_status":"closed","sticky":false,"template":"","format":"standard","meta":{"_et_pb_use_builder":"","_et_pb_old_content":"","_et_gb_content_width":"","footnotes":""},"categories":[1],"tags":[],"class_list":["post-7140","post","type-post","status-publish","format-standard","has-post-thumbnail","hentry","category-allgemein"],"_links":{"self":[{"href":"https:\/\/standort-niederrhein.de\/en\/wp-json\/wp\/v2\/posts\/7140","targetHints":{"allow":["GET"]}}],"collection":[{"href":"https:\/\/standort-niederrhein.de\/en\/wp-json\/wp\/v2\/posts"}],"about":[{"href":"https:\/\/standort-niederrhein.de\/en\/wp-json\/wp\/v2\/types\/post"}],"author":[{"embeddable":true,"href":"https:\/\/standort-niederrhein.de\/en\/wp-json\/wp\/v2\/users\/3"}],"replies":[{"embeddable":true,"href":"https:\/\/standort-niederrhein.de\/en\/wp-json\/wp\/v2\/comments?post=7140"}],"version-history":[{"count":1,"href":"https:\/\/standort-niederrhein.de\/en\/wp-json\/wp\/v2\/posts\/7140\/revisions"}],"predecessor-version":[{"id":7142,"href":"https:\/\/standort-niederrhein.de\/en\/wp-json\/wp\/v2\/posts\/7140\/revisions\/7142"}],"wp:featuredmedia":[{"embeddable":true,"href":"https:\/\/standort-niederrhein.de\/en\/wp-json\/wp\/v2\/media\/7141"}],"wp:attachment":[{"href":"https:\/\/standort-niederrhein.de\/en\/wp-json\/wp\/v2\/media?parent=7140"}],"wp:term":[{"taxonomy":"category","embeddable":true,"href":"https:\/\/standort-niederrhein.de\/en\/wp-json\/wp\/v2\/categories?post=7140"},{"taxonomy":"post_tag","embeddable":true,"href":"https:\/\/standort-niederrhein.de\/en\/wp-json\/wp\/v2\/tags?post=7140"}],"curies":[{"name":"wp","href":"https:\/\/api.w.org\/{rel}","templated":true}]}}