{"id":7131,"date":"2025-12-17T06:00:00","date_gmt":"2025-12-17T05:00:00","guid":{"rendered":"https:\/\/standort-niederrhein.de\/?p=7131"},"modified":"2025-12-15T09:01:28","modified_gmt":"2025-12-15T08:01:28","slug":"foerderung-fuer-den-wasserstoff-hub-rkn-rheinland","status":"publish","type":"post","link":"https:\/\/standort-niederrhein.de\/en\/2025\/12\/17\/foerderung-fuer-den-wasserstoff-hub-rkn-rheinland\/","title":{"rendered":"F\u00f6rderung f\u00fcr den Wasserstoff-Hub RKN\/Rheinland"},"content":{"rendered":"\n<p><strong>Rhein-Kreis Neuss. <\/strong>Der Rhein-Kreis Neuss treibt die regionale Energiewende weiter voran und f\u00f6rdert den Wasserstoff-Hub RKN\/Rheinland mit rund 750 000 Euro. Die Unterst\u00fctzung ist auf f\u00fcnf Jahre angelegt und unterstreicht die zentrale Bedeutung der Wasserstoffwirtschaft f\u00fcr die industrielle Transformation und nachhaltige Standortentwicklung im Rhein-Kreis Neuss insbesondere vor dem Hintergrund des Strukturwandels im Rheinischen Revier.<\/p>\n\n\n\n<p>\u201eMit der langfristig angelegten Unterst\u00fctzung setzt der Kreis ein klares Signal f\u00fcr Innovation und Klimaschutz\u201c, hie\u00df es bei der \u00dcbergabe des F\u00f6rderbescheids von Landr\u00e4tin Katharina Reinhold und Kreisdirektor Dirk Br\u00fcgge an Dr. Dieter Ostermann, den Vorstandsvorsitzenden des Wasserstoff-Hubs, im Blauen Salon des Grevenbroicher St\u00e4ndehauses. Der Hub soll seine Rolle als zentrale Plattform f\u00fcr Unternehmen, Wissenschaft, Kommunen und Energieakteure weiter ausbauen. Ziel ist es, die Nutzung von Wasserstoff im industriellen, gewerblichen und kommunalen Umfeld deutlich voranzutreiben.<\/p>\n\n\n\n<p>\u201eDie Wasserstoffwirtschaft ist einer der wichtigsten Bausteine f\u00fcr eine klimaneutrale Zukunft und das Gelingen des Strukturwandels im Rhein-Kreis Neuss. Mit der F\u00f6rderung st\u00e4rken wir bewusst unsere regionale Innovationskraft und unterst\u00fctzen den Wasserstoff-Hub darin, Projekte, Wissen und Akteure noch besser zu vernetzen\u201c, so Landr\u00e4tin Reinhold. Kreisdirektor Br\u00fcgge erg\u00e4nzt: \u201eDer Rhein-Kreis Neuss hat die Potenziale der Wasserstoffnutzung erkannt und \u00fcbernimmt mit seiner F\u00f6rderung Verantwortung, um die Transformation aktiv mitzugestalten.\u201c<\/p>\n\n\n\n<p>Auch der Vorstandsvorsitzende Ostermann begr\u00fc\u00dft die F\u00f6rderung: \u201eDie Unterst\u00fctzung durch den Rhein-Kreis Neuss ist ein entscheidender Schritt f\u00fcr die Weiterentwicklung unserer Arbeit. Sie erm\u00f6glicht es uns, die regionale Wasserstoffwirtschaft noch gezielter zu st\u00e4rken und innovative Projekte voranzubringen. Gemeinsam mit unseren Partnern wollen wir den Transformationsprozess der lokalen Industrie begleiten und den Rhein-Kreis Neuss als f\u00fchrende Wasserstoffregion weiter etablieren.\u201c<\/p>\n\n\n\n<p>Der Rhein-Kreis Neuss f\u00fchrt mit der F\u00f6rderung des Wasserstoff-Hub RKN\/Rheinland, eines eingetragenen Vereins, die intensiven Bem\u00fchungen zur Entwicklung einer leistungsf\u00e4higen Wasserstoffinfrastruktur fort. Mit einer im Januar pr\u00e4sentierten Roadmap f\u00fcr den Rhein-Kreis Neuss wurden Strategien und Konzepte zur Nutzung von gr\u00fcnem Wasserstoff erarbeitet.<\/p>\n\n\n\n<p>Die F\u00f6rderung des Wasserstoff-Hub RKN\/Rheinland unterst\u00fctzt die Umsetzung der Handlungsempfehlungen. Er wird mit der Finanzspritze in die Lage versetzt, seine regionalen Koordinations-, Informations- und Transfert\u00e4tigkeiten weiter auszubauen. Zudem soll der Hub als Schnittstelle zu Landes- und Bundesinitiativen fungieren und die Sichtbarkeit der Region als Wasserstoffstandort weiter st\u00e4rken.<\/p>\n\n\n\n<p>Quelle: <a href=\"http:\/\/www.rhein-kreis-neuss.de\">Rhein-Kreis Neuss<\/a><\/p>\n\n\n<figure class=\"wp-block-post-featured-image\"><img loading=\"lazy\" decoding=\"async\" width=\"2560\" height=\"1706\" src=\"https:\/\/standort-niederrhein.de\/wp-content\/uploads\/2025\/12\/RKN-Uebergabe-Foerderbescheid-Wasserstoff-Hub-0746-scaled.jpg\" class=\"attachment-post-thumbnail size-post-thumbnail wp-post-image\" alt=\"\" style=\"object-fit:cover;\" srcset=\"https:\/\/standort-niederrhein.de\/wp-content\/uploads\/2025\/12\/RKN-Uebergabe-Foerderbescheid-Wasserstoff-Hub-0746-scaled.jpg 2560w, https:\/\/standort-niederrhein.de\/wp-content\/uploads\/2025\/12\/RKN-Uebergabe-Foerderbescheid-Wasserstoff-Hub-0746-1280x853.jpg 1280w, https:\/\/standort-niederrhein.de\/wp-content\/uploads\/2025\/12\/RKN-Uebergabe-Foerderbescheid-Wasserstoff-Hub-0746-980x653.jpg 980w, https:\/\/standort-niederrhein.de\/wp-content\/uploads\/2025\/12\/RKN-Uebergabe-Foerderbescheid-Wasserstoff-Hub-0746-480x320.jpg 480w\" sizes=\"(min-width: 0px) and (max-width: 480px) 480px, (min-width: 481px) and (max-width: 980px) 980px, (min-width: 981px) and (max-width: 1280px) 1280px, (min-width: 1281px) 2560px, 100vw\" \/><\/figure>\n\n\n<p>Rhein-Kreis Neuss f\u00f6rdert Wasserstoff-Hub (von links): Kreisdirektor Dirk Br\u00fcgge, Vorstandsvorsitzender Dr. Dieter Ostermann und Landr\u00e4tin Katharina Reinhold. | Foto: W. Walter\/ Rhein-Kreis Neuss<\/p>\n","protected":false},"excerpt":{"rendered":"<p>Rhein-Kreis Neuss. Der Rhein-Kreis Neuss treibt die regionale Energiewende weiter voran und f\u00f6rdert den Wasserstoff-Hub RKN\/Rheinland mit rund 750 000 Euro. Die Unterst\u00fctzung ist auf f\u00fcnf Jahre angelegt und unterstreicht die zentrale Bedeutung der Wasserstoffwirtschaft f\u00fcr die industrielle Transformation und nachhaltige Standortentwicklung im Rhein-Kreis Neuss insbesondere vor dem Hintergrund des Strukturwandels im Rheinischen Revier. \u201eMit [&hellip;]<\/p>\n","protected":false},"author":3,"featured_media":7132,"comment_status":"closed","ping_status":"closed","sticky":false,"template":"","format":"standard","meta":{"_et_pb_use_builder":"","_et_pb_old_content":"","_et_gb_content_width":"","footnotes":""},"categories":[1],"tags":[],"class_list":["post-7131","post","type-post","status-publish","format-standard","has-post-thumbnail","hentry","category-allgemein"],"_links":{"self":[{"href":"https:\/\/standort-niederrhein.de\/en\/wp-json\/wp\/v2\/posts\/7131","targetHints":{"allow":["GET"]}}],"collection":[{"href":"https:\/\/standort-niederrhein.de\/en\/wp-json\/wp\/v2\/posts"}],"about":[{"href":"https:\/\/standort-niederrhein.de\/en\/wp-json\/wp\/v2\/types\/post"}],"author":[{"embeddable":true,"href":"https:\/\/standort-niederrhein.de\/en\/wp-json\/wp\/v2\/users\/3"}],"replies":[{"embeddable":true,"href":"https:\/\/standort-niederrhein.de\/en\/wp-json\/wp\/v2\/comments?post=7131"}],"version-history":[{"count":1,"href":"https:\/\/standort-niederrhein.de\/en\/wp-json\/wp\/v2\/posts\/7131\/revisions"}],"predecessor-version":[{"id":7133,"href":"https:\/\/standort-niederrhein.de\/en\/wp-json\/wp\/v2\/posts\/7131\/revisions\/7133"}],"wp:featuredmedia":[{"embeddable":true,"href":"https:\/\/standort-niederrhein.de\/en\/wp-json\/wp\/v2\/media\/7132"}],"wp:attachment":[{"href":"https:\/\/standort-niederrhein.de\/en\/wp-json\/wp\/v2\/media?parent=7131"}],"wp:term":[{"taxonomy":"category","embeddable":true,"href":"https:\/\/standort-niederrhein.de\/en\/wp-json\/wp\/v2\/categories?post=7131"},{"taxonomy":"post_tag","embeddable":true,"href":"https:\/\/standort-niederrhein.de\/en\/wp-json\/wp\/v2\/tags?post=7131"}],"curies":[{"name":"wp","href":"https:\/\/api.w.org\/{rel}","templated":true}]}}