{"id":7122,"date":"2025-12-15T07:00:00","date_gmt":"2025-12-15T06:00:00","guid":{"rendered":"https:\/\/standort-niederrhein.de\/?p=7122"},"modified":"2025-12-15T08:47:44","modified_gmt":"2025-12-15T07:47:44","slug":"stadtdirektor-markus-schoen-im-stadtrat-wiedergewaehlt","status":"publish","type":"post","link":"https:\/\/standort-niederrhein.de\/en\/2025\/12\/15\/stadtdirektor-markus-schoen-im-stadtrat-wiedergewaehlt\/","title":{"rendered":"Stadtdirektor Markus Sch\u00f6n im Stadtrat wiedergew\u00e4hlt"},"content":{"rendered":"\n<p><strong>Krefeld. <\/strong>Der Rat der Stadt Krefeld hat in seiner Sitzung den Beigeordneten Markus Sch\u00f6n f\u00fcr acht Jahre wiedergew\u00e4hlt \u2013 vom 12. Mai 2026 bis zum 11. Mai 2034. In einem zweiten Wahlgang erfolgte auch seine Wiederwahl zum Stadtdirektor und damit zum Stellvertreter des Oberb\u00fcrgermeisters. Zu Markus Sch\u00f6ns Gesch\u00e4ftsbereich IV der Krefelder Verwaltung geh\u00f6ren die Fachbereiche Schule, P\u00e4dagogischer und Psychologischer Dienst, Jugendhilfe und Besch\u00e4ftigungsf\u00f6rderung, Sport und B\u00e4der, Migration und Integration sowie die Volkshochschule. Das Dezernat umfasst circa 1.440 Mitarbeitende. Als kommunale<br>Wahlbeamte werden die Beigeordneten der Stadt Krefeld f\u00fcr die Dauer von acht Jahren gew\u00e4hlt.<\/p>\n\n\n\n<p>Der 46-j\u00e4hrige M\u00fcnchener Markus Sch\u00f6n ist im April 2017 als Leiter des Fachbereichs Jugendhilfe zur Stadtverwaltung Krefeld gewechselt. In der bayrischen Landeshauptstadt war er zuvor unter anderem Leiter der Abteilung Kommunale Altenhilfe, sp\u00e4ter kommissarischer Amtsleiter im Stadtjugendamt. Im April 2018 hatte der Stadtrat Markus Sch\u00f6n zum Beigeordneten des damals neu gebildeten Dezernats f\u00fcr Bildung, Jugend, Sport, Migration und Integration gew\u00e4hlt.<\/p>\n\n\n\n<p>Quelle: <a href=\"http:\/\/www.krefeld.de\">Stadt Krefeld<\/a><\/p>\n\n\n<figure class=\"wp-block-post-featured-image\"><img loading=\"lazy\" decoding=\"async\" width=\"1200\" height=\"675\" src=\"https:\/\/standort-niederrhein.de\/wp-content\/uploads\/2025\/12\/ratssitzung-wiedrwahl-stadtdirektor-2025-1200.jpg\" class=\"attachment-post-thumbnail size-post-thumbnail wp-post-image\" alt=\"\" style=\"object-fit:cover;\" srcset=\"https:\/\/standort-niederrhein.de\/wp-content\/uploads\/2025\/12\/ratssitzung-wiedrwahl-stadtdirektor-2025-1200.jpg 1200w, https:\/\/standort-niederrhein.de\/wp-content\/uploads\/2025\/12\/ratssitzung-wiedrwahl-stadtdirektor-2025-1200-980x551.jpg 980w, https:\/\/standort-niederrhein.de\/wp-content\/uploads\/2025\/12\/ratssitzung-wiedrwahl-stadtdirektor-2025-1200-480x270.jpg 480w\" sizes=\"(min-width: 0px) and (max-width: 480px) 480px, (min-width: 481px) and (max-width: 980px) 980px, (min-width: 981px) 1200px, 100vw\" \/><\/figure>\n\n\n<p>Markus Sch\u00f6n wurde vom Rat der Stadt Krefeld f\u00fcr weitere acht Jahre als Stadtdirektor und Beigeordneter gew\u00e4hlt. Zu den ersten Gratulanten geh\u00f6rte Oberb\u00fcrgermeister Frank Meyer. | Foto: Stadt Krefeld, Presse und Kommunikation, A. Bischof<\/p>\n","protected":false},"excerpt":{"rendered":"<p>Krefeld. Der Rat der Stadt Krefeld hat in seiner Sitzung den Beigeordneten Markus Sch\u00f6n f\u00fcr acht Jahre wiedergew\u00e4hlt \u2013 vom 12. Mai 2026 bis zum 11. Mai 2034. In einem zweiten Wahlgang erfolgte auch seine Wiederwahl zum Stadtdirektor und damit zum Stellvertreter des Oberb\u00fcrgermeisters. Zu Markus Sch\u00f6ns Gesch\u00e4ftsbereich IV der Krefelder Verwaltung geh\u00f6ren die Fachbereiche [&hellip;]<\/p>\n","protected":false},"author":3,"featured_media":7123,"comment_status":"closed","ping_status":"closed","sticky":false,"template":"","format":"standard","meta":{"_et_pb_use_builder":"","_et_pb_old_content":"","_et_gb_content_width":"","footnotes":""},"categories":[1],"tags":[],"class_list":["post-7122","post","type-post","status-publish","format-standard","has-post-thumbnail","hentry","category-allgemein"],"_links":{"self":[{"href":"https:\/\/standort-niederrhein.de\/en\/wp-json\/wp\/v2\/posts\/7122","targetHints":{"allow":["GET"]}}],"collection":[{"href":"https:\/\/standort-niederrhein.de\/en\/wp-json\/wp\/v2\/posts"}],"about":[{"href":"https:\/\/standort-niederrhein.de\/en\/wp-json\/wp\/v2\/types\/post"}],"author":[{"embeddable":true,"href":"https:\/\/standort-niederrhein.de\/en\/wp-json\/wp\/v2\/users\/3"}],"replies":[{"embeddable":true,"href":"https:\/\/standort-niederrhein.de\/en\/wp-json\/wp\/v2\/comments?post=7122"}],"version-history":[{"count":1,"href":"https:\/\/standort-niederrhein.de\/en\/wp-json\/wp\/v2\/posts\/7122\/revisions"}],"predecessor-version":[{"id":7124,"href":"https:\/\/standort-niederrhein.de\/en\/wp-json\/wp\/v2\/posts\/7122\/revisions\/7124"}],"wp:featuredmedia":[{"embeddable":true,"href":"https:\/\/standort-niederrhein.de\/en\/wp-json\/wp\/v2\/media\/7123"}],"wp:attachment":[{"href":"https:\/\/standort-niederrhein.de\/en\/wp-json\/wp\/v2\/media?parent=7122"}],"wp:term":[{"taxonomy":"category","embeddable":true,"href":"https:\/\/standort-niederrhein.de\/en\/wp-json\/wp\/v2\/categories?post=7122"},{"taxonomy":"post_tag","embeddable":true,"href":"https:\/\/standort-niederrhein.de\/en\/wp-json\/wp\/v2\/tags?post=7122"}],"curies":[{"name":"wp","href":"https:\/\/api.w.org\/{rel}","templated":true}]}}