{"id":7117,"date":"2025-12-13T06:00:00","date_gmt":"2025-12-13T05:00:00","guid":{"rendered":"https:\/\/standort-niederrhein.de\/?p=7117"},"modified":"2025-12-11T07:47:32","modified_gmt":"2025-12-11T06:47:32","slug":"christian-pakusch-mitglied-im-wichtigsten-gremium-des-deutschen-staedtetages","status":"publish","type":"post","link":"https:\/\/standort-niederrhein.de\/en\/2025\/12\/13\/christian-pakusch-mitglied-im-wichtigsten-gremium-des-deutschen-staedtetages\/","title":{"rendered":"Christian Pakusch  Mitglied im wichtigsten Gremium des Deutschen St\u00e4dtetages"},"content":{"rendered":"\n<p><strong>Willich.<\/strong> B\u00fcrgermeister Christian Pakusch wurde vom Vorstand des\u00a0St\u00e4dtetages Nordrhein-Westfalen\u00a0zum ordentlichen Mitglied im Hauptausschuss des Deutschen St\u00e4dtetages benannt. Im wichtigsten Gremium des\u00a0Deutschen St\u00e4dtetages<a href=\"https:\/\/www.staedtetag.de\/\">\u00a0<\/a>ist er damit einer von 21 nordrhein-westf\u00e4lischen Vertretern.<\/p>\n\n\n\n<p>\u201eEs ist f\u00fcr mich eine besondere Auszeichnung und eine gro\u00dfe Ehre zu Beginn meiner zweiten Amtszeit Mitglied in diesem wichtigen Gremium zu sein. Ich m\u00f6chte meine Expertise und mein Wissen aus den vielen Jahren in der Kommunalpolitik auch in diesem Spitzenverband in Berlin einbringen\u201c, so Pakusch.\u00a0\u201eWillich ist eine von 626 Mittelst\u00e4dten in Deutschland und ich freue mich darauf, die Rolle der Mittelst\u00e4dte mit meiner Stimme im Gremium zu st\u00e4rken.\u201c<\/p>\n\n\n\n<p>Im Deutschen St\u00e4dtetag haben sich rund 3.200 St\u00e4dte und Gemeinden mit rund 54 Millionen Einwohnern zusammengeschlossen. Rund 200 St\u00e4dte sind unmittelbare Mitglieder. Die anderen St\u00e4dte geh\u00f6ren dem Deutschen St\u00e4dtetag \u00fcber seine Mitgliedsverb\u00e4nde mittelbar an. Hinzu kommen 13 h\u00f6here Kommunalverb\u00e4nde, Regional- und Fachverb\u00e4nde als au\u00dferordentliche Mitglieder.<\/p>\n\n\n\n<p>Der Deutsche St\u00e4dtetag vertritt die Interessen aller kreisfreien und der meisten kreisangeh\u00f6rigen St\u00e4dte gegen\u00fcber der Bundesregierung, dem Bundestag, dem Bundesrat, der Europ\u00e4ischen Union und zahlreichen Organisationen.<\/p>\n\n\n\n<p>Quelle: <a href=\"https:\/\/www.stadt-willich.de\/service\/aktuelle-meldungen\/buergermeister-hauptausschuss-berufen\">Stadt Willich<\/a><\/p>\n\n\n<figure class=\"wp-block-post-featured-image\"><img loading=\"lazy\" decoding=\"async\" width=\"1090\" height=\"727\" src=\"https:\/\/standort-niederrhein.de\/wp-content\/uploads\/2025\/12\/Foto-2025.jpg.webp\" class=\"attachment-post-thumbnail size-post-thumbnail wp-post-image\" alt=\"\" style=\"object-fit:cover;\" srcset=\"https:\/\/standort-niederrhein.de\/wp-content\/uploads\/2025\/12\/Foto-2025.jpg.webp 1090w, https:\/\/standort-niederrhein.de\/wp-content\/uploads\/2025\/12\/Foto-2025.jpg-980x654.webp 980w, https:\/\/standort-niederrhein.de\/wp-content\/uploads\/2025\/12\/Foto-2025.jpg-480x320.webp 480w\" sizes=\"(min-width: 0px) and (max-width: 480px) 480px, (min-width: 481px) and (max-width: 980px) 980px, (min-width: 981px) 1090px, 100vw\" \/><\/figure>\n\n\n<p>B\u00fcrgermeister Christian Pakusch | Foto: Gebhard B\u00fccker<\/p>\n","protected":false},"excerpt":{"rendered":"<p>Willich. B\u00fcrgermeister Christian Pakusch wurde vom Vorstand des\u00a0St\u00e4dtetages Nordrhein-Westfalen\u00a0zum ordentlichen Mitglied im Hauptausschuss des Deutschen St\u00e4dtetages benannt. Im wichtigsten Gremium des\u00a0Deutschen St\u00e4dtetages\u00a0ist er damit einer von 21 nordrhein-westf\u00e4lischen Vertretern. \u201eEs ist f\u00fcr mich eine besondere Auszeichnung und eine gro\u00dfe Ehre zu Beginn meiner zweiten Amtszeit Mitglied in diesem wichtigen Gremium zu sein. Ich m\u00f6chte meine [&hellip;]<\/p>\n","protected":false},"author":3,"featured_media":7118,"comment_status":"closed","ping_status":"closed","sticky":false,"template":"","format":"standard","meta":{"_et_pb_use_builder":"","_et_pb_old_content":"","_et_gb_content_width":"","footnotes":""},"categories":[1],"tags":[],"class_list":["post-7117","post","type-post","status-publish","format-standard","has-post-thumbnail","hentry","category-allgemein"],"_links":{"self":[{"href":"https:\/\/standort-niederrhein.de\/en\/wp-json\/wp\/v2\/posts\/7117","targetHints":{"allow":["GET"]}}],"collection":[{"href":"https:\/\/standort-niederrhein.de\/en\/wp-json\/wp\/v2\/posts"}],"about":[{"href":"https:\/\/standort-niederrhein.de\/en\/wp-json\/wp\/v2\/types\/post"}],"author":[{"embeddable":true,"href":"https:\/\/standort-niederrhein.de\/en\/wp-json\/wp\/v2\/users\/3"}],"replies":[{"embeddable":true,"href":"https:\/\/standort-niederrhein.de\/en\/wp-json\/wp\/v2\/comments?post=7117"}],"version-history":[{"count":1,"href":"https:\/\/standort-niederrhein.de\/en\/wp-json\/wp\/v2\/posts\/7117\/revisions"}],"predecessor-version":[{"id":7119,"href":"https:\/\/standort-niederrhein.de\/en\/wp-json\/wp\/v2\/posts\/7117\/revisions\/7119"}],"wp:featuredmedia":[{"embeddable":true,"href":"https:\/\/standort-niederrhein.de\/en\/wp-json\/wp\/v2\/media\/7118"}],"wp:attachment":[{"href":"https:\/\/standort-niederrhein.de\/en\/wp-json\/wp\/v2\/media?parent=7117"}],"wp:term":[{"taxonomy":"category","embeddable":true,"href":"https:\/\/standort-niederrhein.de\/en\/wp-json\/wp\/v2\/categories?post=7117"},{"taxonomy":"post_tag","embeddable":true,"href":"https:\/\/standort-niederrhein.de\/en\/wp-json\/wp\/v2\/tags?post=7117"}],"curies":[{"name":"wp","href":"https:\/\/api.w.org\/{rel}","templated":true}]}}