{"id":7103,"date":"2025-12-11T06:00:00","date_gmt":"2025-12-11T05:00:00","guid":{"rendered":"https:\/\/standort-niederrhein.de\/?p=7103"},"modified":"2025-12-09T10:33:08","modified_gmt":"2025-12-09T09:33:08","slug":"rhein-kreis-neuss-uebergibt-foerderbescheid-fuer-den-sozialen-wohnungsbau-in-kaarst","status":"publish","type":"post","link":"https:\/\/standort-niederrhein.de\/en\/2025\/12\/11\/rhein-kreis-neuss-uebergibt-foerderbescheid-fuer-den-sozialen-wohnungsbau-in-kaarst\/","title":{"rendered":"Rhein-Kreis Neuss \u00fcbergibt F\u00f6rderbescheid f\u00fcr den sozialen Wohnungsbau in Kaarst"},"content":{"rendered":"\n<p><strong>Rhein-Kreis Neuss. <\/strong>Der Rhein-Kreis Neuss gibt R\u00fcckenwind f\u00fcr den sozialen Wohnungsbau in Kaarst. Landr\u00e4tin Katharina Reinhold und Kreisdirektor Dirk Br\u00fcgge \u00fcbergaben jetzt einen F\u00f6rderbescheid an die Kommunale Wohnraumversorgung Kaarst eG, die die Stadt Kaarst, die Service- und Koordinierungsgesellschaft f\u00fcr preisg\u00fcnstigen und bezahlbaren Wohnraum Rhein-Kreis Neuss mbh sowie die Pyramis Immobilien Entwicklungs GmbH gegr\u00fcndet haben. Konkret geht es um ein neues Mehrfamilienhaus an der Ecke Humboldt-\/Neersener Stra\u00dfe, f\u00fcr das es die Landesf\u00f6rderung gibt, die der Kreis bewilligt hat.<\/p>\n\n\n\n<p>Kaarsts B\u00fcrgermeister Christian Horn-Heinemann und K\u00e4mmerer Dr. Sebastian Semmler nahmen den F\u00f6rderbescheid mit einer Darlehensh\u00f6he von 5,81 Millionen Euro gemeinsam mit Michael Kirchner und G\u00fcnter Koslowski von Pyramis entgegen. Die Firma ist strategischer Partner des Rhein-Kreises Neuss bei der Schaffung von preisg\u00fcnstigem Wohnraum und hat die Gesch\u00e4ftsf\u00fchrung der Service- und Koordinierungsgesellschaft inne.<\/p>\n\n\n\n<p>Das neue Mehrfamilienhaus in Kaarst bekommt eine Holzfassade und zudem eine hohen Anteil Holzinnenw\u00e4nde. Es entstehen 21 Wohneinheiten in einer Gr\u00f6\u00dfe von 51 bis 94 Quadratmeter. Ihre Gesamtfl\u00e4che wird rund 1500 Quadratmeter umfassen. Das Projekt kostet etwa acht Millionen Euro. Der Baustart ist Anfang 2026 geplant, die Fertigstellung im Fr\u00fchjahr 2027.<\/p>\n\n\n\n<p>Quelle: <a href=\"http:\/\/www.rhein-kreis-neuss.de\">Rhein-Kreis Neuss<\/a><\/p>\n\n\n<figure class=\"wp-block-post-featured-image\"><img loading=\"lazy\" decoding=\"async\" width=\"1080\" height=\"606\" src=\"https:\/\/standort-niederrhein.de\/wp-content\/uploads\/2025\/12\/251209-rhein-kreis-neuss-uebergibt-foerderbescheid-fuer-den-sozialen-wohnungsbau-in-kaarst.jpg\" class=\"attachment-post-thumbnail size-post-thumbnail wp-post-image\" alt=\"\" style=\"object-fit:cover;\" srcset=\"https:\/\/standort-niederrhein.de\/wp-content\/uploads\/2025\/12\/251209-rhein-kreis-neuss-uebergibt-foerderbescheid-fuer-den-sozialen-wohnungsbau-in-kaarst.jpg 1080w, https:\/\/standort-niederrhein.de\/wp-content\/uploads\/2025\/12\/251209-rhein-kreis-neuss-uebergibt-foerderbescheid-fuer-den-sozialen-wohnungsbau-in-kaarst-980x550.jpg 980w, https:\/\/standort-niederrhein.de\/wp-content\/uploads\/2025\/12\/251209-rhein-kreis-neuss-uebergibt-foerderbescheid-fuer-den-sozialen-wohnungsbau-in-kaarst-480x269.jpg 480w\" sizes=\"(min-width: 0px) and (max-width: 480px) 480px, (min-width: 481px) and (max-width: 980px) 980px, (min-width: 981px) 1080px, 100vw\" \/><\/figure>\n\n\n<p>F\u00f6rderbescheid f\u00fcr den sozialen Wohnungsbau (von links): Dirk Br\u00fcgge, Michael Kirchner, Landr\u00e4tin Katharina Reinhold, Dr. Sebastian Semmler, Christian Horn-Heinemann und G\u00fcnter Koslowski. | Foto: D. Staniek\/ Rhein-Kreis Neuss<\/p>\n","protected":false},"excerpt":{"rendered":"<p>Rhein-Kreis Neuss. Der Rhein-Kreis Neuss gibt R\u00fcckenwind f\u00fcr den sozialen Wohnungsbau in Kaarst. Landr\u00e4tin Katharina Reinhold und Kreisdirektor Dirk Br\u00fcgge \u00fcbergaben jetzt einen F\u00f6rderbescheid an die Kommunale Wohnraumversorgung Kaarst eG, die die Stadt Kaarst, die Service- und Koordinierungsgesellschaft f\u00fcr preisg\u00fcnstigen und bezahlbaren Wohnraum Rhein-Kreis Neuss mbh sowie die Pyramis Immobilien Entwicklungs GmbH gegr\u00fcndet haben. Konkret [&hellip;]<\/p>\n","protected":false},"author":3,"featured_media":7104,"comment_status":"closed","ping_status":"closed","sticky":false,"template":"","format":"standard","meta":{"_et_pb_use_builder":"","_et_pb_old_content":"","_et_gb_content_width":"","footnotes":""},"categories":[1],"tags":[],"class_list":["post-7103","post","type-post","status-publish","format-standard","has-post-thumbnail","hentry","category-allgemein"],"_links":{"self":[{"href":"https:\/\/standort-niederrhein.de\/en\/wp-json\/wp\/v2\/posts\/7103","targetHints":{"allow":["GET"]}}],"collection":[{"href":"https:\/\/standort-niederrhein.de\/en\/wp-json\/wp\/v2\/posts"}],"about":[{"href":"https:\/\/standort-niederrhein.de\/en\/wp-json\/wp\/v2\/types\/post"}],"author":[{"embeddable":true,"href":"https:\/\/standort-niederrhein.de\/en\/wp-json\/wp\/v2\/users\/3"}],"replies":[{"embeddable":true,"href":"https:\/\/standort-niederrhein.de\/en\/wp-json\/wp\/v2\/comments?post=7103"}],"version-history":[{"count":1,"href":"https:\/\/standort-niederrhein.de\/en\/wp-json\/wp\/v2\/posts\/7103\/revisions"}],"predecessor-version":[{"id":7105,"href":"https:\/\/standort-niederrhein.de\/en\/wp-json\/wp\/v2\/posts\/7103\/revisions\/7105"}],"wp:featuredmedia":[{"embeddable":true,"href":"https:\/\/standort-niederrhein.de\/en\/wp-json\/wp\/v2\/media\/7104"}],"wp:attachment":[{"href":"https:\/\/standort-niederrhein.de\/en\/wp-json\/wp\/v2\/media?parent=7103"}],"wp:term":[{"taxonomy":"category","embeddable":true,"href":"https:\/\/standort-niederrhein.de\/en\/wp-json\/wp\/v2\/categories?post=7103"},{"taxonomy":"post_tag","embeddable":true,"href":"https:\/\/standort-niederrhein.de\/en\/wp-json\/wp\/v2\/tags?post=7103"}],"curies":[{"name":"wp","href":"https:\/\/api.w.org\/{rel}","templated":true}]}}