{"id":7097,"date":"2025-12-09T06:00:00","date_gmt":"2025-12-09T05:00:00","guid":{"rendered":"https:\/\/standort-niederrhein.de\/?p=7097"},"modified":"2025-12-08T12:41:28","modified_gmt":"2025-12-08T11:41:28","slug":"legal-tech-unternehmen-und-digitalkanzlei-verlagern-zentrale-nach-rheydt","status":"publish","type":"post","link":"https:\/\/standort-niederrhein.de\/en\/2025\/12\/09\/legal-tech-unternehmen-und-digitalkanzlei-verlagern-zentrale-nach-rheydt\/","title":{"rendered":"Legal-Tech-Unternehmen und Digitalkanzlei verlagern Zentrale nach  Rheydt"},"content":{"rendered":"\n<p><strong>M\u00f6nchengladbach.<\/strong> KREMER LEGAL siedelt von der Domstadt in die Vitusstadt um und b\u00fcndelt zugleich die Kompetenzen im Bereich von Legal Tech und K\u00fcnstlicher Intelligenz im neuen Empfangsgeb\u00e4ude des Rheydter Hauptbahnhofs. Damit gelingt der Wirtschaftsf\u00f6rderung M\u00f6nchengladbach (WFMG) die Ansiedlung zahlreicher wissensintensiver Arbeitspl\u00e4tze. Zum Einsatz kommen dabei auch F\u00f6rdermittel aus dem Regionalen Wirtschaftsf\u00f6rderungsprogramm (RWP).<\/p>\n\n\n\n<p>Ansiedeln werden sich in dem von der st\u00e4dtischen Entwicklungsgesellschaft (EWMG) errichteten Geb\u00e4ude konkret die Unternehmen KREMER LEGAL TECH &amp; OPERATIONS GmbH (KLTO), KREMER DATA &amp; AI MANAGEMENT GmbH (KDAI) sowie die zugeh\u00f6rige Rechtsanwaltskanzlei KREMER LEGAL. Sie befassen sich in ihrem jeweiligen Gesch\u00e4ftsbereich insbesondere mit Datenrecht, Digitaltechnologien und dem Einsatz von K\u00fcnstlicher Intelligenz in Wirtschaftsunternehmen und werden hierzu ein umfangreiches Beratungs- und Softwareangebot anbieten. Aufgrund des prognostizierten Wachstums mieten die Gesellschaften die gesamte 3. B\u00fcroetage mit 524 Quadratmetern an. Auch f\u00fcr die 2. Etage mit rund 631 Quadratmetern gibt es ein konkretes Anmietungsinteresse. Aktuell laufen die Verhandlungen. \u201eDas sind gute Nachrichten\u201c, sagt Dr. Ulrich Sch\u00fcckhaus, Vorsitzender von EWMG- und WFMG-Gesch\u00e4ftsf\u00fchrung. \u201eEs ist uns gelungen, mit KREMER LEGAL einen hervorragenden Nutzer f\u00fcr dieses besondere Geb\u00e4ude zu gewinnen.\u201c<\/p>\n\n\n\n<p>KREMER LEGAL startete einst als Rechtsanwalts-Boutique im IT- und Datenschutzrecht, die bei Beratungsgegenstand und Unternehmenskultur mehrfach pr\u00e4miert neue Wege geht. Heute ist die Kanzlei auf bereits 25 Personen gewachsen und stellt mit einem integrierten Dienstleistungsansatz die Rechtsgebiete der Zukunft in den Mittelpunkt der Beratung. Die KREMER LEGAL TECH &amp; OPERATIONS GmbH ist demgegen\u00fcber ab sofort das Expertenteam f\u00fcr die digitale Transformation in Rechts-, Compliance- und Datenschutzabteilungen. Das Portfolio umfasst neben fertigen Legal-Tech-L\u00f6sungen, Managementsystemen und KI-L\u00f6sungen auch ma\u00dfgeschneiderte Individuall\u00f6sungen und IT-Beratungsleistungen sowie Trainings im Bereich Legal Tech, Legal Design und Legal Operations. Schlie\u00dflich wird sich die KREMER DATA &amp; AI MANAGEMENT GmbH k\u00fcnftig auf Projekte rund um Datenmanagement und K\u00fcnstliche Intelligenz konzentrieren.<\/p>\n\n\n\n<p>Die Entscheidung, den bisherigen Standort in der K\u00f6lner Innenstadt zu verlassen und stattdessen nach Rheydt zu wechseln, beschreibt Gr\u00fcnder Sascha Kremer wie folgt: \u201eUnsere Teams in allen Gesellschaften arbeiten hybrid \u2013 also mobil und vor Ort. Da die Mitarbeiter in ganz NRW und zum Teil noch dar\u00fcber hinaus wohnen, ist ein \u00d6PNV-naher, leicht erreichbarer, nachhaltiger und gleichwohl kosteng\u00fcnstiger Standort au\u00dferhalb der Gro\u00dfst\u00e4dte die perfekte Wahl, um dort in einem modernen, mitarbeiterfreundlichen Umfeld gemeinsam mit unseren Mandanten und Kunden zu arbeiten. Als geb\u00fcrtiger Odenkirchener sch\u00e4tze ich M\u00f6nchengladbach sehr, so dass nichts n\u00e4her lag, als die Chance am Rheydter Hauptbahnhof zu nutzen und mit Unterst\u00fctzung von EWMG und WFMG eine auch weitere Expansion erm\u00f6glichende Heimat f\u00fcr die Soziet\u00e4t und die neugegr\u00fcndeten Gesellschaften zu schaffen.\u201c<\/p>\n\n\n\n<p>Der Innenausbau kann ganz nach den Bedarfen des Mieters erfolgen. F\u00fcr einen Teilbereich dieses Ausbaus hin zu modernsten B\u00fcrofl\u00e4chen kommen F\u00f6rdermittel aus dem Regionalen Wirtschaftsf\u00f6rderungsprogramm Nordrhein-Westfalen (RWP) zum Einsatz, die \u00fcber die WFMG beraten und von Sascha Kremer f\u00fcr eine der neuen Gesellschaften, n\u00e4mlich die KLTO, bei der NRW-Bank beantragt wurden. \u201eWir sprechen hier von einer hochattraktiven F\u00f6rderung, die neben den Mietereinbauten f\u00fcr wissensintensive Dienstleistungen und Anwendungen beispielsweise auch Lohnkosten mit einbezieht\u201c, sagt WFMG-F\u00f6rdermittelexperte Jan Herting.<\/p>\n\n\n\n<p>Das neue Bahnhofsgeb\u00e4ude im Eigentum der EWMG gilt als Paradebeispiel f\u00fcr modernes Bauen in urbaner Citylage. Mit zahlreichen Nachhaltigkeitsaspekten, etwa der innovativen Fassaden- und Dachbegr\u00fcnung, dient es als Vorzeigeobjekt f\u00fcr das deutsch-niederl\u00e4ndische Euregio-Projekt Healthy Building Movement, an dem die WFMG beteiligt ist. Zuletzt wurde es beim Wettbewerb \u201eGeb\u00e4udegr\u00fcn des Jahres 2025\u201c mit dem 2. Platz in der Kategorie Insgesamtbegr\u00fcnung ausgezeichnet.<\/p>\n\n\n\n<p>Quelle: <a href=\"http:\/\/www.wfmg.de\">WFMG<\/a><\/p>\n\n\n<figure class=\"wp-block-post-featured-image\"><img loading=\"lazy\" decoding=\"async\" width=\"1638\" height=\"1229\" src=\"https:\/\/standort-niederrhein.de\/wp-content\/uploads\/2025\/12\/PMWFMG-2025-12-08-Kremer-Legal.jpg\" class=\"attachment-post-thumbnail size-post-thumbnail wp-post-image\" alt=\"\" style=\"object-fit:cover;\" srcset=\"https:\/\/standort-niederrhein.de\/wp-content\/uploads\/2025\/12\/PMWFMG-2025-12-08-Kremer-Legal.jpg 1638w, https:\/\/standort-niederrhein.de\/wp-content\/uploads\/2025\/12\/PMWFMG-2025-12-08-Kremer-Legal-1280x960.jpg 1280w, https:\/\/standort-niederrhein.de\/wp-content\/uploads\/2025\/12\/PMWFMG-2025-12-08-Kremer-Legal-980x735.jpg 980w, https:\/\/standort-niederrhein.de\/wp-content\/uploads\/2025\/12\/PMWFMG-2025-12-08-Kremer-Legal-480x360.jpg 480w\" sizes=\"(min-width: 0px) and (max-width: 480px) 480px, (min-width: 481px) and (max-width: 980px) 980px, (min-width: 981px) and (max-width: 1280px) 1280px, (min-width: 1281px) 1638px, 100vw\" \/><\/figure>\n\n\n<p>Das Foto zeigt von rechts Sascha Kremer (Gr\u00fcnder KREMER LEGAL) bei der Vertragsunterzeichnung mit Dr. Ulrich Sch\u00fcckhaus, Vorsitzender der Gesch\u00e4ftsf\u00fchrung von EWMG und WFMG, sowie Rafael Lendzion, Teamleiter Unternehmensservice der WGMG. | Foto: WFMG<\/p>\n","protected":false},"excerpt":{"rendered":"<p>M\u00f6nchengladbach. KREMER LEGAL siedelt von der Domstadt in die Vitusstadt um und b\u00fcndelt zugleich die Kompetenzen im Bereich von Legal Tech und K\u00fcnstlicher Intelligenz im neuen Empfangsgeb\u00e4ude des Rheydter Hauptbahnhofs. Damit gelingt der Wirtschaftsf\u00f6rderung M\u00f6nchengladbach (WFMG) die Ansiedlung zahlreicher wissensintensiver Arbeitspl\u00e4tze. Zum Einsatz kommen dabei auch F\u00f6rdermittel aus dem Regionalen Wirtschaftsf\u00f6rderungsprogramm (RWP). Ansiedeln werden sich [&hellip;]<\/p>\n","protected":false},"author":3,"featured_media":7098,"comment_status":"closed","ping_status":"closed","sticky":false,"template":"","format":"standard","meta":{"_et_pb_use_builder":"","_et_pb_old_content":"","_et_gb_content_width":"","footnotes":""},"categories":[1],"tags":[],"class_list":["post-7097","post","type-post","status-publish","format-standard","has-post-thumbnail","hentry","category-allgemein"],"_links":{"self":[{"href":"https:\/\/standort-niederrhein.de\/en\/wp-json\/wp\/v2\/posts\/7097","targetHints":{"allow":["GET"]}}],"collection":[{"href":"https:\/\/standort-niederrhein.de\/en\/wp-json\/wp\/v2\/posts"}],"about":[{"href":"https:\/\/standort-niederrhein.de\/en\/wp-json\/wp\/v2\/types\/post"}],"author":[{"embeddable":true,"href":"https:\/\/standort-niederrhein.de\/en\/wp-json\/wp\/v2\/users\/3"}],"replies":[{"embeddable":true,"href":"https:\/\/standort-niederrhein.de\/en\/wp-json\/wp\/v2\/comments?post=7097"}],"version-history":[{"count":2,"href":"https:\/\/standort-niederrhein.de\/en\/wp-json\/wp\/v2\/posts\/7097\/revisions"}],"predecessor-version":[{"id":7101,"href":"https:\/\/standort-niederrhein.de\/en\/wp-json\/wp\/v2\/posts\/7097\/revisions\/7101"}],"wp:featuredmedia":[{"embeddable":true,"href":"https:\/\/standort-niederrhein.de\/en\/wp-json\/wp\/v2\/media\/7098"}],"wp:attachment":[{"href":"https:\/\/standort-niederrhein.de\/en\/wp-json\/wp\/v2\/media?parent=7097"}],"wp:term":[{"taxonomy":"category","embeddable":true,"href":"https:\/\/standort-niederrhein.de\/en\/wp-json\/wp\/v2\/categories?post=7097"},{"taxonomy":"post_tag","embeddable":true,"href":"https:\/\/standort-niederrhein.de\/en\/wp-json\/wp\/v2\/tags?post=7097"}],"curies":[{"name":"wp","href":"https:\/\/api.w.org\/{rel}","templated":true}]}}