{"id":7093,"date":"2025-12-06T07:00:00","date_gmt":"2025-12-06T06:00:00","guid":{"rendered":"https:\/\/standort-niederrhein.de\/?p=7093"},"modified":"2025-12-05T12:31:50","modified_gmt":"2025-12-05T11:31:50","slug":"kreisverwaltung-setzt-auf-kuenstliche-intelligenz","status":"publish","type":"post","link":"https:\/\/standort-niederrhein.de\/en\/2025\/12\/06\/kreisverwaltung-setzt-auf-kuenstliche-intelligenz\/","title":{"rendered":"Kreisverwaltung setzt auf K\u00fcnstliche Intelligenz"},"content":{"rendered":"\n<p><strong>Rhein-Kreis Neuss.<\/strong> Der Rhein-Kreis Neuss nutzt seit Anfang Dezember das Assistenzsystem KoKI im Bereich der K\u00fcnstlichen Intelligenz. Damit startet die Kreisverwaltung ein Pilotprojekt: Sie ist das erste Verbandsmitglied des ITK Zweckverbands, das die KI-basierte Unterst\u00fctzung von Besch\u00e4ftigten sukzessive in allen Fach- und Verwaltungseinheiten erm\u00f6glicht. KoKI steht f\u00fcr ein Kommunales KI-gest\u00fctztes Assistenzsystem, das speziell f\u00fcr die Bed\u00fcrfnisse von kommunalen Verwaltungen entwickelt wurde und deren Besch\u00e4ftigte bei t\u00e4glichen Aufgaben unterst\u00fctzen soll.<\/p>\n\n\n\n<p>Landr\u00e4tin Katharina Reinhold macht die Digitalisierung und Verwaltungsmodernisierung zu ihrem Kernthema und sagt: \u201eMit KoKI setzen wir ein klares Zeichen f\u00fcr digitale Modernisierung und b\u00fcrgernahe Kreisverwaltung. Die Kolleginnen und Kollegen erhalten ein intelligentes Werkzeug, das ihnen Routinearbeiten abnimmt und zugleich die Qualit\u00e4t unserer Dienstleistungen steigert. Ich bin stolz, dass der Rhein-Kreis Neuss Vorreiter im ITK Zweckverband bei der Einf\u00fchrung von KI-Technologien ist.\u201c Die Einf\u00fchrung eines k\u00fcnstlichen Assistenzsystems markiert den Startschuss f\u00fcr weitere digitale Innovationsprojekte in der Kreisverwaltung.<\/p>\n\n\n\n<p>K\u00fcnstliche Intelligenz ist seit 2023 ein zentrales Strategiethema im IT-Dezernat der Kreisverwaltung, weil sie Verwaltungsprozesse effizienter, b\u00fcrgern\u00e4her und zukunftsf\u00e4higer machen kann. IT-Dezernent Harald Vieten betont: \u201eViele Besch\u00e4ftigte sehen gro\u00dfe Chancen f\u00fcr effizientere Abl\u00e4ufe und besseren Service. Gleichzeitig \u00e4u\u00dfern einige aber auch Bedenken, die wir nat\u00fcrlich ernst nehmen. Mit KI-Richt- und -Leitlinien f\u00fcr den verantwortungsvollen Umgang mit K\u00fcnstlicher Intelligenz und vielf\u00e4ltigen Seminar- und Schulungsangeboten bauen wir seit einem Jahr Vertrauen und Kompetenz bei den Besch\u00e4ftigten auf.\u201c<\/p>\n\n\n\n<p>Mit Tobias Schellhorn wurde bereits im Juli 2024 ein KI-Beauftragter in der Verwaltung bestellt, der als zentraler Ansprechpartner f\u00fcr Fragen der Besch\u00e4ftigten dient und Schulungen durchf\u00fchrt. Vieten weist auch darauf hin, dass Entscheidungen in Verwaltungsverfahren nicht durch die KI, sondern immer durch Menschen erfolgen. \u201eKI ist ein Werkzeug, das nicht die menschliche Entscheidung ersetzen soll, sondern hilft, Verwaltungsabl\u00e4ufe zu optimieren und schnelle Bearbeitungszeiten zu erm\u00f6glichen\u201c, erl\u00e4utert er. Von der Textoptimierung \u00fcber die Unterst\u00fctzung bei Berichten bis hin zur KI-gest\u00fctzten Websuche k\u00f6nnen Besch\u00e4ftigte der Kreisverwaltung aus unterschiedlichen Funktionen jene w\u00e4hlen, die sie jeweils f\u00fcr ihre Aufgaben ben\u00f6tigen. Au\u00dferdem bietet das Programm die M\u00f6glichkeit, eigene KI-Agenten anzulegen, die auf spezifische T\u00e4tigkeiten spezialisiert sind und diese automatisiert ausf\u00fchren.<\/p>\n\n\n\n<p>F\u00fcr den Einsatz von K\u00fcnstlicher Intelligenz gelten hohe rechtliche Anforderungen an Datenschutz und Sicherheit. Daher wird eine speziell angepasste L\u00f6sung verwendet, die gemeinsam von der ITK-Rheinland und der Kommunalen Datenverarbeitungszentrale (KDVZ) Rhein-Erft-Rur entwickelt wurde. Die ITK stellt die notwendige Infrastruktur und das Lizenzpaket f\u00fcr KoKI zur Verf\u00fcgung. Durch die enge Zusammenarbeit zwischen Kreisverwaltung und ITK Zweckverband konnten die Implementierungsschritte z\u00fcgig und reibungslos umgesetzt werden. Wolfgang Vits, Gesch\u00e4ftsf\u00fchrer des ITK-Zweckverbandes, erl\u00e4utert: \u201eKoKI l\u00e4uft unter Ber\u00fccksichtigung des ITK-Sicherheitskonzepts ausschlie\u00dflich auf Servern, die nach den Vorgaben der Datenschutz-Grundverordnung betrieben werden. Dem ITK Zweckverband geh\u00f6ren die Landeshauptstadt D\u00fcsseldorf, die Stadt M\u00f6nchengladbach, der Rhein-Kreis Neuss und die kreisangeh\u00f6rigen Kommunen an.\u201c<\/p>\n\n\n\n<p>Quelle: <a href=\"http:\/\/www.rhein-kreis-neuss.de\">Rhein-Kreis Neuss<\/a><\/p>\n\n\n<figure class=\"wp-block-post-featured-image\"><img loading=\"lazy\" decoding=\"async\" width=\"2428\" height=\"1619\" src=\"https:\/\/standort-niederrhein.de\/wp-content\/uploads\/2025\/12\/RKN-KI-in-der-Verwaltung-8698.jpg\" class=\"attachment-post-thumbnail size-post-thumbnail wp-post-image\" alt=\"\" style=\"object-fit:cover;\" srcset=\"https:\/\/standort-niederrhein.de\/wp-content\/uploads\/2025\/12\/RKN-KI-in-der-Verwaltung-8698.jpg 2428w, https:\/\/standort-niederrhein.de\/wp-content\/uploads\/2025\/12\/RKN-KI-in-der-Verwaltung-8698-1280x854.jpg 1280w, https:\/\/standort-niederrhein.de\/wp-content\/uploads\/2025\/12\/RKN-KI-in-der-Verwaltung-8698-980x653.jpg 980w, https:\/\/standort-niederrhein.de\/wp-content\/uploads\/2025\/12\/RKN-KI-in-der-Verwaltung-8698-480x320.jpg 480w\" sizes=\"(min-width: 0px) and (max-width: 480px) 480px, (min-width: 481px) and (max-width: 980px) 980px, (min-width: 981px) and (max-width: 1280px) 1280px, (min-width: 1281px) 2428px, 100vw\" \/><\/figure>\n\n\n<p>Von links: Wolfgang Vits, Gesch\u00e4ftsf\u00fchrer des ITK-Zweckverbandes, Landr\u00e4tin Katharina Reinhold und Kreisdezernent Harald Vieten freuen sich, dass die Kreisverwaltung ein Pilotprojekt zur K\u00fcnstlichen Intelligenz startet. | Foto: W. Walter\/ Rhein-Kreis Neuss<\/p>\n","protected":false},"excerpt":{"rendered":"<p>Rhein-Kreis Neuss. Der Rhein-Kreis Neuss nutzt seit Anfang Dezember das Assistenzsystem KoKI im Bereich der K\u00fcnstlichen Intelligenz. Damit startet die Kreisverwaltung ein Pilotprojekt: Sie ist das erste Verbandsmitglied des ITK Zweckverbands, das die KI-basierte Unterst\u00fctzung von Besch\u00e4ftigten sukzessive in allen Fach- und Verwaltungseinheiten erm\u00f6glicht. KoKI steht f\u00fcr ein Kommunales KI-gest\u00fctztes Assistenzsystem, das speziell f\u00fcr die [&hellip;]<\/p>\n","protected":false},"author":3,"featured_media":7094,"comment_status":"closed","ping_status":"closed","sticky":false,"template":"","format":"standard","meta":{"_et_pb_use_builder":"","_et_pb_old_content":"","_et_gb_content_width":"","footnotes":""},"categories":[1],"tags":[],"class_list":["post-7093","post","type-post","status-publish","format-standard","has-post-thumbnail","hentry","category-allgemein"],"_links":{"self":[{"href":"https:\/\/standort-niederrhein.de\/en\/wp-json\/wp\/v2\/posts\/7093","targetHints":{"allow":["GET"]}}],"collection":[{"href":"https:\/\/standort-niederrhein.de\/en\/wp-json\/wp\/v2\/posts"}],"about":[{"href":"https:\/\/standort-niederrhein.de\/en\/wp-json\/wp\/v2\/types\/post"}],"author":[{"embeddable":true,"href":"https:\/\/standort-niederrhein.de\/en\/wp-json\/wp\/v2\/users\/3"}],"replies":[{"embeddable":true,"href":"https:\/\/standort-niederrhein.de\/en\/wp-json\/wp\/v2\/comments?post=7093"}],"version-history":[{"count":2,"href":"https:\/\/standort-niederrhein.de\/en\/wp-json\/wp\/v2\/posts\/7093\/revisions"}],"predecessor-version":[{"id":7096,"href":"https:\/\/standort-niederrhein.de\/en\/wp-json\/wp\/v2\/posts\/7093\/revisions\/7096"}],"wp:featuredmedia":[{"embeddable":true,"href":"https:\/\/standort-niederrhein.de\/en\/wp-json\/wp\/v2\/media\/7094"}],"wp:attachment":[{"href":"https:\/\/standort-niederrhein.de\/en\/wp-json\/wp\/v2\/media?parent=7093"}],"wp:term":[{"taxonomy":"category","embeddable":true,"href":"https:\/\/standort-niederrhein.de\/en\/wp-json\/wp\/v2\/categories?post=7093"},{"taxonomy":"post_tag","embeddable":true,"href":"https:\/\/standort-niederrhein.de\/en\/wp-json\/wp\/v2\/tags?post=7093"}],"curies":[{"name":"wp","href":"https:\/\/api.w.org\/{rel}","templated":true}]}}