{"id":7090,"date":"2025-12-08T06:00:00","date_gmt":"2025-12-08T05:00:00","guid":{"rendered":"https:\/\/standort-niederrhein.de\/?p=7090"},"modified":"2025-12-05T12:29:13","modified_gmt":"2025-12-05T11:29:13","slug":"foerderprogramm-accelerate-rkn-start-up-staltec-gewinnt-das-finale","status":"publish","type":"post","link":"https:\/\/standort-niederrhein.de\/en\/2025\/12\/08\/foerderprogramm-accelerate-rkn-start-up-staltec-gewinnt-das-finale\/","title":{"rendered":"F\u00f6rderprogramm \u201eaccelerate.RKN\u201c: Start-up Staltec gewinnt das Finale"},"content":{"rendered":"\n<p><strong>Rhein-Kreis Neuss. <\/strong>Das Rheinische Landestheater in Neuss hat sich jetzt in einen Hotspot der regionalen Gr\u00fcnderszene verwandelt. Kreis und Stadt Neuss richteten dort einen Start-up-Markt aus. H\u00f6hepunkt des Tages war das Finale der achten Runde im Wettbewerb um eine weitere F\u00f6rderung aus dem Programm \u201eaccelerate.RKN\u201c des Rhein-Kreises Neuss.<\/p>\n\n\n\n<p>Landr\u00e4tin Katharina Reinhold, B\u00fcrgermeister Reiner Breuer, Johanna Gatzke, die Leiterin des Amts f\u00fcr Wirtschaftsf\u00f6rderung der Stadt Neuss, und Robert Abts, der Leiter der Wirtschaftsf\u00f6rderung impuls.RheinKreisNeuss, begr\u00fc\u00dften Aussteller und Besucher. Anschlie\u00dfend folgte die Keynote \u201eDigital Entrepreneurship\u201c von Professor Dr. Till Winkler von der FernUniversit\u00e4t Hagen.<\/p>\n\n\n\n<p>Insgesamt 28 Start-ups pr\u00e4sentierten ihre Ideen \u2013 darunter bekannte Namen wie Schrottbienen, Unique United und Portoleo. Gr\u00fcnderinnen und Gr\u00fcnder aus dem gesamten Rhein-Kreis Neuss nutzten die B\u00fchne, um ihre Innovationen vorzustellen, Feedback zu erhalten und sich mit Interessierten zu vernetzen. \u00dcber 150 Besucher erhielten die Gelegenheit, die Gr\u00fcnderteams kennenzulernen.<\/p>\n\n\n\n<p>Am Abend fand dann der \u201eFinal Pitch\u201c der achten \u201eaccelerate.RKN\u201c-Runde statt. F\u00fcnf Teams \u2013 Zestum, Flaiu, Staltec, 6N und Femosos \u2013 traten gegeneinander an und pr\u00e4sentierten ihre Gesch\u00e4ftsmodelle vor einer Fachjury. Ziel war es, eine Folgef\u00f6rderung in H\u00f6he von 25 000 Euro zu gewinnen. Alle Teams blickten auf f\u00fcnf Monate intensives Accelerator-Programm zur\u00fcck, in denen sie ihre Konzepte weiterentwickelt, erste Erfolge erzielt und konkrete Strategien f\u00fcr ihre weitere Gesch\u00e4ftsentwicklung erarbeitet hatten.<\/p>\n\n\n\n<p>Das Team Staltec mit Dennis Bollien und Micha Umfahrer setzte sich schlie\u00dflich durch und sicherte sich den Sieg. Staltec ist im impuls.werk auf dem Areal B\u00f6hler in Meerbusch ans\u00e4ssig und entwickelt technische Beschichtungen f\u00fcr Produktionsanlagen der Stahlindustrie. Diese reduzieren den Verschlei\u00df, verl\u00e4ngern die Lebensdauer kritischer Bauteile und steigern so die Produktivit\u00e4t der Kunden.<\/p>\n\n\n\n<p>Quelle: <a href=\"http:\/\/www.rhein-kreis-neuss.de\">Rhein-Kreis Neuss<\/a><\/p>\n\n\n<figure class=\"wp-block-post-featured-image\"><img loading=\"lazy\" decoding=\"async\" width=\"2560\" height=\"1704\" src=\"https:\/\/standort-niederrhein.de\/wp-content\/uploads\/2025\/12\/SiegerehrundDSC_7701-scaled.jpg\" class=\"attachment-post-thumbnail size-post-thumbnail wp-post-image\" alt=\"\" style=\"object-fit:cover;\" srcset=\"https:\/\/standort-niederrhein.de\/wp-content\/uploads\/2025\/12\/SiegerehrundDSC_7701-scaled.jpg 2560w, https:\/\/standort-niederrhein.de\/wp-content\/uploads\/2025\/12\/SiegerehrundDSC_7701-1280x852.jpg 1280w, https:\/\/standort-niederrhein.de\/wp-content\/uploads\/2025\/12\/SiegerehrundDSC_7701-980x652.jpg 980w, https:\/\/standort-niederrhein.de\/wp-content\/uploads\/2025\/12\/SiegerehrundDSC_7701-480x320.jpg 480w\" sizes=\"(min-width: 0px) and (max-width: 480px) 480px, (min-width: 481px) and (max-width: 980px) 980px, (min-width: 981px) and (max-width: 1280px) 1280px, (min-width: 1281px) 2560px, 100vw\" \/><\/figure>\n\n\n<p>Und der Gewinner ist\u2026 Staltec: die Finalisten und Ausrichter beim Kreisf\u00f6rderprogramm \u201eaccelerate.RKN\u201c im Rheinischen Landestheater in Neuss. | Foto: S. B\u00fcntig\/ Rhein-Kreis Neuss<\/p>\n","protected":false},"excerpt":{"rendered":"<p>Rhein-Kreis Neuss. Das Rheinische Landestheater in Neuss hat sich jetzt in einen Hotspot der regionalen Gr\u00fcnderszene verwandelt. Kreis und Stadt Neuss richteten dort einen Start-up-Markt aus. H\u00f6hepunkt des Tages war das Finale der achten Runde im Wettbewerb um eine weitere F\u00f6rderung aus dem Programm \u201eaccelerate.RKN\u201c des Rhein-Kreises Neuss. Landr\u00e4tin Katharina Reinhold, B\u00fcrgermeister Reiner Breuer, Johanna [&hellip;]<\/p>\n","protected":false},"author":3,"featured_media":7091,"comment_status":"closed","ping_status":"closed","sticky":false,"template":"","format":"standard","meta":{"_et_pb_use_builder":"","_et_pb_old_content":"","_et_gb_content_width":"","footnotes":""},"categories":[1],"tags":[],"class_list":["post-7090","post","type-post","status-publish","format-standard","has-post-thumbnail","hentry","category-allgemein"],"_links":{"self":[{"href":"https:\/\/standort-niederrhein.de\/en\/wp-json\/wp\/v2\/posts\/7090","targetHints":{"allow":["GET"]}}],"collection":[{"href":"https:\/\/standort-niederrhein.de\/en\/wp-json\/wp\/v2\/posts"}],"about":[{"href":"https:\/\/standort-niederrhein.de\/en\/wp-json\/wp\/v2\/types\/post"}],"author":[{"embeddable":true,"href":"https:\/\/standort-niederrhein.de\/en\/wp-json\/wp\/v2\/users\/3"}],"replies":[{"embeddable":true,"href":"https:\/\/standort-niederrhein.de\/en\/wp-json\/wp\/v2\/comments?post=7090"}],"version-history":[{"count":1,"href":"https:\/\/standort-niederrhein.de\/en\/wp-json\/wp\/v2\/posts\/7090\/revisions"}],"predecessor-version":[{"id":7092,"href":"https:\/\/standort-niederrhein.de\/en\/wp-json\/wp\/v2\/posts\/7090\/revisions\/7092"}],"wp:featuredmedia":[{"embeddable":true,"href":"https:\/\/standort-niederrhein.de\/en\/wp-json\/wp\/v2\/media\/7091"}],"wp:attachment":[{"href":"https:\/\/standort-niederrhein.de\/en\/wp-json\/wp\/v2\/media?parent=7090"}],"wp:term":[{"taxonomy":"category","embeddable":true,"href":"https:\/\/standort-niederrhein.de\/en\/wp-json\/wp\/v2\/categories?post=7090"},{"taxonomy":"post_tag","embeddable":true,"href":"https:\/\/standort-niederrhein.de\/en\/wp-json\/wp\/v2\/tags?post=7090"}],"curies":[{"name":"wp","href":"https:\/\/api.w.org\/{rel}","templated":true}]}}