{"id":7071,"date":"2025-12-05T06:00:00","date_gmt":"2025-12-05T05:00:00","guid":{"rendered":"https:\/\/standort-niederrhein.de\/?p=7071"},"modified":"2025-12-03T09:40:23","modified_gmt":"2025-12-03T08:40:23","slug":"praemierung-fuer-nachhaltiges-wirtschaften","status":"publish","type":"post","link":"https:\/\/standort-niederrhein.de\/en\/2025\/12\/05\/praemierung-fuer-nachhaltiges-wirtschaften\/","title":{"rendered":"Pr\u00e4mierung f\u00fcr nachhaltiges Wirtschaften"},"content":{"rendered":"\n<p><strong>Krefeld.<\/strong> Mit einem starken Signal f\u00fcr \u201eModernes Wirtschaften\u201c, Ressourceneffizienz und Klimaschutz ging die erste Runde von \u00d6KOPROFIT\u00ae Krefeld nun offiziell zu Ende.<\/p>\n\n\n\n<p>Acht Unternehmen und Organisationen aus Krefeld und der Region haben ein Jahr lang intensiv daran gearbeitet, ihre \u00f6kologische Ressourcenbilanz zu verbessern \u2013 mit klar messbaren Ergebnissen. Dabei handelt es sich um die Borgmann Automobilh\u00e4ndler GmbH, die Diakonie Krefeld &amp; Viersen, die DURUM Verschlei\u00dfschutz GmbH, den Kommunalbetrieb Krefeld (KBK), die Leurs Elektrotechnik GmbH, die Andreas Pavel Dachdecker GmbH &amp; Co. KG, die Siempelkamp Giesserei GmbH und den Sportclub Krefeld 1905 e.V. Sie wurden nun von Oliver Krischer, Minister f\u00fcr Umwelt, Naturschutz und Verkehr des Landes Nordrhein-Westfalen, gew\u00fcrdigt \u2013 und zwar im Beisein von Oberb\u00fcrgermeister Frank Meyer und Eckart Preen, Wirtschaftsdezernent und Leiter von KREFELD BUSINESS.<\/p>\n\n\n\n<p>\u201eMit der ersten \u00d6KOPROFIT-Runde \u00fcbernimmt Krefeld sichtbare Verantwortung f\u00fcr Klima- und Umweltschutz. Die beteiligten Betriebe und Einrichtungen zeigen mit messbaren Ergebnissen, dass nachhaltiges Handeln fest zum wirtschaftlichen Alltag geh\u00f6rt\u201c, sagt Umweltminister Oliver Krischer.<\/p>\n\n\n\n<p>Das aus dem \u00f6sterreichischen GRAZ stammende und deutschlandweit etablierte Programm \u00d6KOPROFIT\u00ae verbindet \u00f6kologische Verantwortung mit wirtschaftlichem Mehrwert \u2013 ein Ansatz, der auch in Krefeld erfolgreich angewendet wurde. Dabei wurden 84 Ma\u00dfnahmen von den Projektteams der teilnehmenden Betriebe entwickelt und mehr als die H\u00e4lfte davon bereits in die Praxis \u00fcbertragen.&nbsp; Die Bandbreite reicht dabei von Energie- und Wassereinsparungen \u00fcber optimierte Abfallkonzepte, PV-Ausbau, nachhaltige Beschaffung bis hin zu internen Schulungen. Das Ergebnis: Knapp 957.000 Euro j\u00e4hrliche Einsparungen bei einmaligen Gesamtinvestitionen von rund 2,4 Millionen Euro, dazu deutlich reduzierter CO\u2082-Aussto\u00df, weniger Restabfall und ein geringerer Ressourcenverbrauch.<\/p>\n\n\n\n<p>Mit 31 Prozent macht der energetische Bereich \u2013 etwa durch LED-Umr\u00fcstung oder Heizkurven-Optimierung \u2013 den gr\u00f6\u00dften Anteil der Ma\u00dfnahmen aus. Auch bei \u201eRessourcenmanagement und Prozessoptimierung\u201c wurden deutliche Fortschritte erzielt. Ma\u00dfnahmen ohne unmittelbare wirtschaftliche Amortisation \u2013 Blumenwiesen, Insektenhotels oder andere Biodiversit\u00e4tsprojekte \u2013 machen deutlich, dass sich die Unternehmen auch generell umweltorientiert engagieren.<\/p>\n\n\n\n<p>Oberb\u00fcrgermeister Frank Meyer betont : \u201eDie erste Teilnahme Krefelder Akteure an \u00d6KOPROFIT\u00ae zeigt, wie Unternehmen, Kommune und Gesellschaft gemeinsam Verantwortung \u00fcbernehmen k\u00f6nnen. Ressourceneffizienz ist l\u00e4ngst ein zentraler Baustein unserer Stadtentwicklung; und die Unternehmen beweisen, dass Klimaschutz in Krefeld kein Lippenbekenntnis ist, sondern konkret wirkt. Wer mutig neue Wege geht, st\u00e4rkt nicht nur den eigenen Betrieb, sondern die Zukunftsf\u00e4higkeit unserer ganzen Stadt.\u201c<\/p>\n\n\n\n<p>Und Wirtschaftsdezernent Eckart Preen erg\u00e4nzt: \u201e\u00d6KOPROFIT\u00ae ist ein Projektkonzept, das die betriebswirtschaftlichen Bedarfe und die Umweltschutzambitionen der Unternehmen verkn\u00fcpft. Die Ma\u00dfnahmen wirken sich positiv auf die Umwelt aus und belassen den Betrieben in wirtschaftlich herausfordernder Zeit Luft zum Atmen \u2013 sei es durch Einsparungen oder durch Investitionen in Maschinen, um Unternehmen zukunftsf\u00e4hig aufzustellen. Hier bietet \u00d6KOPROFIT\u00ae die M\u00f6glichkeit, gezielt an den richtigen Stellen einzusparen.\u201c<\/p>\n\n\n\n<p>Organisiert wurde die erste Krefelder Runde von der Stadt Krefeld, KREFELD BUSINESS und den Beratungsb\u00fcros ENVIROpro sowie einsf\u00fcnf\u00b0. Ein unabh\u00e4ngiger, regional besetzter Beirat begleitete das Projekt fachlich.<\/p>\n\n\n\n<p>Bei der feierlichen Abschlussveranstaltung wurde von allen zertifizierten Betrieben dasjenige hervorgehoben, welches sich mittels Mentimeter eingeholtem Publikums-Votum durch die \u201eBeste Ma\u00dfnahme\u201c auszeichnete. Das Rennen machte dabei die Andreas Pavel Dachdecker GmbH &amp; Co. KG. Die Ma\u00dfnahme beinhaltet den Bau einer nachhaltigen und r\u00fcckbaubaren Halle aus Holz mit Kassettenfassade und Foliendach und hat eine Reduktion des Ressourcenverbrauchs sowie eine h\u00f6here Energieeffizienz zur Folge.<\/p>\n\n\n\n<p>Quelle: <a href=\"http:\/\/www.krefeld-business.de\">KREFELD BUSINESS<\/a><\/p>\n\n\n<figure class=\"wp-block-post-featured-image\"><img loading=\"lazy\" decoding=\"async\" width=\"1772\" height=\"1203\" src=\"https:\/\/standort-niederrhein.de\/wp-content\/uploads\/2025\/12\/ABSCHL1.jpg\" class=\"attachment-post-thumbnail size-post-thumbnail wp-post-image\" alt=\"\" style=\"object-fit:cover;\" srcset=\"https:\/\/standort-niederrhein.de\/wp-content\/uploads\/2025\/12\/ABSCHL1.jpg 1772w, https:\/\/standort-niederrhein.de\/wp-content\/uploads\/2025\/12\/ABSCHL1-1280x869.jpg 1280w, https:\/\/standort-niederrhein.de\/wp-content\/uploads\/2025\/12\/ABSCHL1-980x665.jpg 980w, https:\/\/standort-niederrhein.de\/wp-content\/uploads\/2025\/12\/ABSCHL1-480x326.jpg 480w\" sizes=\"(min-width: 0px) and (max-width: 480px) 480px, (min-width: 481px) and (max-width: 980px) 980px, (min-width: 981px) and (max-width: 1280px) 1280px, (min-width: 1281px) 1772px, 100vw\" \/><\/figure>\n\n\n<p>Die Akteurinnen und Akteure der ausgezeichneten Betriebe mit Umweltminister Oliver Krischer, Krefelds Oberb\u00fcrgermeister Frank Meyer und Wirtschaftsdezernent Eckart Preen. | Foto: Urheber: Andreas Bischof, Nutzungsrechte: Stadt Krefeld<\/p>\n","protected":false},"excerpt":{"rendered":"<p>Krefeld. Mit einem starken Signal f\u00fcr \u201eModernes Wirtschaften\u201c, Ressourceneffizienz und Klimaschutz ging die erste Runde von \u00d6KOPROFIT\u00ae Krefeld nun offiziell zu Ende. Acht Unternehmen und Organisationen aus Krefeld und der Region haben ein Jahr lang intensiv daran gearbeitet, ihre \u00f6kologische Ressourcenbilanz zu verbessern \u2013 mit klar messbaren Ergebnissen. Dabei handelt es sich um die Borgmann [&hellip;]<\/p>\n","protected":false},"author":3,"featured_media":7072,"comment_status":"closed","ping_status":"closed","sticky":false,"template":"","format":"standard","meta":{"_et_pb_use_builder":"","_et_pb_old_content":"","_et_gb_content_width":"","footnotes":""},"categories":[1],"tags":[],"class_list":["post-7071","post","type-post","status-publish","format-standard","has-post-thumbnail","hentry","category-allgemein"],"_links":{"self":[{"href":"https:\/\/standort-niederrhein.de\/en\/wp-json\/wp\/v2\/posts\/7071","targetHints":{"allow":["GET"]}}],"collection":[{"href":"https:\/\/standort-niederrhein.de\/en\/wp-json\/wp\/v2\/posts"}],"about":[{"href":"https:\/\/standort-niederrhein.de\/en\/wp-json\/wp\/v2\/types\/post"}],"author":[{"embeddable":true,"href":"https:\/\/standort-niederrhein.de\/en\/wp-json\/wp\/v2\/users\/3"}],"replies":[{"embeddable":true,"href":"https:\/\/standort-niederrhein.de\/en\/wp-json\/wp\/v2\/comments?post=7071"}],"version-history":[{"count":1,"href":"https:\/\/standort-niederrhein.de\/en\/wp-json\/wp\/v2\/posts\/7071\/revisions"}],"predecessor-version":[{"id":7073,"href":"https:\/\/standort-niederrhein.de\/en\/wp-json\/wp\/v2\/posts\/7071\/revisions\/7073"}],"wp:featuredmedia":[{"embeddable":true,"href":"https:\/\/standort-niederrhein.de\/en\/wp-json\/wp\/v2\/media\/7072"}],"wp:attachment":[{"href":"https:\/\/standort-niederrhein.de\/en\/wp-json\/wp\/v2\/media?parent=7071"}],"wp:term":[{"taxonomy":"category","embeddable":true,"href":"https:\/\/standort-niederrhein.de\/en\/wp-json\/wp\/v2\/categories?post=7071"},{"taxonomy":"post_tag","embeddable":true,"href":"https:\/\/standort-niederrhein.de\/en\/wp-json\/wp\/v2\/tags?post=7071"}],"curies":[{"name":"wp","href":"https:\/\/api.w.org\/{rel}","templated":true}]}}