{"id":7054,"date":"2025-12-02T06:00:00","date_gmt":"2025-12-02T05:00:00","guid":{"rendered":"https:\/\/standort-niederrhein.de\/?p=7054"},"modified":"2025-11-28T10:12:39","modified_gmt":"2025-11-28T09:12:39","slug":"praxisnahes-wissen-fuer-gruenderinnen-und-gruender","status":"publish","type":"post","link":"https:\/\/standort-niederrhein.de\/en\/2025\/12\/02\/praxisnahes-wissen-fuer-gruenderinnen-und-gruender\/","title":{"rendered":"Praxisnahes Wissen f\u00fcr Gr\u00fcnderinnen und Gr\u00fcnder"},"content":{"rendered":"\n<p><strong>Kreis Kleve\/ Kleve. <\/strong>F\u00fcr den dritten und damit abschlie\u00dfenden Teil der Seminarreihe \u201eInformieren \u2013 Planen \u2013 Gr\u00fcnden\u201c lud die Wirtschaftsf\u00f6rderung Kreis Kleve Gr\u00fcndungsinteressierte in die R\u00e4umlichkeiten des elaya Hotel in Kleve ein. Mit freundlicher Unterst\u00fctzung der Sparkassen und Volksbanken der Region lag der Fokus diesmal darauf, Gr\u00fcndungsgeschichten verschiedener Branchen zu h\u00f6ren, praxisnahe Einblicke und m\u00f6glichst viele Tipps zu erhalten.<\/p>\n\n\n\n<p>Brigitte Jansen, die Gesch\u00e4ftsf\u00fchrerin der Wirtschaftsf\u00f6rderung Kreis Kleve, betonte in ihrer Begr\u00fc\u00dfung, wie wertvoll dieser Austausch f\u00fcr alle Beteiligten sei. Nur selten bekomme man die Chance, solch einen tiefen Einblick in die Gr\u00fcndungspraxis zu erhalten. Gerade in der Anfangszeit k\u00f6nne der Dialog mit anderen Unternehmen helfen, Herausforderungen zu meistern und schneller den richtigen Kurs zu finden, so Jansen.<\/p>\n\n\n\n<p>In einer Gespr\u00e4chsrunde, moderiert durch Vera Koch, berichteten Tanja Ammersd\u00f6rfer als Gr\u00fcnderin von GOAL GmbH und die Br\u00fcder Timo und Pascal Elbers als Gr\u00fcnder der Firma Kanalbr\u00fcder von ihrem Start in die Selbstst\u00e4ndigkeit.<\/p>\n\n\n\n<p>Das gemeinsame Credo der Gr\u00fcnder und gleichzeitig Mutmacher lautete \u201eEinfach machen! Wenn nicht jetzt, wann dann?\u201c.<\/p>\n\n\n\n<p>Tanja Ammersd\u00f6rfer entschied sich nach einigen Jahren als Angestellte im Bereich der Arbeits- und Organisationspsychologie dazu, sich auf diesem Gebiet selbstst\u00e4ndig zu machen. Als Gesch\u00e4ftsf\u00fchrerin der GOAL GmbH ber\u00e4t sie Unternehmen darin, die Gesundheit und Leistungsf\u00e4higkeit ihrer Belegschaft nachhaltig zu verbessern. Um den Schritt in die Selbstst\u00e4ndigkeit zu wagen, sei auch das positive und unterst\u00fctzende pers\u00f6nliche Umfeld sehr wichtig.<\/p>\n\n\n\n<p>Als neu gegr\u00fcndetes Unternehmen sei es zun\u00e4chst nicht leicht gewesen, Auftr\u00e4ge von den Unternehmen zu generieren. Hier empfiehlt die Gr\u00fcnderin, Kooperationen einzugehen und sich so ein Netzwerk aufzubauen. Weitere Kundengewinnung geschah dann durch Mundpropaganda. Heute, nach zwei Jahren in der Selbstst\u00e4ndigkeit blickt sie auf mehr als 250 durchgef\u00fchrte Seminare und Workshops zur\u00fcck.<\/p>\n\n\n\n<p>Die Br\u00fcder Timo und Pascal Elbers wagten ebenfalls den Schritt vom Angestelltenverh\u00e4ltnis in die Selbstst\u00e4ndigkeit im Bereich Rohr- und Kanalreinigung.<\/p>\n\n\n\n<p>Pascal Elbers berichtet: \u201eDer erste Anruf galt dem Steuerberater, der zweite der Bank.\u201c Au\u00dferdem sei es wichtig, die Experten aus den jeweiligen Bereichen wie z.B. IHK und Handwerkskammer zu kontaktieren, das Netzwerk zu nutzen und viele Fragen zu stellen, so Elbers.<\/p>\n\n\n\n<p>Auf Social Media sind sowohl Ammersd\u00f6rfer als auch die Br\u00fcder Elbers vertreten, denn, so die Gr\u00fcnder, ohne sei es heutzutage gar nicht m\u00f6glich. Die \u201eKanalbr\u00fcder\u201c setzen zudem verst\u00e4rkt auf Au\u00dfenwerbung und fahren nicht nur mit ihrem werbewirksamen Transporter durch Kleve, sondern sind demn\u00e4chst mit ihrer Werbung und Logo auch auf Linienbussen zu sehen.<\/p>\n\n\n\n<p>Abschlie\u00dfend standen die Gr\u00fcnderinnen und Gr\u00fcnder den Anwesenden f\u00fcr Fragen zur Verf\u00fcgung und auch die Teilnehmenden berichteten von Ihren Ideen und aktuellen Herausforderungen. &nbsp;Sie nutzten die Zeit, um wichtige Informationen und Tipps aus der Praxis zu erhalten und sich mit Gr\u00fcndungswilligen zu vernetzen.<\/p>\n\n\n\n<p>Als Abschluss der Gr\u00fcnderseminarreihe moderierte Vera Koch einen interaktiven Workshop zum Thema \u201eSelbstf\u00fchrung, Eigenmotivation &amp; positives Mindset&#8221;. Sie gab den Gr\u00fcnderinnen und Gr\u00fcndern wertvolle Tipps mit auf den Weg, um mit einem positiven Mindset in die Selbstst\u00e4ndigkeit zu starten.<\/p>\n\n\n\n<p>Der dritte Teil des Gr\u00fcnderseminars war ein wertvoller Baustein und best\u00e4tigte die Bedeutung des praxisnahen Austauschs f\u00fcr angehende Unternehmerinnen und Unternehmer. F\u00fcr alle, die mit dem Gedanken einer zuk\u00fcnftigen Selbstst\u00e4ndigkeit spielen, bietet die Wirtschaftsf\u00f6rderung Kreis Kleve ganzj\u00e4hrig Vier-Augen-Gespr\u00e4che zur Existenzgr\u00fcndung an und auch die Seminarreihe \u201eInformieren \u2013 Planen \u2013 Gr\u00fcnden\u201c wird im kommenden Jahr wieder stattfinden.<\/p>\n\n\n\n<p>Quelle: <a href=\"http:\/\/www.wfg-kreis-kleve.de\">WFG Kreis Kleve<\/a><\/p>\n\n\n<figure class=\"wp-block-post-featured-image\"><img loading=\"lazy\" decoding=\"async\" width=\"2560\" height=\"1745\" src=\"https:\/\/standort-niederrhein.de\/wp-content\/uploads\/2025\/11\/PI-Nachbericht-Gruenderseminar-Teil-III-scaled.jpg\" class=\"attachment-post-thumbnail size-post-thumbnail wp-post-image\" alt=\"\" style=\"object-fit:cover;\" srcset=\"https:\/\/standort-niederrhein.de\/wp-content\/uploads\/2025\/11\/PI-Nachbericht-Gruenderseminar-Teil-III-scaled.jpg 2560w, https:\/\/standort-niederrhein.de\/wp-content\/uploads\/2025\/11\/PI-Nachbericht-Gruenderseminar-Teil-III-1280x873.jpg 1280w, https:\/\/standort-niederrhein.de\/wp-content\/uploads\/2025\/11\/PI-Nachbericht-Gruenderseminar-Teil-III-980x668.jpg 980w, https:\/\/standort-niederrhein.de\/wp-content\/uploads\/2025\/11\/PI-Nachbericht-Gruenderseminar-Teil-III-480x327.jpg 480w\" sizes=\"(min-width: 0px) and (max-width: 480px) 480px, (min-width: 481px) and (max-width: 980px) 980px, (min-width: 981px) and (max-width: 1280px) 1280px, (min-width: 1281px) 2560px, 100vw\" \/><\/figure>\n\n\n<p>\u00dcber den erfolgreichen Austausch freuten sich (v.l.n.r.): Timo und Pascal Elbers (Gr\u00fcnder von Kanalbr\u00fcder GmbH &amp; Co. KG), Tanja Ammersd\u00f6rfer und Dennis Groesdonk (Gr\u00fcnder von GOAL GmbH), Vera Koch (Moderation) Brigitte Jansen und Irina Jan\u00dfen (WfG Kreis Kleve). | Foto: WfG Kreis Kleve\/ Markus van Offern<\/p>\n","protected":false},"excerpt":{"rendered":"<p>Kreis Kleve\/ Kleve. F\u00fcr den dritten und damit abschlie\u00dfenden Teil der Seminarreihe \u201eInformieren \u2013 Planen \u2013 Gr\u00fcnden\u201c lud die Wirtschaftsf\u00f6rderung Kreis Kleve Gr\u00fcndungsinteressierte in die R\u00e4umlichkeiten des elaya Hotel in Kleve ein. Mit freundlicher Unterst\u00fctzung der Sparkassen und Volksbanken der Region lag der Fokus diesmal darauf, Gr\u00fcndungsgeschichten verschiedener Branchen zu h\u00f6ren, praxisnahe Einblicke und m\u00f6glichst [&hellip;]<\/p>\n","protected":false},"author":3,"featured_media":7055,"comment_status":"closed","ping_status":"closed","sticky":false,"template":"","format":"standard","meta":{"_et_pb_use_builder":"","_et_pb_old_content":"","_et_gb_content_width":"","footnotes":""},"categories":[1],"tags":[],"class_list":["post-7054","post","type-post","status-publish","format-standard","has-post-thumbnail","hentry","category-allgemein"],"_links":{"self":[{"href":"https:\/\/standort-niederrhein.de\/en\/wp-json\/wp\/v2\/posts\/7054","targetHints":{"allow":["GET"]}}],"collection":[{"href":"https:\/\/standort-niederrhein.de\/en\/wp-json\/wp\/v2\/posts"}],"about":[{"href":"https:\/\/standort-niederrhein.de\/en\/wp-json\/wp\/v2\/types\/post"}],"author":[{"embeddable":true,"href":"https:\/\/standort-niederrhein.de\/en\/wp-json\/wp\/v2\/users\/3"}],"replies":[{"embeddable":true,"href":"https:\/\/standort-niederrhein.de\/en\/wp-json\/wp\/v2\/comments?post=7054"}],"version-history":[{"count":1,"href":"https:\/\/standort-niederrhein.de\/en\/wp-json\/wp\/v2\/posts\/7054\/revisions"}],"predecessor-version":[{"id":7056,"href":"https:\/\/standort-niederrhein.de\/en\/wp-json\/wp\/v2\/posts\/7054\/revisions\/7056"}],"wp:featuredmedia":[{"embeddable":true,"href":"https:\/\/standort-niederrhein.de\/en\/wp-json\/wp\/v2\/media\/7055"}],"wp:attachment":[{"href":"https:\/\/standort-niederrhein.de\/en\/wp-json\/wp\/v2\/media?parent=7054"}],"wp:term":[{"taxonomy":"category","embeddable":true,"href":"https:\/\/standort-niederrhein.de\/en\/wp-json\/wp\/v2\/categories?post=7054"},{"taxonomy":"post_tag","embeddable":true,"href":"https:\/\/standort-niederrhein.de\/en\/wp-json\/wp\/v2\/tags?post=7054"}],"curies":[{"name":"wp","href":"https:\/\/api.w.org\/{rel}","templated":true}]}}