{"id":7048,"date":"2025-11-30T06:00:00","date_gmt":"2025-11-30T05:00:00","guid":{"rendered":"https:\/\/standort-niederrhein.de\/?p=7048"},"modified":"2025-11-28T10:07:08","modified_gmt":"2025-11-28T09:07:08","slug":"wie-unternehmen-ki-fuer-sich-nutzen-koennen-2","status":"publish","type":"post","link":"https:\/\/standort-niederrhein.de\/en\/2025\/11\/30\/wie-unternehmen-ki-fuer-sich-nutzen-koennen-2\/","title":{"rendered":"Wie Unternehmen KI f\u00fcr sich nutzen k\u00f6nnen"},"content":{"rendered":"\n<p><strong>Kreis Kleve\/ Kerken. <\/strong>Auch das vierte Unternehmerfr\u00fchst\u00fcck der Wirtschaftsf\u00f6rderung Kreis<strong> <\/strong>Kleve in der Veranstaltungsreihe 2025\/2026 fand gro\u00dfes Interesse. Auf dem Ridderbeckshof begr\u00fc\u00dfte zun\u00e4chst die neue B\u00fcrgermeisterin Iris Itgenshorst die rund 50 G\u00e4ste, stellte unter anderem die Agenda der kommenden Gremiensitzung sowie die j\u00fcngst gestarteten Social-Media-Kan\u00e4le der Gemeinde Kerken vor.<\/p>\n\n\n\n<p>Gesch\u00e4ftsf\u00fchrerin Brigitte Jansen pr\u00e4sentierte den G\u00e4sten die vielf\u00e4ltigen Aktivit\u00e4ten der Kreis-Wirtschaftsf\u00f6rderung. Mit Blick auf KI sagte sie: \u201eDieses Thema bietet Chancen und Herausforderungen, gerade auch f\u00fcr kleine und mittlere Unternehmen\u201c.<\/p>\n\n\n\n<p>Genau dies wurde auch beim Hauptvortrag der Veranstaltung mit dem Titel: \u201eKI verstehen und nutzen: Ein Kompass f\u00fcr KMU\u201c deutlich. Christian Theissen, Partner bei der KPP Steuerberatungsgesellschaft, sowie Gerrit R\u00f6hl, IT\u2013Manager bei KPP, erl\u00e4uterten dabei, wie KI funktioniert, wie sie in der t\u00e4glichen Unternehmenspraxis angewendet werden kann, welche rechtlichen Aspekte zu beachten sind und wie Firmen die Einf\u00fchrung von KI gelingt.<\/p>\n\n\n\n<p>Mehr davon, wie K\u00fcnstliche Intelligenz Einzug in den Firmenalltag findet, erfuhren die Teilnehmenden bei einer durch Andrea Franken moderierten Gespr\u00e4chsrunde. &nbsp;<\/p>\n\n\n\n<p>Lars Looschelders, einer der Gr\u00fcnder der Br\u00fcdergeist GmbH, berichtete wie das Start-Up KI f\u00fcr die Unternehmenskommunikation insbesondere bei der Gestaltung von Werbeanzeigen nutzt. Mit kleinem Werbebudget m\u00fcsse nach Maximalprinzip gearbeitet werden \u2013 und daf\u00fcr sei KI sehr n\u00fctzlich, so Looschelders.<\/p>\n\n\n\n<p>Iris Itgenshorst betonte, dass eine Einbindung externer Unternehmen f\u00fcr den Bereich KI unbedingt die Akzeptanz der Mitarbeiter finden m\u00fcsse. Es sollten alle mit einbezogen und vor allem m\u00fcsse zugeh\u00f6rt werden. Sie motivierte: \u201eBleiben Sie neugierig und probieren Sie einfach aus!\u201c.<\/p>\n\n\n\n<p>Auch die Steuerberatung KPP nutzt KI. Christian Theissen empfahl den G\u00e4sten, das ganze Team im Unternehmen mit einzubinden, wenn es um die Anwendung von KI geht. \u201eGerade f\u00fcr wiederkehrende Arbeiten bietet sich K\u00fcnstliche Intelligenz an. Dadurch ergeben sich den Fachkr\u00e4ften Freir\u00e4ume f\u00fcr andere Aufgaben\u201c, betonte Theissen. Es sei heutzutage keine Frage mehr, ob, sondern wie das Thema KI im Unternehmen angegangen werde, so der Rechtsanwalt und Steuerberater.<\/p>\n\n\n\n<p>Zum Abschluss tauschten sich die Teilnehmenden noch rege \u00fcber Anwendungsm\u00f6glichkeiten von K\u00fcnstlicher Intelligenz aus.<\/p>\n\n\n\n<p>Quelle: <a href=\"http:\/\/www.wfg-kreis-kleve.de\">WFG Kreis Kleve<\/a><\/p>\n\n\n<figure class=\"wp-block-post-featured-image\"><img loading=\"lazy\" decoding=\"async\" width=\"2093\" height=\"1357\" src=\"https:\/\/standort-niederrhein.de\/wp-content\/uploads\/2025\/11\/PI-Unternehmerfruehstueck-Kerken.jpg\" class=\"attachment-post-thumbnail size-post-thumbnail wp-post-image\" alt=\"\" style=\"object-fit:cover;\" srcset=\"https:\/\/standort-niederrhein.de\/wp-content\/uploads\/2025\/11\/PI-Unternehmerfruehstueck-Kerken.jpg 2093w, https:\/\/standort-niederrhein.de\/wp-content\/uploads\/2025\/11\/PI-Unternehmerfruehstueck-Kerken-1280x830.jpg 1280w, https:\/\/standort-niederrhein.de\/wp-content\/uploads\/2025\/11\/PI-Unternehmerfruehstueck-Kerken-980x635.jpg 980w, https:\/\/standort-niederrhein.de\/wp-content\/uploads\/2025\/11\/PI-Unternehmerfruehstueck-Kerken-480x311.jpg 480w\" sizes=\"(min-width: 0px) and (max-width: 480px) 480px, (min-width: 481px) and (max-width: 980px) 980px, (min-width: 981px) and (max-width: 1280px) 1280px, (min-width: 1281px) 2093px, 100vw\" \/><\/figure>\n\n\n<p>Beim Unternehmerfr\u00fchst\u00fcck in der Gemeinde Kerken (von links): Irina Jan\u00dfen (WFG Kreis Kleve), Iris Itgenshorst (B\u00fcrgermeisterin Gemeinde Kerken), Brigitte Jansen (Gesch\u00e4ftsf\u00fchrerin WFG Kreis Kleve), Merle Franken (WFG Kreis Kleve), Gerrit R\u00f6hl (KPP Steuerberatungsgesellschaft), Andrea Franken (Moderatorin), Christian Theissen (KPP Steuerberatungsgesellschaft) und Melanie Dornis (Gemeinde Kerken). | Foto: WFG Kreis Kleve<\/p>\n","protected":false},"excerpt":{"rendered":"<p>Kreis Kleve\/ Kerken. Auch das vierte Unternehmerfr\u00fchst\u00fcck der Wirtschaftsf\u00f6rderung Kreis Kleve in der Veranstaltungsreihe 2025\/2026 fand gro\u00dfes Interesse. Auf dem Ridderbeckshof begr\u00fc\u00dfte zun\u00e4chst die neue B\u00fcrgermeisterin Iris Itgenshorst die rund 50 G\u00e4ste, stellte unter anderem die Agenda der kommenden Gremiensitzung sowie die j\u00fcngst gestarteten Social-Media-Kan\u00e4le der Gemeinde Kerken vor. Gesch\u00e4ftsf\u00fchrerin Brigitte Jansen pr\u00e4sentierte den G\u00e4sten [&hellip;]<\/p>\n","protected":false},"author":3,"featured_media":7049,"comment_status":"closed","ping_status":"closed","sticky":false,"template":"","format":"standard","meta":{"_et_pb_use_builder":"","_et_pb_old_content":"","_et_gb_content_width":"","footnotes":""},"categories":[1],"tags":[],"class_list":["post-7048","post","type-post","status-publish","format-standard","has-post-thumbnail","hentry","category-allgemein"],"_links":{"self":[{"href":"https:\/\/standort-niederrhein.de\/en\/wp-json\/wp\/v2\/posts\/7048","targetHints":{"allow":["GET"]}}],"collection":[{"href":"https:\/\/standort-niederrhein.de\/en\/wp-json\/wp\/v2\/posts"}],"about":[{"href":"https:\/\/standort-niederrhein.de\/en\/wp-json\/wp\/v2\/types\/post"}],"author":[{"embeddable":true,"href":"https:\/\/standort-niederrhein.de\/en\/wp-json\/wp\/v2\/users\/3"}],"replies":[{"embeddable":true,"href":"https:\/\/standort-niederrhein.de\/en\/wp-json\/wp\/v2\/comments?post=7048"}],"version-history":[{"count":1,"href":"https:\/\/standort-niederrhein.de\/en\/wp-json\/wp\/v2\/posts\/7048\/revisions"}],"predecessor-version":[{"id":7050,"href":"https:\/\/standort-niederrhein.de\/en\/wp-json\/wp\/v2\/posts\/7048\/revisions\/7050"}],"wp:featuredmedia":[{"embeddable":true,"href":"https:\/\/standort-niederrhein.de\/en\/wp-json\/wp\/v2\/media\/7049"}],"wp:attachment":[{"href":"https:\/\/standort-niederrhein.de\/en\/wp-json\/wp\/v2\/media?parent=7048"}],"wp:term":[{"taxonomy":"category","embeddable":true,"href":"https:\/\/standort-niederrhein.de\/en\/wp-json\/wp\/v2\/categories?post=7048"},{"taxonomy":"post_tag","embeddable":true,"href":"https:\/\/standort-niederrhein.de\/en\/wp-json\/wp\/v2\/tags?post=7048"}],"curies":[{"name":"wp","href":"https:\/\/api.w.org\/{rel}","templated":true}]}}