{"id":7040,"date":"2025-11-28T07:00:00","date_gmt":"2025-11-28T06:00:00","guid":{"rendered":"https:\/\/standort-niederrhein.de\/?p=7040"},"modified":"2025-11-27T13:00:01","modified_gmt":"2025-11-27T12:00:01","slug":"so-hilft-ki-im-arbeitsalltag","status":"publish","type":"post","link":"https:\/\/standort-niederrhein.de\/en\/2025\/11\/28\/so-hilft-ki-im-arbeitsalltag\/","title":{"rendered":"So hilft KI im Arbeitsalltag"},"content":{"rendered":"\n<p><strong>Kreis Kleve\/ Wachtendonk. <\/strong>Wie k\u00f6nnen kleine und mittelgro\u00dfe Unternehmen f\u00fcr sich gewinnbringend K\u00fcnstliche Intelligenz einsetzen? Antworten auf diese Frage erhielten zahlreiche G\u00e4ste nun beim Unternehmerfr\u00fchst\u00fcck der Wirtschaftsf\u00f6rderung Kreis Kleve in Wachtendonk. In den R\u00e4umen der Jerko Spr\u00fchsysteme GmbH wurden die Teilnehmenden zun\u00e4chst von B\u00fcrgermeister Paul Hoene begr\u00fc\u00dft. Hoene betonte, dass sich die Anzahl der sozialversicherungspflichtigen Besch\u00e4ftigungsverh\u00e4ltnisse in der Gemeinde in den vergangenen Jahren und Jahrzehnten deutlich erh\u00f6ht habe. Der B\u00fcrgermeister k\u00fcndigte an, weiterhin die Wege f\u00fcr nachhaltiges Wachstum in Wachtendonk ebnen zu wollen. \u201eWir wollen weiterwachsen, verbinden dies mit \u00f6kologischen und sozialen Zielen\u201c, sagte Hoene. \u00a0\u00a0Kreisweite Entwicklungen erfuhren die G\u00e4ste von Brigitte Jansen, der Gesch\u00e4ftsf\u00fchrerin der Wirtschaftsf\u00f6rderung Kreis Kleve, die auch die vielf\u00e4ltigen Aktivit\u00e4ten der Kreis-WFG vorstellte.<\/p>\n\n\n\n<p>Anschlie\u00dfend r\u00fcckte das Thema K\u00fcnstliche Intelligenz in den Vordergrund. Die KPP Steuerberatungsgesellschaft mbH aus Kleve hat sich intensiv mit den Funktionsweisen und M\u00f6glichkeiten von KI besch\u00e4ftigt. Dominik van Baal, Steuerberater bei KPP, und Gerrit R\u00f6hl, der IT\u2013Manager der KPP, lie\u00dfen die G\u00e4ste im Rahmen ihres Keynote-Vortrags mit dem Titel: \u201eKI verstehen und nutzen: Ein Kompass f\u00fcr KMU\u201c an ihren Erkenntnissen teilhaben. Dabei ging es darum, wie KI funktioniert, wie sie in der t\u00e4glichen Unternehmenspraxis angewendet werden kann, welche rechtlichen Aspekte zu beachten sind und wie Firmen die Einf\u00fchrung von KI gelingt. In einer Gespr\u00e4chsrunde, moderiert durch Andrea Franken, erl\u00e4uterten Niklas Dahmen, Gesch\u00e4ftsf\u00fchrer der Jerko Spr\u00fchsysteme GmbH, Nils Vesper, Leiter der IT-Abteilung des Wachtendonker Unternehmens DHG, und Dominik van Baal, auf welche Weise KI bereits bei ihnen im Gesch\u00e4ftsalltag Anwendung findet. \u00a0Alle drei waren sich einig darin, dass KI vor allem geeignet ist, um die Mitarbeitenden bei wiederkehrenden Arbeiten zu unterst\u00fctzen. Vesper riet den Anwesenden, alle Mitarbeitenden im Unternehmen einzubinden, wenn es um Anwendungsm\u00f6glichkeiten f\u00fcr die KI geht. Dahmen k\u00fcndigte an, den Einsatz von K\u00fcnstlicher Intelligenz weiter ausbauen zu wollen, etwa, um Wellenbewegungen in der Auslastung auszugleichen und die Auftragsplanung weiter zu verbessern. Van Baal betonte: \u201eEs f\u00fchrt kein Weg mehr an K\u00fcnstlicher Intelligenz vorbei. Nutzen Sie die M\u00f6glichkeiten!\u201c.<\/p>\n\n\n\n<p>Quelle: <a href=\"http:\/\/www.wfg-kreis-kleve.de\">WFG Kreis Kleve<\/a><\/p>\n\n\n<figure class=\"wp-block-post-featured-image\"><img loading=\"lazy\" decoding=\"async\" width=\"1199\" height=\"798\" src=\"https:\/\/standort-niederrhein.de\/wp-content\/uploads\/2025\/11\/Wirtschaftsfoerderung_Unternehmerfruehstueck-2025_Wachtendonk.jpg\" class=\"attachment-post-thumbnail size-post-thumbnail wp-post-image\" alt=\"\" style=\"object-fit:cover;\" srcset=\"https:\/\/standort-niederrhein.de\/wp-content\/uploads\/2025\/11\/Wirtschaftsfoerderung_Unternehmerfruehstueck-2025_Wachtendonk.jpg 1199w, https:\/\/standort-niederrhein.de\/wp-content\/uploads\/2025\/11\/Wirtschaftsfoerderung_Unternehmerfruehstueck-2025_Wachtendonk-980x652.jpg 980w, https:\/\/standort-niederrhein.de\/wp-content\/uploads\/2025\/11\/Wirtschaftsfoerderung_Unternehmerfruehstueck-2025_Wachtendonk-480x319.jpg 480w\" sizes=\"(min-width: 0px) and (max-width: 480px) 480px, (min-width: 481px) and (max-width: 980px) 980px, (min-width: 981px) 1199px, 100vw\" \/><\/figure>\n\n\n<p>Beim Unternehmerfr\u00fchst\u00fcck in Wachtendonk (von links): Dominik van Baal (KPP Steuerberatungsgesellschaft), Andrea Franken (Moderatorin), Marc Cattelaens (WFG Kreis Kleve), Gerrit R\u00f6hl (KPP Steuerberatungsgesellschaft), Nils Vesper (DHG), Niklas Dahmen (Jerko Spr\u00fchsysteme GmbH), Brigitte Jansen (Wirtschaftsf\u00f6rderin Kreis Kleve) und Paul Hoene (B\u00fcrgermeister Gemeinde Wachtendonk).<\/p>\n\n\n\n<p><br><\/p>\n","protected":false},"excerpt":{"rendered":"<p>Kreis Kleve\/ Wachtendonk. Wie k\u00f6nnen kleine und mittelgro\u00dfe Unternehmen f\u00fcr sich gewinnbringend K\u00fcnstliche Intelligenz einsetzen? Antworten auf diese Frage erhielten zahlreiche G\u00e4ste nun beim Unternehmerfr\u00fchst\u00fcck der Wirtschaftsf\u00f6rderung Kreis Kleve in Wachtendonk. In den R\u00e4umen der Jerko Spr\u00fchsysteme GmbH wurden die Teilnehmenden zun\u00e4chst von B\u00fcrgermeister Paul Hoene begr\u00fc\u00dft. Hoene betonte, dass sich die Anzahl der sozialversicherungspflichtigen [&hellip;]<\/p>\n","protected":false},"author":3,"featured_media":7042,"comment_status":"closed","ping_status":"closed","sticky":false,"template":"","format":"standard","meta":{"_et_pb_use_builder":"","_et_pb_old_content":"","_et_gb_content_width":"","footnotes":""},"categories":[1],"tags":[],"class_list":["post-7040","post","type-post","status-publish","format-standard","has-post-thumbnail","hentry","category-allgemein"],"_links":{"self":[{"href":"https:\/\/standort-niederrhein.de\/en\/wp-json\/wp\/v2\/posts\/7040","targetHints":{"allow":["GET"]}}],"collection":[{"href":"https:\/\/standort-niederrhein.de\/en\/wp-json\/wp\/v2\/posts"}],"about":[{"href":"https:\/\/standort-niederrhein.de\/en\/wp-json\/wp\/v2\/types\/post"}],"author":[{"embeddable":true,"href":"https:\/\/standort-niederrhein.de\/en\/wp-json\/wp\/v2\/users\/3"}],"replies":[{"embeddable":true,"href":"https:\/\/standort-niederrhein.de\/en\/wp-json\/wp\/v2\/comments?post=7040"}],"version-history":[{"count":1,"href":"https:\/\/standort-niederrhein.de\/en\/wp-json\/wp\/v2\/posts\/7040\/revisions"}],"predecessor-version":[{"id":7044,"href":"https:\/\/standort-niederrhein.de\/en\/wp-json\/wp\/v2\/posts\/7040\/revisions\/7044"}],"wp:featuredmedia":[{"embeddable":true,"href":"https:\/\/standort-niederrhein.de\/en\/wp-json\/wp\/v2\/media\/7042"}],"wp:attachment":[{"href":"https:\/\/standort-niederrhein.de\/en\/wp-json\/wp\/v2\/media?parent=7040"}],"wp:term":[{"taxonomy":"category","embeddable":true,"href":"https:\/\/standort-niederrhein.de\/en\/wp-json\/wp\/v2\/categories?post=7040"},{"taxonomy":"post_tag","embeddable":true,"href":"https:\/\/standort-niederrhein.de\/en\/wp-json\/wp\/v2\/tags?post=7040"}],"curies":[{"name":"wp","href":"https:\/\/api.w.org\/{rel}","templated":true}]}}