{"id":7030,"date":"2025-11-27T07:00:00","date_gmt":"2025-11-27T06:00:00","guid":{"rendered":"https:\/\/standort-niederrhein.de\/?p=7030"},"modified":"2025-11-24T09:57:33","modified_gmt":"2025-11-24T08:57:33","slug":"mut-zur-gruendung-lets-talk-future","status":"publish","type":"post","link":"https:\/\/standort-niederrhein.de\/en\/2025\/11\/27\/mut-zur-gruendung-lets-talk-future\/","title":{"rendered":"\u201eMut zur Gr\u00fcndung: Let\u2019s talk future\u201c"},"content":{"rendered":"\n<p>Kreis Wesel. Im Rahmen des diesj\u00e4hrigen Women\u00b4s Entrepreneurship Day trafen sich Gr\u00fcnderinnen aus der Region Niederrhein zur Veranstaltung \u201eMut zur Gr\u00fcndung: Let\u2019s talk future\u201c in einer au\u00dfergew\u00f6hnlichen Location in Schermbeck. Die Gleichstellungsbeauftragte der Gemeinde Schermbeck, Susanne K\u00f6tter, stellte hierf\u00fcr die historische alte reformierte Kirche zur Verf\u00fcgung, die nicht nur durch ihre besondere Architektur, sondern auch durch ihre Atmosph\u00e4re einen inspirierenden Rahmen f\u00fcr das Thema \u201eGr\u00fcnden\u201c bot.<\/p>\n\n\n\n<p>Trotz ihres Erfolges und solider Ums\u00e4tze bleibt der Anteil von Gr\u00fcnderinnen nach wie vor gering. Die Herausforderung, ein neu gegr\u00fcndetes Unternehmen zu etablieren und nachhaltig weiterzuentwickeln, erfordert eine durchdachte Strategie. Eine stabile Finanzierung ist dabei eine wesentliche Grundlage f\u00fcr langfristigen Erfolg.<\/p>\n\n\n\n<p>Bereits zum dritten Mal haben die Fachstelle Frau und Beruf, das Startercenter NRW.Niederrhein in der EntwicklungsAgentur Wirtschaft Kreis Wesel und Competentia NRW \u2013 Kompetenzzentrum Frau &amp; Beruf Niederrhein das Veranstaltungsformat f\u00fcr Gr\u00fcnderinnen im l\u00e4ndlichen Raum des Kreises Wesel organisiert.<\/p>\n\n\n\n<p>Simone Plum, F\u00f6rderberaterin der NRW.Bank, gab spannende Einblicke in das wettbewerbsneutrale F\u00f6rderangebot des Landes Nordrhein-Westfalen. Ihre kostenfreie Beratung zu Finanzierungs- und F\u00f6rderm\u00f6glichkeiten f\u00fcr Gr\u00fcndungen und Unternehmenswachstum ist ein wertvolles Angebot f\u00fcr Gr\u00fcnderinnen.<\/p>\n\n\n\n<p>Im Anschluss hielt Denise Br\u00fccker, Autorin und Mentorin bei kokokonzept Hamminkeln, einen Vortrag zum Thema \u201eKommunikation als Hebel f\u00fcr unternehmerischen Erfolg\u201c.<\/p>\n\n\n\n<p>Ein weiterer H\u00f6hepunkt war der Austausch mit den Unternehmerinnen Katharina Klump, Gesch\u00e4ftsf\u00fchrerin des Landhotels Vosh\u00f6vel in Schermbeck, und Jennifer Roteh\u00fcser, Gr\u00fcnderin und Inhaberin von roteh\u00fcser PHYSIOTHERAPIE in Wesel. Gemeinsam mit Moderatorin Franziska Hilfenhaus (freie Journalistin, Frau tv\/WDR, Moderatorin und Medientrainerin) diskutierten die Teilnehmenden aktuelle Themen rund um Gr\u00fcndungsnachfolge, gesundes Unternehmensmanagement, die Vereinbarkeit von Beruf und Familie sowie finanzielle Wachstumsstrategien.<\/p>\n\n\n\n<p>Das anschlie\u00dfende Netzwerken bot den Teilnehmerinnen Gelegenheit, diese Themen vertieft zu besprechen und voneinander zu lernen. F\u00fcr Frauen und Gr\u00fcnderinnen im l\u00e4ndlichen Raum ist der Austausch und das Netzwerken von besonderer Bedeutung, was die positive Resonanz auf die Veranstaltung widerspiegelt.<\/p>\n\n\n\n<p>Die Veranstaltung wurde in Kooperation der Fachstelle Frau und Beruf Kreis Wesel, des STARTERCENTER NRW.Niederrhein in der EntwicklungsAgentur Wirtschaft Kreis Wesel und Competentia NRW \u2013 Kompetenzzentrum Frau &amp; Beruf Niederrhein sowie der Gleichstellungsstelle der Gemeinde Schermbeck organisiert. Das Kompetenzzentrum Frau &amp; Beruf Niederrhein wird unter der Tr\u00e4gerschaft der Stadt Duisburg vom Ministerium f\u00fcr Kinder, Jugend, Familie, Gleichstellung, Flucht und Integration des Landes Nordrhein-Westfalen gef\u00f6rdert.<\/p>\n\n\n\n<p>Quelle: <a href=\"https:\/\/www.kreis-wesel.de\/aktuelles\/presse\/mut-zur-gruendung-lets-talk-future-vereinbarkeit-wachstum-und-finanzen-veran\">Kreis Wesel<\/a><\/p>\n","protected":false},"excerpt":{"rendered":"<p>Kreis Wesel. Im Rahmen des diesj\u00e4hrigen Women\u00b4s Entrepreneurship Day trafen sich Gr\u00fcnderinnen aus der Region Niederrhein zur Veranstaltung \u201eMut zur Gr\u00fcndung: Let\u2019s talk future\u201c in einer au\u00dfergew\u00f6hnlichen Location in Schermbeck. Die Gleichstellungsbeauftragte der Gemeinde Schermbeck, Susanne K\u00f6tter, stellte hierf\u00fcr die historische alte reformierte Kirche zur Verf\u00fcgung, die nicht nur durch ihre besondere Architektur, sondern auch [&hellip;]<\/p>\n","protected":false},"author":3,"featured_media":0,"comment_status":"closed","ping_status":"closed","sticky":false,"template":"","format":"standard","meta":{"_et_pb_use_builder":"","_et_pb_old_content":"","_et_gb_content_width":"","footnotes":""},"categories":[1],"tags":[],"class_list":["post-7030","post","type-post","status-publish","format-standard","hentry","category-allgemein"],"_links":{"self":[{"href":"https:\/\/standort-niederrhein.de\/en\/wp-json\/wp\/v2\/posts\/7030","targetHints":{"allow":["GET"]}}],"collection":[{"href":"https:\/\/standort-niederrhein.de\/en\/wp-json\/wp\/v2\/posts"}],"about":[{"href":"https:\/\/standort-niederrhein.de\/en\/wp-json\/wp\/v2\/types\/post"}],"author":[{"embeddable":true,"href":"https:\/\/standort-niederrhein.de\/en\/wp-json\/wp\/v2\/users\/3"}],"replies":[{"embeddable":true,"href":"https:\/\/standort-niederrhein.de\/en\/wp-json\/wp\/v2\/comments?post=7030"}],"version-history":[{"count":1,"href":"https:\/\/standort-niederrhein.de\/en\/wp-json\/wp\/v2\/posts\/7030\/revisions"}],"predecessor-version":[{"id":7031,"href":"https:\/\/standort-niederrhein.de\/en\/wp-json\/wp\/v2\/posts\/7030\/revisions\/7031"}],"wp:attachment":[{"href":"https:\/\/standort-niederrhein.de\/en\/wp-json\/wp\/v2\/media?parent=7030"}],"wp:term":[{"taxonomy":"category","embeddable":true,"href":"https:\/\/standort-niederrhein.de\/en\/wp-json\/wp\/v2\/categories?post=7030"},{"taxonomy":"post_tag","embeddable":true,"href":"https:\/\/standort-niederrhein.de\/en\/wp-json\/wp\/v2\/tags?post=7030"}],"curies":[{"name":"wp","href":"https:\/\/api.w.org\/{rel}","templated":true}]}}