{"id":7000,"date":"2025-11-23T06:00:00","date_gmt":"2025-11-23T05:00:00","guid":{"rendered":"https:\/\/standort-niederrhein.de\/?p=7000"},"modified":"2025-11-18T10:26:41","modified_gmt":"2025-11-18T09:26:41","slug":"volksbank-plant-filialneubau-in-hardt","status":"publish","type":"post","link":"https:\/\/standort-niederrhein.de\/en\/2025\/11\/23\/volksbank-plant-filialneubau-in-hardt\/","title":{"rendered":"Volksbank plant Filialneubau in Hardt"},"content":{"rendered":"\n<p><strong>M\u00f6nchengladbach.<\/strong> Mit dem nun erfolgten Spatenstich ist der Neubau der Hardter Filiale der Volksbank M\u00f6nchengladbach an neuem Standort auf den Weg gebracht. Die Fertigstellung ist f\u00fcr Anfang 2028 geplant. Die WFMG \u2013 Wirtschaftsf\u00f6rderung M\u00f6nchengladbach GmbH hatte den Verkaufsprozess des 3.500 Quadratmeter gro\u00dfen st\u00e4dtischen Grundst\u00fccks begleitet.<\/p>\n\n\n\n<p>Der Bankensektor befindet sich nicht zuletzt durch die fortschreitende Digitalisierung in einem tiefgreifenden Wandel. Viele Gesch\u00e4ftsbanken \u00fcberdenken speziell im Privatkundengesch\u00e4ft ihre Marktstrategien. Vor dem Hintergrund des stetig wachsenden Online-Bankings ist es eher zur Ausnahme geworden, dass ein Kreditinstitut in den Neubau einer Filiale investiert.<\/p>\n\n\n\n<p>Die Volksbank M\u00f6nchengladbach eG plant am Tomper Weg im Stadtteil Hardt den Neubau eines Gesch\u00e4ftshauses, in dessen Erdgeschoss eine neue Filiale der Bank entstehen soll. Mit dem Bauvorhaben unterstreicht das Institut seine Pr\u00e4senz in der Region und setzt weiterhin auf pers\u00f6nliche Kundenn\u00e4he \u2013 sowohl im Privat- als auch im Firmenkundengesch\u00e4ft. \u201eMit einer modernen, zukunftsf\u00e4higen Filiale leisten wir auch weiterhin einen Beitrag zur Nahversorgung in Hardt\u201c, sagte Vorstand Franz D. Meurers beim nun erfolgten Spatenstich f\u00fcr das Vorhaben.<\/p>\n\n\n\n<p>Der Verkauf des rund 3.500 Quadratmeter gro\u00dfen st\u00e4dtischen Grundst\u00fccks war von der WFMG begleitet und seitens der Entwicklungsgesellschaft (EWMG) flankiert worden. Geplant ist ein zweigeschossiger Bauk\u00f6rper in L-Form. Auf 475 Quadratmetern Nutzfl\u00e4che im Erdgeschoss des B\u00fcrogeb\u00e4udes ist die Filiale vorgesehen. Weitere Arbeitsplatzeffekte ergeben sich durch die Vermietung einer 300 Quadratmeter gro\u00dfen Nutzfl\u00e4che im Obergeschoss, die sich f\u00fcr Gesch\u00e4ftsr\u00e4ume eignet. Die vorherige Volksbank-Filiale in Hardt an der Vorster Stra\u00dfe war durch eine Automatensprengung so sehr in Mitleidenschaft gezogen worden, dass die Wahl letztlich auf einen Neubau im Zusammenhang mit einer Standortverlagerung fiel.<\/p>\n\n\n\n<p>\u201eMit dem Neubau der Volksbank-Filiale in Hardt entsteht ein bestens in das Umfeld integrierter und f\u00fcr die Kunden au\u00dferdem sehr gut erreichbarer Standort\u201c, sagt Dr. Ulrich Sch\u00fcckhaus, Vorsitzender der WFMG-Gesch\u00e4ftsf\u00fchrung. Die Fertigstellung soll voraussichtlich bis Anfang 2028 erfolgen.<\/p>\n\n\n\n<p>Quelle: <a href=\"http:\/\/www.wfmg.de\">WFMG<\/a><\/p>\n\n\n<figure class=\"wp-block-post-featured-image\"><img loading=\"lazy\" decoding=\"async\" width=\"2560\" height=\"1707\" src=\"https:\/\/standort-niederrhein.de\/wp-content\/uploads\/2025\/11\/PMWFMG-2025-11-18-Grundstuecksverkauf-Volksbank-scaled.jpg\" class=\"attachment-post-thumbnail size-post-thumbnail wp-post-image\" alt=\"\" style=\"object-fit:cover;\" srcset=\"https:\/\/standort-niederrhein.de\/wp-content\/uploads\/2025\/11\/PMWFMG-2025-11-18-Grundstuecksverkauf-Volksbank-scaled.jpg 2560w, https:\/\/standort-niederrhein.de\/wp-content\/uploads\/2025\/11\/PMWFMG-2025-11-18-Grundstuecksverkauf-Volksbank-1280x854.jpg 1280w, https:\/\/standort-niederrhein.de\/wp-content\/uploads\/2025\/11\/PMWFMG-2025-11-18-Grundstuecksverkauf-Volksbank-980x653.jpg 980w, https:\/\/standort-niederrhein.de\/wp-content\/uploads\/2025\/11\/PMWFMG-2025-11-18-Grundstuecksverkauf-Volksbank-480x320.jpg 480w\" sizes=\"(min-width: 0px) and (max-width: 480px) 480px, (min-width: 481px) and (max-width: 980px) 980px, (min-width: 981px) and (max-width: 1280px) 1280px, (min-width: 1281px) 2560px, 100vw\" \/><\/figure>\n\n\n<p>Foto: Volksbank M\u00f6nchengladbach eG<\/p>\n","protected":false},"excerpt":{"rendered":"<p>M\u00f6nchengladbach. Mit dem nun erfolgten Spatenstich ist der Neubau der Hardter Filiale der Volksbank M\u00f6nchengladbach an neuem Standort auf den Weg gebracht. Die Fertigstellung ist f\u00fcr Anfang 2028 geplant. Die WFMG \u2013 Wirtschaftsf\u00f6rderung M\u00f6nchengladbach GmbH hatte den Verkaufsprozess des 3.500 Quadratmeter gro\u00dfen st\u00e4dtischen Grundst\u00fccks begleitet. Der Bankensektor befindet sich nicht zuletzt durch die fortschreitende Digitalisierung [&hellip;]<\/p>\n","protected":false},"author":3,"featured_media":7001,"comment_status":"closed","ping_status":"closed","sticky":false,"template":"","format":"standard","meta":{"_et_pb_use_builder":"","_et_pb_old_content":"","_et_gb_content_width":"","footnotes":""},"categories":[1],"tags":[],"class_list":["post-7000","post","type-post","status-publish","format-standard","has-post-thumbnail","hentry","category-allgemein"],"_links":{"self":[{"href":"https:\/\/standort-niederrhein.de\/en\/wp-json\/wp\/v2\/posts\/7000","targetHints":{"allow":["GET"]}}],"collection":[{"href":"https:\/\/standort-niederrhein.de\/en\/wp-json\/wp\/v2\/posts"}],"about":[{"href":"https:\/\/standort-niederrhein.de\/en\/wp-json\/wp\/v2\/types\/post"}],"author":[{"embeddable":true,"href":"https:\/\/standort-niederrhein.de\/en\/wp-json\/wp\/v2\/users\/3"}],"replies":[{"embeddable":true,"href":"https:\/\/standort-niederrhein.de\/en\/wp-json\/wp\/v2\/comments?post=7000"}],"version-history":[{"count":1,"href":"https:\/\/standort-niederrhein.de\/en\/wp-json\/wp\/v2\/posts\/7000\/revisions"}],"predecessor-version":[{"id":7002,"href":"https:\/\/standort-niederrhein.de\/en\/wp-json\/wp\/v2\/posts\/7000\/revisions\/7002"}],"wp:featuredmedia":[{"embeddable":true,"href":"https:\/\/standort-niederrhein.de\/en\/wp-json\/wp\/v2\/media\/7001"}],"wp:attachment":[{"href":"https:\/\/standort-niederrhein.de\/en\/wp-json\/wp\/v2\/media?parent=7000"}],"wp:term":[{"taxonomy":"category","embeddable":true,"href":"https:\/\/standort-niederrhein.de\/en\/wp-json\/wp\/v2\/categories?post=7000"},{"taxonomy":"post_tag","embeddable":true,"href":"https:\/\/standort-niederrhein.de\/en\/wp-json\/wp\/v2\/tags?post=7000"}],"curies":[{"name":"wp","href":"https:\/\/api.w.org\/{rel}","templated":true}]}}