{"id":6997,"date":"2025-11-20T06:00:00","date_gmt":"2025-11-20T05:00:00","guid":{"rendered":"https:\/\/standort-niederrhein.de\/?p=6997"},"modified":"2025-11-18T10:00:57","modified_gmt":"2025-11-18T09:00:57","slug":"hebmueller-gmbh-nutzte-foerderung-zur-digitalisierung-und-effizienzsteigerung","status":"publish","type":"post","link":"https:\/\/standort-niederrhein.de\/en\/2025\/11\/20\/hebmueller-gmbh-nutzte-foerderung-zur-digitalisierung-und-effizienzsteigerung\/","title":{"rendered":"Hebm\u00fcller GmbH nutzte F\u00f6rderung zur Digitalisierung und Effizienzsteigerung"},"content":{"rendered":"\n<p><strong>Rhein-Kreis Neuss\/ Meerbusch.<\/strong> Die Hebm\u00fcller GmbH an der Rudolf-Diesel-Stra\u00dfe in Meerbusch entwickelt und vertreibt Kunststoffsiebe und sogenannte 2K-Elastomer-Dichtungen. Dabei konzentriert sich das Unternehmen auf kleine und mittlere St\u00fcckzahlen aus manueller bis halbautomatischer Serienfertigung. Beliefert werden Kunden verschiedener Industriezweige. Kamen Abnehmer wie Porsche bisher haupts\u00e4chlich aus der Automobilindustrie, so tragen seit kurzem Hersteller von Wasser- und Sanit\u00e4r-Armaturen den gr\u00f6\u00dften Anteil zum Gesch\u00e4ftserfolg bei. Weitere Einsatzm\u00f6glichkeiten f\u00fcr die Siebe und Dichtungen sieht Hebm\u00fcller bei anspruchsvollen Hydraulikanwendungen.<\/p>\n\n\n\n<p>Unterst\u00fctzt wird das Unternehmen seit 2023 im Rahmen des INNO-RKN-F\u00f6rderprogramms des Rhein-Kreises Neuss, das kleine und mittelst\u00e4ndische Unternehmen mit bis zu 25 000 Euro f\u00f6rdert. Die Hebm\u00fcller GmbH hat die F\u00f6rdermittel f\u00fcr Software zur Digitalisierung und Effizienzsteigerung der Auftragsanlage genutzt. So hat das Meerbuscher Unternehmen eine intelligente Softwarel\u00f6sung entwickelt, die die gesamte Prozesskette von der Auftragsannahme bis zur finalen Freigabe automatisiert. Ein digitaler Workflow automatisiert das Lesen von E-Mails mit Auftragsinformationen, die Pr\u00fcfung der Best\u00e4nde und die Erstellung der Auftragsbest\u00e4tigungen.<\/p>\n\n\n\n<p>Gesch\u00e4ftsf\u00fchrer J\u00f6rg Hebm\u00fcller erl\u00e4utert, wie sein Unternehmen von der Unterst\u00fctzung durch den Rhein-Kreis Neuss profitierte: \u201eDie F\u00f6rderungen haben uns den entscheidenden Anschub gegeben, in neue Technologien zu investieren. Sie st\u00e4rken unser Unternehmen nachhaltig und entlasten unsere Mitarbeitenden f\u00fcr wertsch\u00f6pfende Kundenarbeit.\u201c<\/p>\n\n\n\n<p>Dank der Unterst\u00fctzung konnte der heute 12 Mitarbeiter z\u00e4hlende Betrieb seine Innovationskraft entfalten: Die Automatisierung reduziert manuelle T\u00e4tigkeiten erheblich und verk\u00fcrzt die Durchlaufzeiten entlang des gesamten Prozesses. Au\u00dferdem f\u00fchren weniger Arbeitsstunden und ein minimiertes Fehlerrisiko zu messbaren Einsparungen und einer h\u00f6heren Prozesssicherheit. So k\u00f6nnen mit den vorhandenen Ressourcen deutlich mehr Auftr\u00e4ge als fr\u00fcher bearbeitet werden.<\/p>\n\n\n\n<p>Das Meerbuscher Unternehmen hat seine Urspr\u00fcnge in Neuss. So gr\u00fcndete Klaus Hebm\u00fcller 1975 das Unternehmen in der Quirinus-Stadt. J\u00f6rg Hebm\u00fcller \u00fcbernahm 1995 und zog 2013 mit der Firma nach Meerbusch.<\/p>\n\n\n\n<p>Quelle: <a href=\"http:\/\/www.rhein-kreis-neuss.de\">Rhein-Kreis Neuss<\/a><\/p>\n\n\n<figure class=\"wp-block-post-featured-image\"><img loading=\"lazy\" decoding=\"async\" width=\"2560\" height=\"2048\" src=\"https:\/\/standort-niederrhein.de\/wp-content\/uploads\/2025\/11\/RKN-Hebmueller-5159-scaled.jpg\" class=\"attachment-post-thumbnail size-post-thumbnail wp-post-image\" alt=\"\" style=\"object-fit:cover;\" srcset=\"https:\/\/standort-niederrhein.de\/wp-content\/uploads\/2025\/11\/RKN-Hebmueller-5159-scaled.jpg 2560w, https:\/\/standort-niederrhein.de\/wp-content\/uploads\/2025\/11\/RKN-Hebmueller-5159-1280x1024.jpg 1280w, https:\/\/standort-niederrhein.de\/wp-content\/uploads\/2025\/11\/RKN-Hebmueller-5159-980x784.jpg 980w, https:\/\/standort-niederrhein.de\/wp-content\/uploads\/2025\/11\/RKN-Hebmueller-5159-480x384.jpg 480w\" sizes=\"(min-width: 0px) and (max-width: 480px) 480px, (min-width: 481px) and (max-width: 980px) 980px, (min-width: 981px) and (max-width: 1280px) 1280px, (min-width: 1281px) 2560px, 100vw\" \/><\/figure>\n\n\n<p>Von links: Julian Joosten (technischer Leiter Hebm\u00fcller GmbH), Angelika Brunn (Hebm\u00fcller GmbH), Gesch\u00e4ftsf\u00fchrer J\u00f6rg Hebm\u00fcller, Domnik Hintzen (Impuls.RheinKreisNeuss Wirtschaftsf\u00f6rderung), Robert Abts (Leiter der Impuls.RheinKreisNeuss Wirtschaftsf\u00f6rderung) und Jakob Wojtulski (kaufm\u00e4nnischer Leiter Hebm\u00fcller GmbH) | Foto: W. Walter\/ Rhein-Kreis Neuss<\/p>\n","protected":false},"excerpt":{"rendered":"<p>Rhein-Kreis Neuss\/ Meerbusch. Die Hebm\u00fcller GmbH an der Rudolf-Diesel-Stra\u00dfe in Meerbusch entwickelt und vertreibt Kunststoffsiebe und sogenannte 2K-Elastomer-Dichtungen. Dabei konzentriert sich das Unternehmen auf kleine und mittlere St\u00fcckzahlen aus manueller bis halbautomatischer Serienfertigung. Beliefert werden Kunden verschiedener Industriezweige. Kamen Abnehmer wie Porsche bisher haupts\u00e4chlich aus der Automobilindustrie, so tragen seit kurzem Hersteller von Wasser- und [&hellip;]<\/p>\n","protected":false},"author":3,"featured_media":6998,"comment_status":"closed","ping_status":"closed","sticky":false,"template":"","format":"standard","meta":{"_et_pb_use_builder":"","_et_pb_old_content":"","_et_gb_content_width":"","footnotes":""},"categories":[1],"tags":[],"class_list":["post-6997","post","type-post","status-publish","format-standard","has-post-thumbnail","hentry","category-allgemein"],"_links":{"self":[{"href":"https:\/\/standort-niederrhein.de\/en\/wp-json\/wp\/v2\/posts\/6997","targetHints":{"allow":["GET"]}}],"collection":[{"href":"https:\/\/standort-niederrhein.de\/en\/wp-json\/wp\/v2\/posts"}],"about":[{"href":"https:\/\/standort-niederrhein.de\/en\/wp-json\/wp\/v2\/types\/post"}],"author":[{"embeddable":true,"href":"https:\/\/standort-niederrhein.de\/en\/wp-json\/wp\/v2\/users\/3"}],"replies":[{"embeddable":true,"href":"https:\/\/standort-niederrhein.de\/en\/wp-json\/wp\/v2\/comments?post=6997"}],"version-history":[{"count":1,"href":"https:\/\/standort-niederrhein.de\/en\/wp-json\/wp\/v2\/posts\/6997\/revisions"}],"predecessor-version":[{"id":6999,"href":"https:\/\/standort-niederrhein.de\/en\/wp-json\/wp\/v2\/posts\/6997\/revisions\/6999"}],"wp:featuredmedia":[{"embeddable":true,"href":"https:\/\/standort-niederrhein.de\/en\/wp-json\/wp\/v2\/media\/6998"}],"wp:attachment":[{"href":"https:\/\/standort-niederrhein.de\/en\/wp-json\/wp\/v2\/media?parent=6997"}],"wp:term":[{"taxonomy":"category","embeddable":true,"href":"https:\/\/standort-niederrhein.de\/en\/wp-json\/wp\/v2\/categories?post=6997"},{"taxonomy":"post_tag","embeddable":true,"href":"https:\/\/standort-niederrhein.de\/en\/wp-json\/wp\/v2\/tags?post=6997"}],"curies":[{"name":"wp","href":"https:\/\/api.w.org\/{rel}","templated":true}]}}