{"id":6995,"date":"2025-11-22T06:00:00","date_gmt":"2025-11-22T05:00:00","guid":{"rendered":"https:\/\/standort-niederrhein.de\/?p=6995"},"modified":"2025-11-18T09:57:33","modified_gmt":"2025-11-18T08:57:33","slug":"kreis-wesel-bei-uebernachtungszahlen-weiterhin-auf-erfolgskurs","status":"publish","type":"post","link":"https:\/\/standort-niederrhein.de\/en\/2025\/11\/22\/kreis-wesel-bei-uebernachtungszahlen-weiterhin-auf-erfolgskurs\/","title":{"rendered":"Kreis Wesel bei \u00dcbernachtungszahlen weiterhin auf Erfolgskurs"},"content":{"rendered":"\n<p><strong>Kreis Wesel. <\/strong>Im Kreis Wesel wurden in den ersten acht Monaten des Jahres 2025 bereits 612.497 \u00dcbernachtungen verzeichnet, was eine Steigerung von 33.166 \u00dcbernachtungen (+5,7 Prozent) im Vergleich zum entsprechenden Zeitraum des Vorjahres darstellt.\u00a0<\/p>\n\n\n\n<p>\u201eWir freuen uns sehr, dass sich die positive Entwicklung der \u00dcbernachtungszahlen seit Jahresbeginn weiterhin best\u00e4tigt hat und der Niederrhein Kreis Wesel ein attraktives Reiseziel ist, auch f\u00fcr Familien\u201c, so Lukas H\u00e4hnel, Leiter der EntwicklungsAgentur Wirtschaft Kreis Wesel. \u201eJede zus\u00e4tzliche \u00dcbernachtung bedeutet auch Wertsch\u00f6pfung f\u00fcr unsere Betriebe, vom Hotel \u00fcber die Gastronomie bis hin zu Freizeitanbietern und Einzelhandel.\u201c<\/p>\n\n\n\n<p>Im August 2025 wurden insgesamt 104.310 \u00dcbernachtungen registriert, was +10,6 Prozent mehr als im September 2019 (94.328 \u00dcbernachtungen) und sogar +16,0 Prozent mehr als im September 2024 (89.910) ausmacht.<\/p>\n\n\n\n<p>In die Statistik von IT-NRW flie\u00dfen jeweils die Zahlen aus den Beherbergungsbetrieben ab zehn Betten ein. Da im Kreis Wesel viele kleinere Pensionen und Ferienwohnungen vertreten sind, ist die wirkliche \u00dcbernachtungszahl sogar noch wesentlicher h\u00f6her.<\/p>\n\n\n\n<p>Quelle: <a href=\"https:\/\/www.kreis-wesel.de\/aktuelles\/presse\/kreis-wesel-befindet-sich-bei-den-uebernachtungszahlen-auch-im-jahr-2025-weiterhin\">Kreis Wesel<\/a><\/p>\n","protected":false},"excerpt":{"rendered":"<p>Kreis Wesel. Im Kreis Wesel wurden in den ersten acht Monaten des Jahres 2025 bereits 612.497 \u00dcbernachtungen verzeichnet, was eine Steigerung von 33.166 \u00dcbernachtungen (+5,7 Prozent) im Vergleich zum entsprechenden Zeitraum des Vorjahres darstellt.\u00a0 \u201eWir freuen uns sehr, dass sich die positive Entwicklung der \u00dcbernachtungszahlen seit Jahresbeginn weiterhin best\u00e4tigt hat und der Niederrhein Kreis Wesel [&hellip;]<\/p>\n","protected":false},"author":3,"featured_media":0,"comment_status":"closed","ping_status":"closed","sticky":false,"template":"","format":"standard","meta":{"_et_pb_use_builder":"","_et_pb_old_content":"","_et_gb_content_width":"","footnotes":""},"categories":[1],"tags":[],"class_list":["post-6995","post","type-post","status-publish","format-standard","hentry","category-allgemein"],"_links":{"self":[{"href":"https:\/\/standort-niederrhein.de\/en\/wp-json\/wp\/v2\/posts\/6995","targetHints":{"allow":["GET"]}}],"collection":[{"href":"https:\/\/standort-niederrhein.de\/en\/wp-json\/wp\/v2\/posts"}],"about":[{"href":"https:\/\/standort-niederrhein.de\/en\/wp-json\/wp\/v2\/types\/post"}],"author":[{"embeddable":true,"href":"https:\/\/standort-niederrhein.de\/en\/wp-json\/wp\/v2\/users\/3"}],"replies":[{"embeddable":true,"href":"https:\/\/standort-niederrhein.de\/en\/wp-json\/wp\/v2\/comments?post=6995"}],"version-history":[{"count":1,"href":"https:\/\/standort-niederrhein.de\/en\/wp-json\/wp\/v2\/posts\/6995\/revisions"}],"predecessor-version":[{"id":6996,"href":"https:\/\/standort-niederrhein.de\/en\/wp-json\/wp\/v2\/posts\/6995\/revisions\/6996"}],"wp:attachment":[{"href":"https:\/\/standort-niederrhein.de\/en\/wp-json\/wp\/v2\/media?parent=6995"}],"wp:term":[{"taxonomy":"category","embeddable":true,"href":"https:\/\/standort-niederrhein.de\/en\/wp-json\/wp\/v2\/categories?post=6995"},{"taxonomy":"post_tag","embeddable":true,"href":"https:\/\/standort-niederrhein.de\/en\/wp-json\/wp\/v2\/tags?post=6995"}],"curies":[{"name":"wp","href":"https:\/\/api.w.org\/{rel}","templated":true}]}}