{"id":6990,"date":"2025-11-18T07:00:00","date_gmt":"2025-11-18T06:00:00","guid":{"rendered":"https:\/\/standort-niederrhein.de\/?p=6990"},"modified":"2025-11-17T14:48:23","modified_gmt":"2025-11-17T13:48:23","slug":"landkreistag-diskutierte-ueber-zukunft-des-katasterwesens","status":"publish","type":"post","link":"https:\/\/standort-niederrhein.de\/en\/2025\/11\/18\/landkreistag-diskutierte-ueber-zukunft-des-katasterwesens\/","title":{"rendered":"Landkreistag diskutierte \u00fcber Zukunft des Katasterwesens"},"content":{"rendered":"\n<p><strong>Rhein-Kreis Neuss.<\/strong> Der Ausschuss f\u00fcr Vermessung und Geoinformation des Landkreistags (LKT) Nordrhein-Westfalen hat sich im Kreishaus Grevenbroich mit den Herausforderungen und Chancen der Digitalisierung im Katasterwesen auseinandergesetzt. Unter dem Vorsitz von Boris Giesen kamen Vertreterinnen und Vertreter der Kommunen und des Landes zusammen, um \u00fcber die Zukunft des Digitalen Zwillings und die Modernisierung des Vermessungskatasterrechts zu diskutieren. Als G\u00e4ste waren die Hauptreferentin des LKT, Dr. Andrea Garrelmann, sowie Vertreter des Innenministeriums und des Deutschen St\u00e4dtetags eingeladen.<\/p>\n\n\n\n<p>IT-Dezernent Harald Vieten, Gastgeber des Rhein-Kreises Neuss, begr\u00fc\u00dfte die Teilnehmerinnen und Teilnehmer und gab einen \u00dcberblick \u00fcber aktuelle Themen der Verwaltungsdigitalisierung und insbesondere des Katasterwesens und der Geoinformation. Er betonte die Bedeutung der Digitalisierung, der Standardisierung und des Digitalen Zwillings f\u00fcr den Kreis und die Kommunen und stellte dabei die Notwendigkeit der engen Zusammenarbeit untereinander, aber auch zwischen Kommunen und Land heraus.<\/p>\n\n\n\n<p>Dies wurde vom Ausschussvorsitzenden Giesen inhaltlich aufgegriffen, der seinerseits feststellte, dass die Digitalisierung enorme Chancen bietet, Prozesse zu optimieren und Dienstleistungen signifikant zu verbessern. Man m\u00fcsse jedoch auch die Herausforderungen und Risiken beachten und gemeinsam nach L\u00f6sungen suchen.<\/p>\n\n\n\n<p>Eine solche L\u00f6sung stellt der Digitale Zwilling dar, der zugleich ein wichtiger Schwerpunkt der Sitzung war und dessen k\u00fcnftige Weiterentwicklung die Diskussion bestimmte. Stefan Sandmann vom NRW- Innenministerium stellte die Pl\u00e4ne des Landes f\u00fcr die Weiterentwicklung des Digitalen Zwillings auf Landesebene vor und unterstrich die Bedeutung einer engen Zusammenarbeit mit den Kommunen. Die Effizienzeffekte werden auch in den Kooperationen der Kreise mit dem Land bei der sogenannten Luftbildbefliegung diskutiert.<\/p>\n\n\n\n<p>Weitere Themen der Sitzung waren die Modernisierung des Vermessungskatasterrechts und die Entwicklungen im Bereich einer zentralen Datenhaltung sowie die Geb\u00e4udeeinmessungspflicht. Im Bericht aus der Arbeitsgruppe Geoinformation, in der auch das Kataster- und Vermessungsamt des Rhein-Kreises Neuss mit Michael Fielenbach vertreten ist, wurde die Zielplanung vernetzter Digitaler Zwillinge eingehend besprochen, an dessen Entwicklung das Kataster- und Vermessungsamt des Kreises wesentlich beteiligt war. Auf dessen Basis wird k\u00fcnftig eine Seminarreihe aufgebaut, die den Einsatz und die Mehrwerte von Digitalen Zwillingen auf allen Ebenen der Kommunalverwaltung aufzeigt. Der Kreis wird dabei eine aktive Rolle einnehmen.<\/p>\n\n\n\n<p>Der LKT-Ausschuss f\u00fcr Vermessungswesen und Geoinformation ist ein Gremium, das sich mit den Themen Vermessungswesen, Geoinformation und Katasterwesen befasst. Er besteht aus den Leiterinnen und Leitern der Katasterverwaltungen der Landkreise, die sich mit den Herausforderungen und Chancen der Digitalisierung in diesem Bereich auseinandersetzen. Ziel des Ausschusses ist es, eine enge Zusammenarbeit zwischen Kommunen und Land zu f\u00f6rdern und gemeinsam L\u00f6sungen f\u00fcr die Zukunft zu entwickeln.<\/p>\n\n\n\n<p>Quelle: <a href=\"http:\/\/www.rhein-kreis-neuss.de\">Rhein-Kreis Neuss<\/a><\/p>\n\n\n<figure class=\"wp-block-post-featured-image\"><img loading=\"lazy\" decoding=\"async\" width=\"2560\" height=\"1707\" src=\"https:\/\/standort-niederrhein.de\/wp-content\/uploads\/2025\/11\/Ausschuss-Geoinformation-scaled.jpg\" class=\"attachment-post-thumbnail size-post-thumbnail wp-post-image\" alt=\"\" style=\"object-fit:cover;\" srcset=\"https:\/\/standort-niederrhein.de\/wp-content\/uploads\/2025\/11\/Ausschuss-Geoinformation-scaled.jpg 2560w, https:\/\/standort-niederrhein.de\/wp-content\/uploads\/2025\/11\/Ausschuss-Geoinformation-1280x854.jpg 1280w, https:\/\/standort-niederrhein.de\/wp-content\/uploads\/2025\/11\/Ausschuss-Geoinformation-980x653.jpg 980w, https:\/\/standort-niederrhein.de\/wp-content\/uploads\/2025\/11\/Ausschuss-Geoinformation-480x320.jpg 480w\" sizes=\"(min-width: 0px) and (max-width: 480px) 480px, (min-width: 481px) and (max-width: 980px) 980px, (min-width: 981px) and (max-width: 1280px) 1280px, (min-width: 1281px) 2560px, 100vw\" \/><\/figure>\n\n\n<p>Digitalisierung im Fokus: Im Sitzungssaal des Kreishauses Grevenbroich tagte jetzt der Ausschuss f\u00fcr Vermessung und Geoinformation des Landkreistags Nordrhein-Westfalen. | Foto: S. B\u00fcntig\/ Rhein-Kreis Neuss<\/p>\n","protected":false},"excerpt":{"rendered":"<p>Rhein-Kreis Neuss. Der Ausschuss f\u00fcr Vermessung und Geoinformation des Landkreistags (LKT) Nordrhein-Westfalen hat sich im Kreishaus Grevenbroich mit den Herausforderungen und Chancen der Digitalisierung im Katasterwesen auseinandergesetzt. Unter dem Vorsitz von Boris Giesen kamen Vertreterinnen und Vertreter der Kommunen und des Landes zusammen, um \u00fcber die Zukunft des Digitalen Zwillings und die Modernisierung des Vermessungskatasterrechts [&hellip;]<\/p>\n","protected":false},"author":3,"featured_media":6991,"comment_status":"closed","ping_status":"closed","sticky":false,"template":"","format":"standard","meta":{"_et_pb_use_builder":"","_et_pb_old_content":"","_et_gb_content_width":"","footnotes":""},"categories":[1],"tags":[],"class_list":["post-6990","post","type-post","status-publish","format-standard","has-post-thumbnail","hentry","category-allgemein"],"_links":{"self":[{"href":"https:\/\/standort-niederrhein.de\/en\/wp-json\/wp\/v2\/posts\/6990","targetHints":{"allow":["GET"]}}],"collection":[{"href":"https:\/\/standort-niederrhein.de\/en\/wp-json\/wp\/v2\/posts"}],"about":[{"href":"https:\/\/standort-niederrhein.de\/en\/wp-json\/wp\/v2\/types\/post"}],"author":[{"embeddable":true,"href":"https:\/\/standort-niederrhein.de\/en\/wp-json\/wp\/v2\/users\/3"}],"replies":[{"embeddable":true,"href":"https:\/\/standort-niederrhein.de\/en\/wp-json\/wp\/v2\/comments?post=6990"}],"version-history":[{"count":1,"href":"https:\/\/standort-niederrhein.de\/en\/wp-json\/wp\/v2\/posts\/6990\/revisions"}],"predecessor-version":[{"id":6992,"href":"https:\/\/standort-niederrhein.de\/en\/wp-json\/wp\/v2\/posts\/6990\/revisions\/6992"}],"wp:featuredmedia":[{"embeddable":true,"href":"https:\/\/standort-niederrhein.de\/en\/wp-json\/wp\/v2\/media\/6991"}],"wp:attachment":[{"href":"https:\/\/standort-niederrhein.de\/en\/wp-json\/wp\/v2\/media?parent=6990"}],"wp:term":[{"taxonomy":"category","embeddable":true,"href":"https:\/\/standort-niederrhein.de\/en\/wp-json\/wp\/v2\/categories?post=6990"},{"taxonomy":"post_tag","embeddable":true,"href":"https:\/\/standort-niederrhein.de\/en\/wp-json\/wp\/v2\/tags?post=6990"}],"curies":[{"name":"wp","href":"https:\/\/api.w.org\/{rel}","templated":true}]}}