{"id":6984,"date":"2025-11-17T07:00:00","date_gmt":"2025-11-17T06:00:00","guid":{"rendered":"https:\/\/standort-niederrhein.de\/?p=6984"},"modified":"2025-11-24T12:02:46","modified_gmt":"2025-11-24T11:02:46","slug":"wertvolle-impulse-und-praxisnahe-einblicke-fuer-angehende-unternehmerinnen-2","status":"publish","type":"post","link":"https:\/\/standort-niederrhein.de\/en\/2025\/11\/17\/wertvolle-impulse-und-praxisnahe-einblicke-fuer-angehende-unternehmerinnen-2\/","title":{"rendered":"Wertvolle Impulse und praxisnahe Einblicke f\u00fcr angehende Unternehmer:innen"},"content":{"rendered":"\n<p><strong>Kreis Kleve\/ Uedem. <\/strong>Die \u00a0\u00a0Wirtschaftsf\u00f6rderung Kreis Kleve f\u00fchrte die Veranstaltungsreihe \u201eInformieren \u2013 Planen \u2013 Gr\u00fcnden\u201c im B\u00fcrgerhaus in Uedem fort und lud Gr\u00fcndungsinteressierte zu einem spannenden Nachmittag voller wertvoller Impulse und praxisnaher Tipps ein. Das Gr\u00fcnderseminar wurde auch in diesem Jahr wieder von den Sparkassen und Volksbanken im Kreis Kleve unterst\u00fctzt.<\/p>\n\n\n\n<p>Nachdem im ersten Teil des Veranstaltungszyklus\u2018 der Fokus auf der Gr\u00fcndungspers\u00f6nlichkeit, dem Businessplan, der \u00dcbernahme als Alternative zur Neugr\u00fcndung und Marketingma\u00dfnahmen lag, standen im zweiten Teil finanzielle Themen wie das Bankengespr\u00e4ch und F\u00f6rderungen aber auch Versicherungen, Buchhaltung und Steuern auf dem Programm.<\/p>\n\n\n\n<p>Begr\u00fc\u00dft wurden die Teilnehmerinnen und Teilnehmer von Brigitte Jansen, Gesch\u00e4ftsf\u00fchrerin der Wirtschaftsf\u00f6rderung Kreis Kleve.<\/p>\n\n\n\n<p>Als erster Referent des Tages begr\u00fc\u00dfte auch Dr. Volker Klinkhammer, Steuerberater bei der ETL Heuvelmann &amp; van Eyckels aus Kleve, die G\u00e4ste. Versicherungen, Buchf\u00fchrung, Steuer und Co. \u2013 all das seien zwar bei Gr\u00fcnderinnen und Gr\u00fcndern keine beliebten Themen, man solle ihnen jedoch die ben\u00f6tigte Aufmerksamkeit schenken, so Klinkhammer. Der Experte erl\u00e4uterte den Teilnehmenden notwendige Versicherungen und die wichtigsten Steuern. Er informierte sie dar\u00fcber, welche Unterlagen das Finanzamt ben\u00f6tigt und erkl\u00e4rte, welche unbedingt archiviert werden sollten.<\/p>\n\n\n\n<p>Danach stellte Anna Plorin, Vizepr\u00e4sidentin der Steuerberaterkammer D\u00fcsseldorf und Steuerberaterin bei der ATG Revisa GmbH, den Rahmen und die Alternativen einer Gr\u00fcndung dar. Sie pr\u00e4sentierte die g\u00e4ngigsten Rechtsformen f\u00fcr die Existenzgr\u00fcndung und betonte die Wichtigkeit, sich bereits vor der Gr\u00fcndung \u2013 am besten mit einem Experten \u2013 ausf\u00fchrlich mit der geeigneten Rechtsform zu besch\u00e4ftigen.<\/p>\n\n\n\n<p>Stephan Kunz, F\u00f6rdermittelberater der NRW.BANK, ergriff im Anschluss das Wort und erl\u00e4uterte den Teilnehmenden, wie eine Gr\u00fcndungsidee die passende F\u00f6rderung findet. Auch hier sei eine gute Vorbereitung f\u00fcr die Gr\u00fcndung das A und O, so Kunz. \u201eGeben Sie sich M\u00fche beim Businessplan, denn das flie\u00dft letztendlich auch in die Bewertung Ihrer Bonit\u00e4t ein\u201c, appellierte der Berater an die interessierten G\u00e4ste. Kunz riet allen, die den Sprung in die Selbstst\u00e4ndigkeit wagen wollen, fr\u00fchzeitig das Gespr\u00e4ch mit ihrer Hausbank zu suchen und sich dort beraten zu lassen.<\/p>\n\n\n\n<p>Auch Experten der hiesigen Sparkassen und Volksbanken gaben wertvollen Input. So gaben Jonathan Helm, Firmenkundenberater der Volksbank an der Niers und Tim Jacobs, Firmenkundenberater der Sparkasse Rhein-Maas, den wichtigen Rat: \u201eGr\u00fcndungswillige sollten hinter ihrer Idee stehen und f\u00fcr sie \u201abrennen\u2018! Zudem sollten sie authentisch sein und sich gut vorbereiten.\u201c Sie listeten auch die Unterlagen auf, die bei dem Bankengespr\u00e4ch nicht fehlen d\u00fcrfen und gaben wertvolle Tipps f\u00fcr die Vorbereitung. Ein gemeinsames Fazit der beiden Bankkaufleute lautete: \u201eSetzen Sie sich mit Ihrer Gr\u00fcndungsidee intensiv auseinander und seien Sie mit Ihrem Businessplan vertraut!\u201c. &nbsp;&nbsp;<\/p>\n\n\n\n<p>Anmeldungen f\u00fcr den dritten Teil der Veranstaltungsreihe am Mittwoch, 19. November 2025, nimmt die Wirtschaftsf\u00f6rderung Kreis Kleve gerne noch im Veranstaltungskalender online unter <a href=\"http:\/\/www.wfg-kreis-kleve.de\">www.wfg-kreis-kleve.de<\/a> entgegen.<\/p>\n\n\n\n<p>Quelle: <a href=\"http:\/\/www.wfg-kreis-kleve.de\">WFG Kreis Kleve<\/a><\/p>\n\n\n<figure class=\"wp-block-post-featured-image\"><img loading=\"lazy\" decoding=\"async\" width=\"2381\" height=\"1969\" src=\"https:\/\/standort-niederrhein.de\/wp-content\/uploads\/2025\/11\/PI_Gruenderseminar-Teil-II.jpg\" class=\"attachment-post-thumbnail size-post-thumbnail wp-post-image\" alt=\"\" style=\"object-fit:cover;\" srcset=\"https:\/\/standort-niederrhein.de\/wp-content\/uploads\/2025\/11\/PI_Gruenderseminar-Teil-II.jpg 2381w, https:\/\/standort-niederrhein.de\/wp-content\/uploads\/2025\/11\/PI_Gruenderseminar-Teil-II-1280x1059.jpg 1280w, https:\/\/standort-niederrhein.de\/wp-content\/uploads\/2025\/11\/PI_Gruenderseminar-Teil-II-980x810.jpg 980w, https:\/\/standort-niederrhein.de\/wp-content\/uploads\/2025\/11\/PI_Gruenderseminar-Teil-II-480x397.jpg 480w\" sizes=\"(min-width: 0px) and (max-width: 480px) 480px, (min-width: 481px) and (max-width: 980px) 980px, (min-width: 981px) and (max-width: 1280px) 1280px, (min-width: 1281px) 2381px, 100vw\" \/><\/figure>\n\n\n<p>Die Referentinnen und Referenten des zweiten Seminartages (hintere Reihe v.l.n.r.): &nbsp;Irina Jan\u00dfen (WfG Kreis Kleve), Anna Plorin (ATG Revisa GmbH), Thomas Grootens (Volksbank an der Niers), Tim Jacobs und Oliver Jansen (Sparkasse Rhein-Maas), (vordere Reihe v.l.n.r): Jonathan Helm (Volksbank an der Niers), Brigitte Jansen (WfG Kreis Kleve) und Dr. Volker Klinkhammer (ETL Heuvelmann &amp; van Eyckels GmbH). | Foto: WfG Kreis Kleve\/ Markus van Offern<\/p>\n","protected":false},"excerpt":{"rendered":"<p>Kreis Kleve\/ Uedem. Die \u00a0\u00a0Wirtschaftsf\u00f6rderung Kreis Kleve f\u00fchrte die Veranstaltungsreihe \u201eInformieren \u2013 Planen \u2013 Gr\u00fcnden\u201c im B\u00fcrgerhaus in Uedem fort und lud Gr\u00fcndungsinteressierte zu einem spannenden Nachmittag voller wertvoller Impulse und praxisnaher Tipps ein. Das Gr\u00fcnderseminar wurde auch in diesem Jahr wieder von den Sparkassen und Volksbanken im Kreis Kleve unterst\u00fctzt. Nachdem im ersten Teil [&hellip;]<\/p>\n","protected":false},"author":3,"featured_media":6985,"comment_status":"closed","ping_status":"closed","sticky":false,"template":"","format":"standard","meta":{"_et_pb_use_builder":"","_et_pb_old_content":"","_et_gb_content_width":"","footnotes":""},"categories":[1],"tags":[],"class_list":["post-6984","post","type-post","status-publish","format-standard","has-post-thumbnail","hentry","category-allgemein"],"_links":{"self":[{"href":"https:\/\/standort-niederrhein.de\/en\/wp-json\/wp\/v2\/posts\/6984","targetHints":{"allow":["GET"]}}],"collection":[{"href":"https:\/\/standort-niederrhein.de\/en\/wp-json\/wp\/v2\/posts"}],"about":[{"href":"https:\/\/standort-niederrhein.de\/en\/wp-json\/wp\/v2\/types\/post"}],"author":[{"embeddable":true,"href":"https:\/\/standort-niederrhein.de\/en\/wp-json\/wp\/v2\/users\/3"}],"replies":[{"embeddable":true,"href":"https:\/\/standort-niederrhein.de\/en\/wp-json\/wp\/v2\/comments?post=6984"}],"version-history":[{"count":2,"href":"https:\/\/standort-niederrhein.de\/en\/wp-json\/wp\/v2\/posts\/6984\/revisions"}],"predecessor-version":[{"id":7033,"href":"https:\/\/standort-niederrhein.de\/en\/wp-json\/wp\/v2\/posts\/6984\/revisions\/7033"}],"wp:featuredmedia":[{"embeddable":true,"href":"https:\/\/standort-niederrhein.de\/en\/wp-json\/wp\/v2\/media\/6985"}],"wp:attachment":[{"href":"https:\/\/standort-niederrhein.de\/en\/wp-json\/wp\/v2\/media?parent=6984"}],"wp:term":[{"taxonomy":"category","embeddable":true,"href":"https:\/\/standort-niederrhein.de\/en\/wp-json\/wp\/v2\/categories?post=6984"},{"taxonomy":"post_tag","embeddable":true,"href":"https:\/\/standort-niederrhein.de\/en\/wp-json\/wp\/v2\/tags?post=6984"}],"curies":[{"name":"wp","href":"https:\/\/api.w.org\/{rel}","templated":true}]}}