{"id":6982,"date":"2025-11-16T07:00:00","date_gmt":"2025-11-16T06:00:00","guid":{"rendered":"https:\/\/standort-niederrhein.de\/?p=6982"},"modified":"2025-11-17T13:26:49","modified_gmt":"2025-11-17T12:26:49","slug":"wirtschaftsfoerderung-besucht-ergomobil-gmbh-in-elten","status":"publish","type":"post","link":"https:\/\/standort-niederrhein.de\/en\/2025\/11\/16\/wirtschaftsfoerderung-besucht-ergomobil-gmbh-in-elten\/","title":{"rendered":"Wirtschaftsf\u00f6rderung besucht Ergomobil GmbH in Elten"},"content":{"rendered":"\n<p><strong>Emmerich am Rhein. <\/strong>m Rahmen ihrer regelm\u00e4\u00dfigen Unternehmensbesuche war die Wirtschaftsf\u00f6rderungs- und Stadtmarketing Gesellschaft Emmerich am Rhein mbH (WFG) bei der Ergomobil GmbH im Emmericher Ortsteil Elten zu Gast.<\/p>\n\n\n\n<p>Das Unternehmen hat sich auf den Vertrieb, die Wartung und den Service von elektrischen Krankenfahrst\u00fchlen spezialisiert und bietet damit individuelle Mobilit\u00e4tsl\u00f6sungen f\u00fcr Menschen mit Einschr\u00e4nkungen.<\/p>\n\n\n\n<p>Gegr\u00fcndet wurde das Unternehmen bereits 1989 im niederl\u00e4ndischen \u2019s-Heerenberg unter dem Namen Ergobil. Seit zwei Jahren ist der Betrieb unter der Leitung von Sabrina und Andreas Buiting in Elten ans\u00e4ssig und firmiert seither als Ergomobil GmbH. Von dort aus beliefert das Unternehmen Kundinnen und Kunden in ganz Deutschland.<\/p>\n\n\n\n<p>Die Fahrzeuge werden von Ergomobil selbst importiert und am Standort in Elten fachgerecht aufbereitet, gewartet und individuell angepasst. Neben dem Verkauf bietet Ergomobil ein umfassendes Servicepaket an \u2013 von der Inspektion \u00fcber Ersatzteile bis hin zur Begutachtung \/ Einzelabnahme als Krankenfahrstuhl (Durch die DEKRA). Damit sorgt das Team rund um Sabrina und Andreas Buiting daf\u00fcr, dass Mobilit\u00e4t und Lebensqualit\u00e4t ihrer Kundinnen und Kunden langfristig gesichert bleiben.<br>\u201eWir wollen, dass sich unsere Kundinnen und Kunden rundum gut betreut f\u00fchlen \u2013 vom ersten Beratungsgespr\u00e4ch bis zur regelm\u00e4\u00dfigen Wartung\u201c, erkl\u00e4rt Gesch\u00e4ftsf\u00fchrerin Sabrina Buiting. Besonders wichtig ist dem Ehepaar Buiting der pers\u00f6nliche Kontakt: Jede Beratung wird individuell auf die Bed\u00fcrfnisse der Kundinnen und Kunden abgestimmt.<\/p>\n\n\n\n<p>Auch die WFG zeigt sich beeindruckt vom Engagement des Unternehmens.<br>\u201eErgomobil zeigt beispielhaft, wie mit fachlicher Kompetenz, Innovationsgeist und viel Herzblut ein lokales Unternehmen deutschlandweit erfolgreich agieren kann. Das ist ein starker Impuls f\u00fcr den Standort Elten und die gesamte Stadt Emmerich\u201c, betont Sara Kreipe, Gesch\u00e4ftsf\u00fchrerin der Wirtschaftsf\u00f6rderung Emmerich.<\/p>\n\n\n\n<p>Mit einem stetig wachsenden Kundenstamm blickt Ergomobil optimistisch in die Zukunft. In den kommenden Jahren m\u00f6chte das Unternehmen weiter wachsen, neue Serviceangebote entwickeln und zus\u00e4tzliche Produkte f\u00fcr barrierefreie Mobilit\u00e4t auf den Markt bringen \u2013 mit dem Ziel, Menschen in ganz Deutschland mehr Unabh\u00e4ngigkeit und Bewegungsfreiheit zu erm\u00f6glichen.<\/p>\n\n\n\n<p>Quelle: <a href=\"https:\/\/www.emmerich.de\/stadt-rathaus\/aktuelles\/aktuelle-meldungen\/wirtschaftsfoerderung-besucht-ergomobil-gmbh-elten\">Stadt Emmerich am Rhein<\/a><\/p>\n\n\n\n<p><\/p>\n","protected":false},"excerpt":{"rendered":"<p>Emmerich am Rhein. m Rahmen ihrer regelm\u00e4\u00dfigen Unternehmensbesuche war die Wirtschaftsf\u00f6rderungs- und Stadtmarketing Gesellschaft Emmerich am Rhein mbH (WFG) bei der Ergomobil GmbH im Emmericher Ortsteil Elten zu Gast. Das Unternehmen hat sich auf den Vertrieb, die Wartung und den Service von elektrischen Krankenfahrst\u00fchlen spezialisiert und bietet damit individuelle Mobilit\u00e4tsl\u00f6sungen f\u00fcr Menschen mit Einschr\u00e4nkungen. Gegr\u00fcndet [&hellip;]<\/p>\n","protected":false},"author":3,"featured_media":0,"comment_status":"closed","ping_status":"closed","sticky":false,"template":"","format":"standard","meta":{"_et_pb_use_builder":"","_et_pb_old_content":"","_et_gb_content_width":"","footnotes":""},"categories":[1],"tags":[],"class_list":["post-6982","post","type-post","status-publish","format-standard","hentry","category-allgemein"],"_links":{"self":[{"href":"https:\/\/standort-niederrhein.de\/en\/wp-json\/wp\/v2\/posts\/6982","targetHints":{"allow":["GET"]}}],"collection":[{"href":"https:\/\/standort-niederrhein.de\/en\/wp-json\/wp\/v2\/posts"}],"about":[{"href":"https:\/\/standort-niederrhein.de\/en\/wp-json\/wp\/v2\/types\/post"}],"author":[{"embeddable":true,"href":"https:\/\/standort-niederrhein.de\/en\/wp-json\/wp\/v2\/users\/3"}],"replies":[{"embeddable":true,"href":"https:\/\/standort-niederrhein.de\/en\/wp-json\/wp\/v2\/comments?post=6982"}],"version-history":[{"count":1,"href":"https:\/\/standort-niederrhein.de\/en\/wp-json\/wp\/v2\/posts\/6982\/revisions"}],"predecessor-version":[{"id":6983,"href":"https:\/\/standort-niederrhein.de\/en\/wp-json\/wp\/v2\/posts\/6982\/revisions\/6983"}],"wp:attachment":[{"href":"https:\/\/standort-niederrhein.de\/en\/wp-json\/wp\/v2\/media?parent=6982"}],"wp:term":[{"taxonomy":"category","embeddable":true,"href":"https:\/\/standort-niederrhein.de\/en\/wp-json\/wp\/v2\/categories?post=6982"},{"taxonomy":"post_tag","embeddable":true,"href":"https:\/\/standort-niederrhein.de\/en\/wp-json\/wp\/v2\/tags?post=6982"}],"curies":[{"name":"wp","href":"https:\/\/api.w.org\/{rel}","templated":true}]}}