{"id":6979,"date":"2025-11-18T06:00:00","date_gmt":"2025-11-18T05:00:00","guid":{"rendered":"https:\/\/standort-niederrhein.de\/?p=6979"},"modified":"2025-11-14T09:51:40","modified_gmt":"2025-11-14T08:51:40","slug":"nachhaltigkeitsziele-im-fokus-erste-zukunftskonferenz-nrw-mit-landespolitik-und-wissenschaft","status":"publish","type":"post","link":"https:\/\/standort-niederrhein.de\/en\/2025\/11\/18\/nachhaltigkeitsziele-im-fokus-erste-zukunftskonferenz-nrw-mit-landespolitik-und-wissenschaft\/","title":{"rendered":"Nachhaltigkeitsziele im Fokus: Erste Zukunftskonferenz NRW mit Landespolitik und Wissenschaft"},"content":{"rendered":"\n<p><strong>Kleve\/ Kamp-Lintfort.<\/strong> Bei den Themen Klimawandel, Energie-, W\u00e4rme- und Mobilit\u00e4tswende, Transformation der Industrie, Digitalisierung sowie soziale Teilhabe und Gerechtigkeit steht Nordrhein-Westfalen (NRW) vor gro\u00dfen gesellschaftlichen, \u00f6kologischen und wirtschaftlichen Herausforderungen. Wissenschaft und Forschung spielen eine zentrale Rolle, wenn es darum geht, tragf\u00e4hige L\u00f6sungen aufzuzeigen und diese gemeinsam mit Politik, Wirtschaft und Gesellschaft umzusetzen. Vor diesem Hintergrund fand an der Universit\u00e4t Duisburg-Essen die erste Zukunftskonferenz NRW statt. Die Hochschule Rhein-Waal wurde von Pr\u00e4sident Prof. Dr. Oliver Locker-Gr\u00fctjen vertreten.<\/p>\n\n\n\n<p>16 Universit\u00e4ten, 20 Hochschulen f\u00fcr Angewandte Wissenschaften in Nordrhein-Westfalen \u2013 so auch die Hochschule Rhein-Waal \u2013 sowie au\u00dferuniversit\u00e4re Forschungseinrichtungen, wie ins-besondere das Wuppertal Institut, b\u00fcndeln an diesen beiden Tagen erstmals ihre Expertise im Rahmen einer gemeinsamen Konferenz und machen damit deutlich: Die Wissenschaft stellt sich in den Dienst der gro\u00dfen Transformationsaufgaben des Landes und engagiert sich daf\u00fcr, die Umsetzung der Nachhaltigkeitsziele der Agenda 2030 voranzutreiben und den Transformationsprozess in NRW aktiv mitzugestalten.<\/p>\n\n\n\n<p>Die Zukunftskonferenz NRW wurde von der Nachhaltigkeitsinitiative der Universit\u00e4ten Humboldt\u207f sowie der Nachhaltigkeitsallianz NAW.NRW der Hochschulen f\u00fcr angewandte Wissenschaften in NRW ins Leben gerufen. Die erste Zukunftskonferenz NRW wird vom Ministerium f\u00fcr Kultur und Wissenschaft des Landes Nordrhein-Westfalen gef\u00f6rdert. Ina Brandes, Wissenschaftsministerin und Schirmherrin der Zukunftskonferenz NRW: \u201eDie Dichte und Exzellenz unserer Forschungslandschaft mit hervorragenden Universit\u00e4ten, Hochschulen f\u00fcr Angewandte Wissenschaft und Forschungsinstituten ist einzigartig in Europa. Die Zukunftskonferenz b\u00fcndelt die herausragende Expertise und bringt Politik, Wissenschaft und Wirtschaft an einen Tisch. Besonders die enge Zusammenarbeit von Universit\u00e4ten und Hochschulen f\u00fcr Angewandte Wissenschaften ist ein gro\u00dfer Gewinn: Sie verbindet exzellente Forschung mit praxisnaher Lehre und direktem Transfer in Wirtschaft und Gesellschaft. Nur im engen Zusammenschluss wird es gelingen, unsere Nachhaltigkeitsziele zu erreichen.\u201c<\/p>\n\n\n\n<p>Prof. Dr. Oliver Locker-Gr\u00fctjen, Pr\u00e4sident der Hochschule Rhein-Waal und Sprecher der Nachhaltigkeitsallianz NRW der Hochschulen f\u00fcr Angewandte Wissenschaften, betont: \u201eDie Herausforderungen von Klimawandel, Energiewende und sozialer Teilhabe lassen sich nur gemeinsam l\u00f6sen. Die Zukunftskonferenz NRW ist ein starkes Signal daf\u00fcr, dass unsere Hochschulen gemeinsam Verantwortung \u00fcbernehmen \u2013 \u00fcber F\u00e4chergrenzen und Hochschultypen hinweg. Wir danken der Universit\u00e4t Duisburg-Essen, die den Raum daf\u00fcr auf ihrem Campus zur Verf\u00fcgung stellt und dem Ministerium f\u00fcr die Unterst\u00fctzung.\u201c<br>Diese Konferenz vereint Spitzenforschende aus NRW und b\u00fcndelt die Expertise f\u00fchrender K\u00f6pfe aus Forschung und Transfer des Landes, um die nachhaltige Transformation voranzutreiben. In sogenannten Zukunftswerkst\u00e4tten geschieht die eigentliche fachliche Arbeit auf der Konferenz. Diese orientieren sich thematisch weitgehend an der Empfehlung des NRW-Nachhaltigkeitsbeirats f\u00fcr die Landesregierung zu NRW-spezifischen Transformationsbereichen, wie \u201eKlimawandel und Gesundheit\u201c, \u201eTransport und Mobilit\u00e4tswende\u201c und \u201eGesellschaftliches Miteinander\u201c. Exzellent ausgewiesene Wissenschaftler*innen leiten die Themenbereiche. Sie strukturieren die Diskussion, bringen ihr Know-how ein und sorgen f\u00fcr die Verkn\u00fcpfung von Forschung, Transfer und gesellschaftlichen Bedarfen.<\/p>\n\n\n\n<p>Die erste Zukunftskonferenz setzt den Startpunkt f\u00fcr weitergehende Aktivit\u00e4ten der beteiligten Partner. \u00dcber verschiedene Folgeformate wird sichergestellt, dass die Wissenschaftscommunity des Landes ihr Know-how auch \u00fcber den Auftakt hinaus in das Erreichen der Nachhaltigkeitsziele investiert. Die Ideen hierf\u00fcr sowie zur Einbeziehung des wissenschaftlichen Nachwuchses ab 2026 werden im Rahmen der Konferenz weiter pr\u00e4zisiert.<\/p>\n\n\n\n<p>Ausf\u00fchrliche Informationen zur Zukunftskonferenz finden Sie unter: <a href=\"http:\/\/www.zukunftskonferenz.nrw\">www.zukunftskonferenz.nrw<\/a>.<\/p>\n\n\n\n<p>Quelle: <a href=\"http:\/\/www.hochschule-rhein-waal.de\">Hochschule Rhein-Waal<\/a><\/p>\n\n\n<figure class=\"wp-block-post-featured-image\"><img loading=\"lazy\" decoding=\"async\" width=\"2048\" height=\"1366\" src=\"https:\/\/standort-niederrhein.de\/wp-content\/uploads\/2025\/11\/20251114_HSRW_PM_Zukunftskonferenz_Copyright_Malte-Reiter_Fotografie_1.jpg\" class=\"attachment-post-thumbnail size-post-thumbnail wp-post-image\" alt=\"\" style=\"object-fit:cover;\" srcset=\"https:\/\/standort-niederrhein.de\/wp-content\/uploads\/2025\/11\/20251114_HSRW_PM_Zukunftskonferenz_Copyright_Malte-Reiter_Fotografie_1.jpg 2048w, https:\/\/standort-niederrhein.de\/wp-content\/uploads\/2025\/11\/20251114_HSRW_PM_Zukunftskonferenz_Copyright_Malte-Reiter_Fotografie_1-1280x854.jpg 1280w, https:\/\/standort-niederrhein.de\/wp-content\/uploads\/2025\/11\/20251114_HSRW_PM_Zukunftskonferenz_Copyright_Malte-Reiter_Fotografie_1-980x654.jpg 980w, https:\/\/standort-niederrhein.de\/wp-content\/uploads\/2025\/11\/20251114_HSRW_PM_Zukunftskonferenz_Copyright_Malte-Reiter_Fotografie_1-480x320.jpg 480w\" sizes=\"(min-width: 0px) and (max-width: 480px) 480px, (min-width: 481px) and (max-width: 980px) 980px, (min-width: 981px) and (max-width: 1280px) 1280px, (min-width: 1281px) 2048px, 100vw\" \/><\/figure>\n\n\n<p>Von links: Prof. Dr. Oliver Locker-Gr\u00fctjen, Pr\u00e4sident der Hochschule Rhein-Waal und Sprecher der Nachhaltigkeitsallianz NRW, Ministerin f\u00fcr Kultur und Wissenschaft des Landes Nordrhein-Westfalen Ina Brandes, Prof. Dr. Brigitta Wolff, Rektorin der Bergischen Universit\u00e4t Wuppertal und Vorsitzende HumboldtN sowie Prof. Dr. Manfred Fischedick, Pr\u00e4sident und wissenschaftlicher Gesch\u00e4ftsf\u00fchrer des Wuppertal Institut f\u00fcr Klima, Umwelt, Energie gGmbH. | Foto: Malte Reiter<\/p>\n","protected":false},"excerpt":{"rendered":"<p>Kleve\/ Kamp-Lintfort. Bei den Themen Klimawandel, Energie-, W\u00e4rme- und Mobilit\u00e4tswende, Transformation der Industrie, Digitalisierung sowie soziale Teilhabe und Gerechtigkeit steht Nordrhein-Westfalen (NRW) vor gro\u00dfen gesellschaftlichen, \u00f6kologischen und wirtschaftlichen Herausforderungen. Wissenschaft und Forschung spielen eine zentrale Rolle, wenn es darum geht, tragf\u00e4hige L\u00f6sungen aufzuzeigen und diese gemeinsam mit Politik, Wirtschaft und Gesellschaft umzusetzen. Vor diesem Hintergrund [&hellip;]<\/p>\n","protected":false},"author":3,"featured_media":6980,"comment_status":"closed","ping_status":"closed","sticky":false,"template":"","format":"standard","meta":{"_et_pb_use_builder":"","_et_pb_old_content":"","_et_gb_content_width":"","footnotes":""},"categories":[1],"tags":[],"class_list":["post-6979","post","type-post","status-publish","format-standard","has-post-thumbnail","hentry","category-allgemein"],"_links":{"self":[{"href":"https:\/\/standort-niederrhein.de\/en\/wp-json\/wp\/v2\/posts\/6979","targetHints":{"allow":["GET"]}}],"collection":[{"href":"https:\/\/standort-niederrhein.de\/en\/wp-json\/wp\/v2\/posts"}],"about":[{"href":"https:\/\/standort-niederrhein.de\/en\/wp-json\/wp\/v2\/types\/post"}],"author":[{"embeddable":true,"href":"https:\/\/standort-niederrhein.de\/en\/wp-json\/wp\/v2\/users\/3"}],"replies":[{"embeddable":true,"href":"https:\/\/standort-niederrhein.de\/en\/wp-json\/wp\/v2\/comments?post=6979"}],"version-history":[{"count":1,"href":"https:\/\/standort-niederrhein.de\/en\/wp-json\/wp\/v2\/posts\/6979\/revisions"}],"predecessor-version":[{"id":6981,"href":"https:\/\/standort-niederrhein.de\/en\/wp-json\/wp\/v2\/posts\/6979\/revisions\/6981"}],"wp:featuredmedia":[{"embeddable":true,"href":"https:\/\/standort-niederrhein.de\/en\/wp-json\/wp\/v2\/media\/6980"}],"wp:attachment":[{"href":"https:\/\/standort-niederrhein.de\/en\/wp-json\/wp\/v2\/media?parent=6979"}],"wp:term":[{"taxonomy":"category","embeddable":true,"href":"https:\/\/standort-niederrhein.de\/en\/wp-json\/wp\/v2\/categories?post=6979"},{"taxonomy":"post_tag","embeddable":true,"href":"https:\/\/standort-niederrhein.de\/en\/wp-json\/wp\/v2\/tags?post=6979"}],"curies":[{"name":"wp","href":"https:\/\/api.w.org\/{rel}","templated":true}]}}