{"id":6977,"date":"2025-11-15T07:00:00","date_gmt":"2025-11-15T06:00:00","guid":{"rendered":"https:\/\/standort-niederrhein.de\/?p=6977"},"modified":"2025-11-14T09:44:08","modified_gmt":"2025-11-14T08:44:08","slug":"stay2grow-auftaktforum-mobilisiert-fuer-integration-internationaler-talente","status":"publish","type":"post","link":"https:\/\/standort-niederrhein.de\/en\/2025\/11\/15\/stay2grow-auftaktforum-mobilisiert-fuer-integration-internationaler-talente\/","title":{"rendered":"STAY2GROW: Auftaktforum mobilisiert f\u00fcr Integration internationaler Talente"},"content":{"rendered":"\n<p><strong>Kamp-Lintfort.<\/strong> Das vom Bundesministerium f\u00fcr Wirtschaft und Energie gef\u00f6rderte Projekt STAY2GROW fand einen wegweisenden \u00f6ffentlichen Auftakt im Schirrhof in Kamp-Lintfort, um Impulse f\u00fcr eine ganzheitliche Integration internationaler Studierender zu setzen und die Fachkr\u00e4ftesicherung in der wir4-Region \u2013 Moers, Kamp-Lintfort, Neukirchen-Vluyn und Rheinberg \u2013 nachhaltig zu gestalten. Fast 100 Teilnehmende aus regionalen Unternehmen, der Hochschule Rhein-Waal, der Arbeitsvermittlung, aus Vereinen und Initiativen sowie aus der Studierendenschaft selbst waren dem Aufruf gefolgt, sich aktiv an der Entwicklung passender L\u00f6sungsideen zu beteiligen.<\/p>\n\n\n\n<p><strong>Internationale Nachwuchsfachkr\u00e4fte in der Region halten<\/strong><br>Internationale junge Menschen machen rund die H\u00e4lfte aller Studierenden an der Hochschule Rhein-Waal aus. Zwar verbleibt der \u00fcberwiegende Teil der Absolventinnen und Absolventen nach Abschluss des Studiums in Deutschland und zum gro\u00dfen Teil auch in NRW, in der wir4-Region wird dieses Potenzial an Nachwuchsfachkr\u00e4ften bislang jedoch noch zu wenig ausgesch\u00f6pft. Genau hier setzt STAY2GROW an: Es soll ein Konzept entwickelt werden, um diese Talente fr\u00fchzeitig und nachhaltig vor Ort zu vernetzen, f\u00fcr regionale Unternehmen zu gewinnen und langfristig zu binden.<\/p>\n\n\n\n<p>Die stellvertretende B\u00fcrgermeisterin der Stadt Kamp-Lintfort, Barbara Drese (SPD), betonte in ihrem Gru\u00dfwort das gro\u00dfe, gemeinsame Potenzial: \u201eWir haben jetzt die Chance, wirklich etwas zu bewegen. Wir alle. Gemeinsam. F\u00fcr die Studierenden, die gern hierbleiben und arbeiten wollen, genauso wie f\u00fcr die Unternehmen, die auf qualifizierte Nachwuchskr\u00e4fte angewiesen sind.\u201c<\/p>\n\n\n\n<p><strong>Interaktive Ideen f\u00fcr privaten Anschluss und berufliche Perspektiven in der Region<\/strong><br>Nach einer kurzen Einf\u00fchrung in die zentralen Ergebnisse der Bedarfsuntersuchungen bei Unternehmen und Studierenden stand die interaktive Ideenentwicklung im Mittelpunkt der Veranstaltung. Die Anwesenden erarbeiteten in Kleingruppen konkrete Ma\u00dfnahmenvorschl\u00e4ge f\u00fcr drei zentrale Handlungsfelder:<\/p>\n\n\n\n<ul class=\"wp-block-list\">\n<li>Gesellschaftliche Teilhabe: Studierende durch Angebote in Kultur, Sport und Ehrenamt st\u00e4rker mit der Stadtgesellschaft zu vernetzen und ihnen so ein soziales Umfeld zu bieten.<\/li>\n\n\n\n<li>Beratung: Ein Netzwerk, das Studierenden den Zugang zu regionalen Unternehmen erleichtert sowie Studienabbrechenden zu beruflichen Perspektiven verhilft.<\/li>\n\n\n\n<li>Angebote f\u00fcr Unternehmen: Hemmnisse bei der Besch\u00e4ftigung internationaler Studierender abbauen, zum Beispiel durch unternehmens\u00fcbergreifende Sprachkurse, oder den Aufbau eines regionales Unternehmensnetzwerk \u201eInternationale Fachkr\u00e4fte\u201c.<\/li>\n<\/ul>\n\n\n\n<p><strong>Gemeinsam f\u00fcr die Umsetzungsphase<\/strong><br>Die Vielzahl der G\u00e4ste und das damit verbundene gro\u00dfe Interesse am Projekt best\u00e4tigt das STAY2GROW-Team in seiner Ausrichtung. \u201eDie heutige Veranstaltung zeigt uns, dass wir klar einen Nerv treffen. Wir haben unseren Schwerpunkt richtig gesetzt\u201c, so Beate Tr\u00e4m Gesch\u00e4ftsf\u00fchrerin der wir4-Agentur f\u00fcr Wirtschafts- und Strukturf\u00f6rderung, bei der das Projekt erarbeitet wird.<\/p>\n\n\n\n<p>Der Projekterfolg und die Aussicht auf eine weiterf\u00fchrende, dreij\u00e4hrige F\u00f6rderung zur Umsetzung der Ma\u00dfnahmen h\u00e4ngen ma\u00dfgeblich von einem starken, nachhaltigen Netzwerk regionaler Partner ab. \u00dcber das Auftaktforum konnten bereits einige neue Akteure f\u00fcr die weitere Mitarbeit gewonnen. Ans\u00e4tze, die die Beteiligten nun gemeinsam weiterentwickeln m\u00f6chten, sind beispielsweise die Konzeption eines zentralen Kommunikationskanals, der alle relevanten Informationen zu den drei Themenfeldern f\u00fcr Studierende und Unternehmen b\u00fcndelt. Ebenso wird angestrebt, einen realen Ort der Begegnung und Beratung f\u00fcr Studierende und Unternehmen zu schaffen. Au\u00dferdem sollen Angebote von der und f\u00fcr die Stadtgesellschaft im kulturellen und sportlichen Bereich mit der Hochschule vernetzt beziehungsweise entsprechende neue Formate geschaffen werden. Einig waren sich die Teilnehmenden darin, dass Sprachf\u00f6rderung und -austausch ein zentrales Thema ist, das in allen Konzepten mitgedacht werden muss. Diese Ideen werden in den n\u00e4chsten Monaten strukturiert und unter Beteiligung aller Akteure weiterentwickelt.<\/p>\n\n\n\n<p>Quelle: <a href=\"https:\/\/www.kamp-lintfort.de\/service-rathaus\/pressemeldungen\/stay2grow-auftaktforum-mobilisiert-fuer-integration-internationaler\">Stadt Kamp-Lintfort<\/a><\/p>\n","protected":false},"excerpt":{"rendered":"<p>Kamp-Lintfort. Das vom Bundesministerium f\u00fcr Wirtschaft und Energie gef\u00f6rderte Projekt STAY2GROW fand einen wegweisenden \u00f6ffentlichen Auftakt im Schirrhof in Kamp-Lintfort, um Impulse f\u00fcr eine ganzheitliche Integration internationaler Studierender zu setzen und die Fachkr\u00e4ftesicherung in der wir4-Region \u2013 Moers, Kamp-Lintfort, Neukirchen-Vluyn und Rheinberg \u2013 nachhaltig zu gestalten. Fast 100 Teilnehmende aus regionalen Unternehmen, der Hochschule Rhein-Waal, [&hellip;]<\/p>\n","protected":false},"author":3,"featured_media":0,"comment_status":"closed","ping_status":"closed","sticky":false,"template":"","format":"standard","meta":{"_et_pb_use_builder":"","_et_pb_old_content":"","_et_gb_content_width":"","footnotes":""},"categories":[1],"tags":[],"class_list":["post-6977","post","type-post","status-publish","format-standard","hentry","category-allgemein"],"_links":{"self":[{"href":"https:\/\/standort-niederrhein.de\/en\/wp-json\/wp\/v2\/posts\/6977","targetHints":{"allow":["GET"]}}],"collection":[{"href":"https:\/\/standort-niederrhein.de\/en\/wp-json\/wp\/v2\/posts"}],"about":[{"href":"https:\/\/standort-niederrhein.de\/en\/wp-json\/wp\/v2\/types\/post"}],"author":[{"embeddable":true,"href":"https:\/\/standort-niederrhein.de\/en\/wp-json\/wp\/v2\/users\/3"}],"replies":[{"embeddable":true,"href":"https:\/\/standort-niederrhein.de\/en\/wp-json\/wp\/v2\/comments?post=6977"}],"version-history":[{"count":1,"href":"https:\/\/standort-niederrhein.de\/en\/wp-json\/wp\/v2\/posts\/6977\/revisions"}],"predecessor-version":[{"id":6978,"href":"https:\/\/standort-niederrhein.de\/en\/wp-json\/wp\/v2\/posts\/6977\/revisions\/6978"}],"wp:attachment":[{"href":"https:\/\/standort-niederrhein.de\/en\/wp-json\/wp\/v2\/media?parent=6977"}],"wp:term":[{"taxonomy":"category","embeddable":true,"href":"https:\/\/standort-niederrhein.de\/en\/wp-json\/wp\/v2\/categories?post=6977"},{"taxonomy":"post_tag","embeddable":true,"href":"https:\/\/standort-niederrhein.de\/en\/wp-json\/wp\/v2\/tags?post=6977"}],"curies":[{"name":"wp","href":"https:\/\/api.w.org\/{rel}","templated":true}]}}