{"id":6927,"date":"2025-11-10T08:00:00","date_gmt":"2025-11-10T07:00:00","guid":{"rendered":"https:\/\/standort-niederrhein.de\/?p=6927"},"modified":"2025-11-07T14:45:39","modified_gmt":"2025-11-07T13:45:39","slug":"verbund-regionen-nrw-auf-exkursion-im-emsland","status":"publish","type":"post","link":"https:\/\/standort-niederrhein.de\/en\/2025\/11\/10\/verbund-regionen-nrw-auf-exkursion-im-emsland\/","title":{"rendered":"Verbund regionen.NRW auf Exkursion im Emsland"},"content":{"rendered":"\n<p><strong>Emsland<\/strong>. Der Verbund regionen.NRW hat mit einer zweit\u00e4gigen Exkursion das Emsland besucht, um praxisnahe Einblicke in erfolgreiche Strategien der Regionalentwicklung, Wirtschaftsf\u00f6rderung und Stadtgestaltung zu gewinnen. An der Reise nahmen die Gesch\u00e4ftsf\u00fchrungen der nordrhein-westf\u00e4lischen Regionalentwicklungsorganisationen sowie der Zukunftsagentur Rheinisches Revier teil. Mit dabei war auch Bertram Gaiser, Gesch\u00e4ftsf\u00fchrer der Standort Niederrhein GmbH.<\/p>\n\n\n\n<p><strong>Das Emsland als Beispiel erfolgreicher Transformation<\/strong><br>Das Emsland gilt als Vorzeigebeispiel f\u00fcr eine zukunftsorientierte, wirtschaftlich starke und zugleich lebenswerte regionale Entwicklung. Im Mittelpunkt der Exkursion standen aktuelle Transformationsprozesse \u2013 insbesondere der Wandel von einer Kernkraftregion hin zu einer Energie- und Wasserstoffregion. Neben der Energiepolitik r\u00fcckten auch Themen wie die Sicherung von Fachkr\u00e4ften, nachhaltige Mobilit\u00e4t und innovative Stadtentwicklung in den Fokus.<\/p>\n\n\n\n<p>Der Verbund regionen.NRW informierte sich in Meppen, Lingen, Geeste und Papenburg \u00fcber die wirtschaftliche Entwicklung, die Strategien zur F\u00f6rderung der Region, Belebung der Innenst\u00e4dte sowie \u00fcber kulturelle und bildungspolitische Ans\u00e4tze. Im Zentrum standen Gespr\u00e4che mit regionalen Entscheidungstr\u00e4gerinnen und Entscheidungstr\u00e4gern aus Verwaltung, Wirtschaft, Kultur und Zivilgesellschaft.<\/p>\n\n\n\n<p><strong>Einblicke in Lingen: Stadtentwicklung und Zukunftsprojekte<\/strong><br>Ein H\u00f6hepunkt der Exkursion war der Austausch mit Lingens Oberb\u00fcrgermeister Dieter Krone, der die G\u00e4ste unter anderem durch die Stadt f\u00fchrte und aktuelle Stadtentwicklungsprojekte vorstellte. Dabei pr\u00e4sentierte er innovative Wasserstoff- und IT-Projekte am alten Kernkraftwerk Lingen und Ma\u00dfnahmen zur Erh\u00f6hung der Lebensqualit\u00e4t vor Ort und zur Anwerbung von Fachkr\u00e4ften \u2013 etwa durch kulturelle Angebote in der Emsland-Arena oder den neuen Standort der Hochschule Osnabr\u00fcck.<\/p>\n\n\n\n<p>Zum Abschluss der Reise stand ein Gespr\u00e4ch mit Dr. Dirk L\u00fcer\u00dfen auf dem Programm, Gesch\u00e4ftsf\u00fchrer der Ems-Achse, einem B\u00fcndnis von Unternehmen, Kommunen, Bildungseinrichtungen, Kammern und Verb\u00e4nden. Er erl\u00e4uterte die in der Kooperation von Wirtschaft, Verwaltung und Wissenschaft geplanten Ma\u00dfnahmen und Strategien, wie zum Beispiel neue Konzepte zur Mobilit\u00e4tsf\u00f6rderung.<\/p>\n\n\n\n<p><strong>Weitere Informationen<\/strong><br>Der Verbund regionen.NRW besteht seit 2013. Er st\u00e4rkt die Zusammenarbeit der Regionen untereinander und festigt die strategische Kooperation mit der Landesregierung. Der Verbund umfasst die Zukunftsagentur Rheinisches Revier sowie die neun regionalen Managementorganisationen: Region Aachen Zweckverband, Bergische Struktur- und Wirtschaftsf\u00f6rderungsgesellschaft mbH, Regionalmanagement D\u00fcsseldorf &#8211; Kreis Mettmann, Region K\u00f6ln\/ Bonn e.V., M\u00fcnsterland e.V., Standort Niederrhein GmbH, OstWestfalenLippe GmbH, Regionalverband Ruhr und S\u00fcdwestfalen Agentur GmbH. Die Gesch\u00e4ftsstelle ist beim M\u00fcnsterland e.V. angesiedelt. <\/p>\n\n\n\n<p>Quelle: <a href=\"http:\/\/www.regionen.nrw\">regionen.NRW<\/a><\/p>\n\n\n<figure class=\"wp-block-post-featured-image\"><img loading=\"lazy\" decoding=\"async\" width=\"1979\" height=\"1322\" src=\"https:\/\/standort-niederrhein.de\/wp-content\/uploads\/2025\/11\/Gruppenfoto_Webseite.jpg\" class=\"attachment-post-thumbnail size-post-thumbnail wp-post-image\" alt=\"\" style=\"object-fit:cover;\" srcset=\"https:\/\/standort-niederrhein.de\/wp-content\/uploads\/2025\/11\/Gruppenfoto_Webseite.jpg 1979w, https:\/\/standort-niederrhein.de\/wp-content\/uploads\/2025\/11\/Gruppenfoto_Webseite-1280x855.jpg 1280w, https:\/\/standort-niederrhein.de\/wp-content\/uploads\/2025\/11\/Gruppenfoto_Webseite-980x655.jpg 980w, https:\/\/standort-niederrhein.de\/wp-content\/uploads\/2025\/11\/Gruppenfoto_Webseite-480x321.jpg 480w\" sizes=\"(min-width: 0px) and (max-width: 480px) 480px, (min-width: 481px) and (max-width: 980px) 980px, (min-width: 981px) and (max-width: 1280px) 1280px, (min-width: 1281px) 1979px, 100vw\" \/><\/figure>\n\n\n<p>Die Regionen tauschten sich aus mit OB Dieter Krone und Ludger Tieke von der Wirtschaftsf\u00f6rderung Lingen: (v. l.) Bertram Gaiser (Standort Niederrhein GmbH), Bodo Middeldorf (Zukunftsagentur Rheinisches Revier), Sebastian Borgert (regionen.NRW), Dieter Krone (Oberb\u00fcrgermeister Stadt Lingen), Dr. Kai B\u00fcter (Regionalmanagement D\u00fcsseldorf\/Kreis Mettmann), Dr. Reimar Molitor (Region K\u00f6ln\/Bonn e.V.), Hubertus Winterberg (S\u00fcdwestfalen Agentur GmbH), Andreas Grotendorst (M\u00fcnsterland e.V.), Ludger Tieke (Wirtschaftsf\u00f6rderung Lingen) und Paulina Wittich (regionen.NRW). | Foto: regionen.NRW<\/p>\n","protected":false},"excerpt":{"rendered":"<p>Emsland. Der Verbund regionen.NRW hat mit einer zweit\u00e4gigen Exkursion das Emsland besucht, um praxisnahe Einblicke in erfolgreiche Strategien der Regionalentwicklung, Wirtschaftsf\u00f6rderung und Stadtgestaltung zu gewinnen. An der Reise nahmen die Gesch\u00e4ftsf\u00fchrungen der nordrhein-westf\u00e4lischen Regionalentwicklungsorganisationen sowie der Zukunftsagentur Rheinisches Revier teil. Mit dabei war auch Bertram Gaiser, Gesch\u00e4ftsf\u00fchrer der Standort Niederrhein GmbH. Das Emsland als Beispiel [&hellip;]<\/p>\n","protected":false},"author":3,"featured_media":6928,"comment_status":"closed","ping_status":"closed","sticky":false,"template":"","format":"standard","meta":{"_et_pb_use_builder":"","_et_pb_old_content":"","_et_gb_content_width":"","footnotes":""},"categories":[1],"tags":[],"class_list":["post-6927","post","type-post","status-publish","format-standard","has-post-thumbnail","hentry","category-allgemein"],"_links":{"self":[{"href":"https:\/\/standort-niederrhein.de\/en\/wp-json\/wp\/v2\/posts\/6927","targetHints":{"allow":["GET"]}}],"collection":[{"href":"https:\/\/standort-niederrhein.de\/en\/wp-json\/wp\/v2\/posts"}],"about":[{"href":"https:\/\/standort-niederrhein.de\/en\/wp-json\/wp\/v2\/types\/post"}],"author":[{"embeddable":true,"href":"https:\/\/standort-niederrhein.de\/en\/wp-json\/wp\/v2\/users\/3"}],"replies":[{"embeddable":true,"href":"https:\/\/standort-niederrhein.de\/en\/wp-json\/wp\/v2\/comments?post=6927"}],"version-history":[{"count":2,"href":"https:\/\/standort-niederrhein.de\/en\/wp-json\/wp\/v2\/posts\/6927\/revisions"}],"predecessor-version":[{"id":6930,"href":"https:\/\/standort-niederrhein.de\/en\/wp-json\/wp\/v2\/posts\/6927\/revisions\/6930"}],"wp:featuredmedia":[{"embeddable":true,"href":"https:\/\/standort-niederrhein.de\/en\/wp-json\/wp\/v2\/media\/6928"}],"wp:attachment":[{"href":"https:\/\/standort-niederrhein.de\/en\/wp-json\/wp\/v2\/media?parent=6927"}],"wp:term":[{"taxonomy":"category","embeddable":true,"href":"https:\/\/standort-niederrhein.de\/en\/wp-json\/wp\/v2\/categories?post=6927"},{"taxonomy":"post_tag","embeddable":true,"href":"https:\/\/standort-niederrhein.de\/en\/wp-json\/wp\/v2\/tags?post=6927"}],"curies":[{"name":"wp","href":"https:\/\/api.w.org\/{rel}","templated":true}]}}