{"id":6920,"date":"2025-11-10T06:00:00","date_gmt":"2025-11-10T05:00:00","guid":{"rendered":"https:\/\/standort-niederrhein.de\/?p=6920"},"modified":"2025-11-06T10:24:10","modified_gmt":"2025-11-06T09:24:10","slug":"experten-einig-rhein-kreis-neuss-ist-schluesselregion-der-energiewende","status":"publish","type":"post","link":"https:\/\/standort-niederrhein.de\/en\/2025\/11\/10\/experten-einig-rhein-kreis-neuss-ist-schluesselregion-der-energiewende\/","title":{"rendered":"Experten einig: Rhein-Kreis Neuss ist Schl\u00fcsselregion der Energiewende"},"content":{"rendered":"\n<p><strong>Rhein-Kreis Neuss. <\/strong>Der aktuelle Monitoringbericht des Bundesministeriums f\u00fcr Wirtschaft und Energie sowie ein Rundschreiben des Landkreistags (LKT) Nordrhein-Westfalen verdeutlichen, dass die Energiewende st\u00e4rker auf Versorgungssicherheit, Wettbewerbsf\u00e4higkeit und Kosteneffizienz ausgerichtet werden muss. F\u00fcr den Rhein-Kreis Neuss, der als einer der wichtigsten Industriestandorte des Landes gilt, ergeben sich daraus sowohl Herausforderungen als auch Zukunftschancen.<\/p>\n\n\n\n<p>\u201eDer Rhein-Kreis Neuss ist Herzst\u00fcck der industriellen Transformation im Rheinland. Damit die Energiewende gelingt, brauchen wir Versorgungssicherheit und verl\u00e4ssliche Rahmenbedingungen. Der Wasserstoff-Hochlauf bietet f\u00fcr unsere Region enorme Chancen\u201c, so Kreisdirektor Dirk Br\u00fcgge.<\/p>\n\n\n\n<p>Der Bericht betont, dass die deutsche Energieversorgung in wind- und sonnenarmen Zeiten nur mit flexiblen Kraftwerkskapazit\u00e4ten, Speichern und einem gezielten Netzausbau stabil gehalten werden kann. Der Rhein-Kreis Neuss ist aufgrund seiner industriellen Struktur und seiner Lage im Rheinischen Revier besonders von diesen Entwicklungen betroffen. Dort sitzen zahlreiche energieintensive Unternehmen, deren Wettbewerbsf\u00e4higkeit von sicheren und bezahlbaren Energiepreisen abh\u00e4ngt.<\/p>\n\n\n\n<p>Gleichzeitig unterstreicht der Bund die wachsende Bedeutung des Wasserstoffs als Energietr\u00e4ger der Zukunft. Das geplante Wasserstoff-Kernnetz, das bis 2032 entstehen soll, f\u00fchrt direkt durch das Rheinland und macht die Region zu einem zentralen Standort f\u00fcr die Produktion, Verteilung und Nutzung von Wasserstoff. F\u00fcr den Rhein-Kreis Neuss bietet dies gro\u00dfe Chancen, die Energiewende aktiv mitzugestalten und neue Wertsch\u00f6pfung zu schaffen.<\/p>\n\n\n\n<p>Das LKT-Rundschreiben fasst die vom Bund formulierten zehn Schl\u00fcsselma\u00dfnahmen zusammen, die k\u00fcnftig die Energiepolitik leiten sollen. Dazu z\u00e4hlen ein realistisch berechneter Strombedarf, die marktgerechte F\u00f6rderung erneuerbarer Energien, der synchrone Ausbau von Netzen und Speichern, der Aufbau eines technologieoffenen Kapazit\u00e4tsmarktes f\u00fcr flexible Gaskraftwerke sowie eine Beschleunigung des Wasserstoff-Hochlaufs.<\/p>\n\n\n\n<p>F\u00fcr den Rhein-Kreis Neuss ergibt sich daraus die Notwendigkeit, den Strukturwandel im Rheinischen Revier weiter konsequent zu begleiten und lokale Akteure in Industrie, Forschung und Energieversorgung zu vernetzen. Besonders die Wasserstoff-Infrastruktur, die Digitalisierung der Energiesysteme und die Nutzung von CO\u2082-armen Technologien werden die kommenden Jahre pr\u00e4gen. \u201eWir wollen, dass der Rhein-Kreis Neuss ein starker, klimaneutraler Industriestandort bleibt. Daf\u00fcr setzen wir auf Innovation, Kooperation und eine ehrliche Bestandsaufnahme\u201c, so Kreisdirektor Br\u00fcgge.<\/p>\n\n\n\n<p>Quelle: <a href=\"http:\/\/www.rhein-kreis-neuss.de\">Rhein-Kreis Neuss<\/a><\/p>\n\n\n<figure class=\"wp-block-post-featured-image\"><img loading=\"lazy\" decoding=\"async\" width=\"2560\" height=\"1707\" src=\"https:\/\/standort-niederrhein.de\/wp-content\/uploads\/2025\/11\/Bruegge-Dirk_q-scaled.jpg\" class=\"attachment-post-thumbnail size-post-thumbnail wp-post-image\" alt=\"\" style=\"object-fit:cover;\" srcset=\"https:\/\/standort-niederrhein.de\/wp-content\/uploads\/2025\/11\/Bruegge-Dirk_q-scaled.jpg 2560w, https:\/\/standort-niederrhein.de\/wp-content\/uploads\/2025\/11\/Bruegge-Dirk_q-1280x854.jpg 1280w, https:\/\/standort-niederrhein.de\/wp-content\/uploads\/2025\/11\/Bruegge-Dirk_q-980x653.jpg 980w, https:\/\/standort-niederrhein.de\/wp-content\/uploads\/2025\/11\/Bruegge-Dirk_q-480x320.jpg 480w\" sizes=\"(min-width: 0px) and (max-width: 480px) 480px, (min-width: 481px) and (max-width: 980px) 980px, (min-width: 981px) and (max-width: 1280px) 1280px, (min-width: 1281px) 2560px, 100vw\" \/><\/figure>\n\n\n<p>\u201eEhrliche Bestandsaufnahme\u201c: Kreisdirektor Dirk Br\u00fcgge zum Monitoringbericht des Bundesministeriums f\u00fcr Wirtschaft und Energie und zum Rundschreiben des Landkreistags. | Foto: Rhein-Kreis Neuss<\/p>\n","protected":false},"excerpt":{"rendered":"<p>Rhein-Kreis Neuss. Der aktuelle Monitoringbericht des Bundesministeriums f\u00fcr Wirtschaft und Energie sowie ein Rundschreiben des Landkreistags (LKT) Nordrhein-Westfalen verdeutlichen, dass die Energiewende st\u00e4rker auf Versorgungssicherheit, Wettbewerbsf\u00e4higkeit und Kosteneffizienz ausgerichtet werden muss. F\u00fcr den Rhein-Kreis Neuss, der als einer der wichtigsten Industriestandorte des Landes gilt, ergeben sich daraus sowohl Herausforderungen als auch Zukunftschancen. \u201eDer Rhein-Kreis Neuss [&hellip;]<\/p>\n","protected":false},"author":3,"featured_media":6921,"comment_status":"closed","ping_status":"closed","sticky":false,"template":"","format":"standard","meta":{"_et_pb_use_builder":"","_et_pb_old_content":"","_et_gb_content_width":"","footnotes":""},"categories":[1],"tags":[],"class_list":["post-6920","post","type-post","status-publish","format-standard","has-post-thumbnail","hentry","category-allgemein"],"_links":{"self":[{"href":"https:\/\/standort-niederrhein.de\/en\/wp-json\/wp\/v2\/posts\/6920","targetHints":{"allow":["GET"]}}],"collection":[{"href":"https:\/\/standort-niederrhein.de\/en\/wp-json\/wp\/v2\/posts"}],"about":[{"href":"https:\/\/standort-niederrhein.de\/en\/wp-json\/wp\/v2\/types\/post"}],"author":[{"embeddable":true,"href":"https:\/\/standort-niederrhein.de\/en\/wp-json\/wp\/v2\/users\/3"}],"replies":[{"embeddable":true,"href":"https:\/\/standort-niederrhein.de\/en\/wp-json\/wp\/v2\/comments?post=6920"}],"version-history":[{"count":1,"href":"https:\/\/standort-niederrhein.de\/en\/wp-json\/wp\/v2\/posts\/6920\/revisions"}],"predecessor-version":[{"id":6922,"href":"https:\/\/standort-niederrhein.de\/en\/wp-json\/wp\/v2\/posts\/6920\/revisions\/6922"}],"wp:featuredmedia":[{"embeddable":true,"href":"https:\/\/standort-niederrhein.de\/en\/wp-json\/wp\/v2\/media\/6921"}],"wp:attachment":[{"href":"https:\/\/standort-niederrhein.de\/en\/wp-json\/wp\/v2\/media?parent=6920"}],"wp:term":[{"taxonomy":"category","embeddable":true,"href":"https:\/\/standort-niederrhein.de\/en\/wp-json\/wp\/v2\/categories?post=6920"},{"taxonomy":"post_tag","embeddable":true,"href":"https:\/\/standort-niederrhein.de\/en\/wp-json\/wp\/v2\/tags?post=6920"}],"curies":[{"name":"wp","href":"https:\/\/api.w.org\/{rel}","templated":true}]}}