{"id":6917,"date":"2025-11-07T06:00:00","date_gmt":"2025-11-07T05:00:00","guid":{"rendered":"https:\/\/standort-niederrhein.de\/?p=6917"},"modified":"2025-11-06T10:20:00","modified_gmt":"2025-11-06T09:20:00","slug":"unternehmerforum-campus-cleve-widmet-sich-der-digitalen-zukunft","status":"publish","type":"post","link":"https:\/\/standort-niederrhein.de\/en\/2025\/11\/07\/unternehmerforum-campus-cleve-widmet-sich-der-digitalen-zukunft\/","title":{"rendered":"Unternehmerforum Campus Cleve widmet sich der digitalen Zukunft"},"content":{"rendered":"\n<p><strong>Kreis Kleve.<\/strong> Der F\u00f6rderverein der Hochschule Rhein-Waal \u2013 Campus Cleve e.V. hatte im Rahmen der 8. Unternehmertagung \u201eUnternehmerforum Campus Cleve\u201c zu dem Thema: \u201eResiliente Cloud-Systeme im KI-Zeitalter\u201c eingeladen, darunter viele Unternehmen der Region und weitere Interessierte.<br>Das diesj\u00e4hrige Unternehmerforum wurde durch Ingo Prang von der mitveranstaltenden KPP Steuerberatungsgesellschaft mbH er\u00f6ffnet. Anschlie\u00dfend begr\u00fc\u00dften Brigitte Jansen, Gesch\u00e4ftsf\u00fchrerin des F\u00f6rdervereins der Hochschule Rhein-Waal \u2013 Campus Cleve e.V. und Robert Beinio, 1. Vorsitzender des F\u00f6rdervereins, sowie Hochschul-Pr\u00e4sident Prof. Dr. Oliver Locker-Gr\u00fctjen die G\u00e4ste.<\/p>\n\n\n\n<p>Im ersten Teil der Unternehmertagung pr\u00e4sentierten Prof. Dr.-Ing. Patrick-Benjamin B\u00f6k und Prof. Dr. Matteo Gro\u00dfe-Kampmann von der Hochschule Rhein-Waal (HSRW) \u2013 Kamp-Lintfort die Herausforderungen, die bei der Anwendung von K\u00fcnstlicher Intelligenz (KI) in Cloud-Systemen auftreten. Sie betonten, dass der Einsatz von K\u00fcnstlicher Intelligenz mit hohen Anforderungen an Rechenleistung und Datenverarbeitung verbunden ist. KI-Anwendungen m\u00fcssen gro\u00dfe Datenmengen in Echtzeit analysieren und verarbeiten \u2013 eine Herausforderung, die Unternehmen vor die Aufgabe stellt, ihre Cloud-Infrastrukturen leistungsf\u00e4hig, flexibel, sicher und anpassungsf\u00e4hig zu gestalten.<\/p>\n\n\n\n<p>Daher war ein weiterer zentraler Punkt das Thema Sicherheit. Da KI-Systeme zunehmend in sensiblen Bereichen zum Einsatz kommen, sind umfassende Schutzma\u00dfnahmen unerl\u00e4sslich. Unternehmen m\u00fcssen sicherstellen, dass sowohl ihre KI-Modelle als auch die zugrunde liegenden Daten bestm\u00f6glich abgesichert sind.<\/p>\n\n\n\n<p>Nach einer kurzen Pause mit Kaffee und Snacks startete der zweite Teil der Veranstaltung mit einem Blick auf die Infrastruktur resilienter Cloud-Systeme. Im Mittelpunkt stand die Frage, wie Unternehmen ihre Infrastruktur so gestalten k\u00f6nnen, dass K\u00fcnstliche Intelligenz effizient, sicher und zuverl\u00e4ssig betrieben werden kann.<\/p>\n\n\n\n<p>Die Experten machten deutlich, dass leistungsf\u00e4hige und flexible Cloud-Strukturen eine zentrale Voraussetzung f\u00fcr den erfolgreichen Einsatz von KI darstellen. Um K\u00fcnstliche Intelligenz produktiv nutzen zu k\u00f6nnen, m\u00fcssen Systeme nicht nur skalierbar, sondern auch st\u00e4ndig verf\u00fcgbar und ausfallsicher sein.<\/p>\n\n\n\n<p>Unternehmen stehen daher vor der Herausforderung, ihre Infrastruktur so zu gestalten, dass sie den wachsenden Anforderungen moderner KI-Anwendungen gerecht wird und gleichzeitig Stabilit\u00e4t, Sicherheit und eine durchgehend hohe Performance gew\u00e4hrleistet.<\/p>\n\n\n\n<p>Zahlreiche Fragen im Anschluss der Pr\u00e4sentationen verdeutlichten das Interesse an diesem Thema und den Bedarf, sich \u00fcber die Herausforderungen und Chancen im Bereich resiliente Cloud-Systeme auszutauschen.<\/p>\n\n\n\n<p>Quelle: <a href=\"http:\/\/www.campus-cleve.eu\">F\u00f6rderverein der Hochschule Rhein-Waal \u2013 Campus Cleve e.V.<\/a><\/p>\n\n\n<figure class=\"wp-block-post-featured-image\"><img loading=\"lazy\" decoding=\"async\" width=\"2560\" height=\"1827\" src=\"https:\/\/standort-niederrhein.de\/wp-content\/uploads\/2025\/11\/Unternehmerforum-Campus-Cleve-1-scaled.jpg\" class=\"attachment-post-thumbnail size-post-thumbnail wp-post-image\" alt=\"\" style=\"object-fit:cover;\" srcset=\"https:\/\/standort-niederrhein.de\/wp-content\/uploads\/2025\/11\/Unternehmerforum-Campus-Cleve-1-scaled.jpg 2560w, https:\/\/standort-niederrhein.de\/wp-content\/uploads\/2025\/11\/Unternehmerforum-Campus-Cleve-1-1280x914.jpg 1280w, https:\/\/standort-niederrhein.de\/wp-content\/uploads\/2025\/11\/Unternehmerforum-Campus-Cleve-1-980x699.jpg 980w, https:\/\/standort-niederrhein.de\/wp-content\/uploads\/2025\/11\/Unternehmerforum-Campus-Cleve-1-480x343.jpg 480w\" sizes=\"(min-width: 0px) and (max-width: 480px) 480px, (min-width: 481px) and (max-width: 980px) 980px, (min-width: 981px) and (max-width: 1280px) 1280px, (min-width: 1281px) 2560px, 100vw\" \/><\/figure>\n\n\n<p>\u201eResiliente Cloud-Systeme im KI-Zeitalter\u201c standen bei dem aktuellen \u201eUnternehmerforum Campus Cleve\u201c im Vordergrund. Ihren Beitrag leisteten (v.l.n.r.) Prof. Dr.-Ing. Patrick-Benjamin B\u00f6k, Prof. Dr. Matteo Gro\u00dfe-Kampmann, Brigitte Jansen, Ingo Prang, Robert Beinio, Prof. Dr. Oliver Locker-Gr\u00fctjen und Corinna Strunk. | Foto: Campus Cleve<br><\/p>\n","protected":false},"excerpt":{"rendered":"<p>Kreis Kleve. Der F\u00f6rderverein der Hochschule Rhein-Waal \u2013 Campus Cleve e.V. hatte im Rahmen der 8. Unternehmertagung \u201eUnternehmerforum Campus Cleve\u201c zu dem Thema: \u201eResiliente Cloud-Systeme im KI-Zeitalter\u201c eingeladen, darunter viele Unternehmen der Region und weitere Interessierte.Das diesj\u00e4hrige Unternehmerforum wurde durch Ingo Prang von der mitveranstaltenden KPP Steuerberatungsgesellschaft mbH er\u00f6ffnet. Anschlie\u00dfend begr\u00fc\u00dften Brigitte Jansen, Gesch\u00e4ftsf\u00fchrerin des [&hellip;]<\/p>\n","protected":false},"author":3,"featured_media":6918,"comment_status":"closed","ping_status":"closed","sticky":false,"template":"","format":"standard","meta":{"_et_pb_use_builder":"","_et_pb_old_content":"","_et_gb_content_width":"","footnotes":""},"categories":[1],"tags":[],"class_list":["post-6917","post","type-post","status-publish","format-standard","has-post-thumbnail","hentry","category-allgemein"],"_links":{"self":[{"href":"https:\/\/standort-niederrhein.de\/en\/wp-json\/wp\/v2\/posts\/6917","targetHints":{"allow":["GET"]}}],"collection":[{"href":"https:\/\/standort-niederrhein.de\/en\/wp-json\/wp\/v2\/posts"}],"about":[{"href":"https:\/\/standort-niederrhein.de\/en\/wp-json\/wp\/v2\/types\/post"}],"author":[{"embeddable":true,"href":"https:\/\/standort-niederrhein.de\/en\/wp-json\/wp\/v2\/users\/3"}],"replies":[{"embeddable":true,"href":"https:\/\/standort-niederrhein.de\/en\/wp-json\/wp\/v2\/comments?post=6917"}],"version-history":[{"count":1,"href":"https:\/\/standort-niederrhein.de\/en\/wp-json\/wp\/v2\/posts\/6917\/revisions"}],"predecessor-version":[{"id":6919,"href":"https:\/\/standort-niederrhein.de\/en\/wp-json\/wp\/v2\/posts\/6917\/revisions\/6919"}],"wp:featuredmedia":[{"embeddable":true,"href":"https:\/\/standort-niederrhein.de\/en\/wp-json\/wp\/v2\/media\/6918"}],"wp:attachment":[{"href":"https:\/\/standort-niederrhein.de\/en\/wp-json\/wp\/v2\/media?parent=6917"}],"wp:term":[{"taxonomy":"category","embeddable":true,"href":"https:\/\/standort-niederrhein.de\/en\/wp-json\/wp\/v2\/categories?post=6917"},{"taxonomy":"post_tag","embeddable":true,"href":"https:\/\/standort-niederrhein.de\/en\/wp-json\/wp\/v2\/tags?post=6917"}],"curies":[{"name":"wp","href":"https:\/\/api.w.org\/{rel}","templated":true}]}}