{"id":6915,"date":"2025-11-09T06:00:00","date_gmt":"2025-11-09T05:00:00","guid":{"rendered":"https:\/\/standort-niederrhein.de\/?p=6915"},"modified":"2025-11-05T11:20:02","modified_gmt":"2025-11-05T10:20:02","slug":"der-kreis-viersen-gehoert-erneut-zu-deutschlands-besten-ausbildern","status":"publish","type":"post","link":"https:\/\/standort-niederrhein.de\/en\/2025\/11\/09\/der-kreis-viersen-gehoert-erneut-zu-deutschlands-besten-ausbildern\/","title":{"rendered":"Der Kreis Viersen geh\u00f6rt erneut zu Deutschlands besten Ausbildern"},"content":{"rendered":"\n<p><strong>Kreis Viersen.<\/strong> Der Kreis Viersen geh\u00f6rt auch 2025 zu Deutschlands besten Ausbildern. Das geht aus der aktuellen Studie hervor, die das Wirtschaftsmagazin CAPITAL mit der Talentplattform Ausbildung.de durchgef\u00fchrt hat.<\/p>\n\n\n\n<p>Dabei erreicht der Kreis sowohl im Bereich &#8220;Duales Studium&#8221; als auch im Bereich &#8220;Ausbildung&#8221; mit 5 von 5 Sternen ein Spitzenergebnis und geh\u00f6rt erneut zu den besten Unternehmen deutschlandweit. An der Studie beteiligten sich knapp 500 Unternehmen, darunter gro\u00dfe DAX-Konzerne, gro\u00dfe Beh\u00f6rden, viele Mittelst\u00e4ndler und Handwerksbetriebe. Im Fokus standen Aspekte wie die Qualit\u00e4t der Betreuung, die Lernumgebung, innovative Ausbildungsstrategien und die Erfolgschancen der Auszubildenden.<\/p>\n\n\n\n<p>&#8220;Wir freuen uns sehr, dass wir erneut in beiden Bereichen den Spitzenwert erreichen konnten&#8221;, so Landrat Bennet Gielen. &#8220;Gerade in der heutigen Zeit ist die Gewinnung und Bindung von jungen Leuten enorm wichtig f\u00fcr uns. Die vielf\u00e4ltigen beruflichen Einsatz- und Entwicklungsm\u00f6glichkeiten bei der Kreisverwaltung als modernem Dienstleister in der Region sind aber Pluspunkte f\u00fcr uns, die auch bei den Jugendlichen ankommen.&#8221;<\/p>\n\n\n\n<p>&#8220;Wir sind sehr stolz \u00fcber dieses Ergebnis&#8221;, erg\u00e4nzt Ausbildungsleiter Volkmar H\u00f6rning, unterstreicht es doch die qualitativ gute Unterst\u00fctzung, die die aktuell fast 50 Auszubildenden und Studierenden in den unterschiedlichen \u00c4mtern und Einrichtungen bei der praktischen Ausbildung im Kreishaus erhalten. Wer sich f\u00fcr eine Ausbildung beim Kreis Viersen f\u00fcr das kommende Jahr interessiert, findet die aktuellen Ausbildungsangebote stets unter&nbsp;karriere-mit-v-faktor.de<\/p>\n\n\n\n<p>Quelle: <a href=\"http:\/\/www.kreis-viersen.de\">Kreis Viersen<\/a><\/p>\n","protected":false},"excerpt":{"rendered":"<p>Kreis Viersen. Der Kreis Viersen geh\u00f6rt auch 2025 zu Deutschlands besten Ausbildern. Das geht aus der aktuellen Studie hervor, die das Wirtschaftsmagazin CAPITAL mit der Talentplattform Ausbildung.de durchgef\u00fchrt hat. Dabei erreicht der Kreis sowohl im Bereich &#8220;Duales Studium&#8221; als auch im Bereich &#8220;Ausbildung&#8221; mit 5 von 5 Sternen ein Spitzenergebnis und geh\u00f6rt erneut zu den [&hellip;]<\/p>\n","protected":false},"author":3,"featured_media":0,"comment_status":"closed","ping_status":"closed","sticky":false,"template":"","format":"standard","meta":{"_et_pb_use_builder":"","_et_pb_old_content":"","_et_gb_content_width":"","footnotes":""},"categories":[1],"tags":[],"class_list":["post-6915","post","type-post","status-publish","format-standard","hentry","category-allgemein"],"_links":{"self":[{"href":"https:\/\/standort-niederrhein.de\/en\/wp-json\/wp\/v2\/posts\/6915","targetHints":{"allow":["GET"]}}],"collection":[{"href":"https:\/\/standort-niederrhein.de\/en\/wp-json\/wp\/v2\/posts"}],"about":[{"href":"https:\/\/standort-niederrhein.de\/en\/wp-json\/wp\/v2\/types\/post"}],"author":[{"embeddable":true,"href":"https:\/\/standort-niederrhein.de\/en\/wp-json\/wp\/v2\/users\/3"}],"replies":[{"embeddable":true,"href":"https:\/\/standort-niederrhein.de\/en\/wp-json\/wp\/v2\/comments?post=6915"}],"version-history":[{"count":1,"href":"https:\/\/standort-niederrhein.de\/en\/wp-json\/wp\/v2\/posts\/6915\/revisions"}],"predecessor-version":[{"id":6916,"href":"https:\/\/standort-niederrhein.de\/en\/wp-json\/wp\/v2\/posts\/6915\/revisions\/6916"}],"wp:attachment":[{"href":"https:\/\/standort-niederrhein.de\/en\/wp-json\/wp\/v2\/media?parent=6915"}],"wp:term":[{"taxonomy":"category","embeddable":true,"href":"https:\/\/standort-niederrhein.de\/en\/wp-json\/wp\/v2\/categories?post=6915"},{"taxonomy":"post_tag","embeddable":true,"href":"https:\/\/standort-niederrhein.de\/en\/wp-json\/wp\/v2\/tags?post=6915"}],"curies":[{"name":"wp","href":"https:\/\/api.w.org\/{rel}","templated":true}]}}