{"id":6912,"date":"2025-11-08T06:00:00","date_gmt":"2025-11-08T05:00:00","guid":{"rendered":"https:\/\/standort-niederrhein.de\/?p=6912"},"modified":"2025-11-05T09:00:20","modified_gmt":"2025-11-05T08:00:20","slug":"ausbildungsmarkt-bietet-auch-jetzt-noch-grosse-chancen","status":"publish","type":"post","link":"https:\/\/standort-niederrhein.de\/en\/2025\/11\/08\/ausbildungsmarkt-bietet-auch-jetzt-noch-grosse-chancen\/","title":{"rendered":"Ausbildungsmarkt bietet auch jetzt noch gro\u00dfe Chancen"},"content":{"rendered":"\n<p><strong>Mittlerer Niederrhein.<\/strong> F\u00fcr Jugendliche stehen die Chancen auf einen Ausbildungsplatz derzeit gut \u2013 dennoch bleiben viele Stellen unbesetzt. Die passgenaue Vermittlung zwischen Ausbildungsbetrieben und interessierten Bewerberinnen und Bewerbern bleibt damit eine zentrale Aufgabe f\u00fcr den regionalen Ausbildungsmarkt und alle beteiligten Partner. Vertreter der Industrie- und Handelskammer (IHK) Mittlerer Niederrhein, der Kreishandwerkerschaften Niederrhein und M\u00f6nchengladbach sowie der Agenturen f\u00fcr Arbeit Krefeld und M\u00f6nchengladbach betonen gemeinsam: Unternehmen suchen weiterhin engagierte Nachwuchskr\u00e4fte, und Jugendliche haben auch jetzt noch beste Chancen, einen Ausbildungsplatz zu finden. Mit dieser gemeinsamen Botschaft wollen die Akteure junge Menschen ermutigen, sich auch in den kommenden Wochen aktiv um eine Ausbildung zu bem\u00fchen \u2013 und die vielf\u00e4ltigen M\u00f6glichkeiten zu nutzen, die der regionale Ausbildungsmarkt aktuell bietet. <\/p>\n\n\n\n<p>Bis Ende Oktober wurden bei der Industrie- und Handelskammer (IHK) Mittlerer Niederrhein 3.538 neue Ausbildungsvertr\u00e4ge registriert. Das ist ein Minus von 6,48 Prozent im Vergleich zum Vorjahr (3.783 Vertr\u00e4ge). Zu den beliebtesten Ausbildungsberufen geh\u00f6rten Kaufleute f\u00fcr B\u00fcromanagement, Chemikant\/-in, Verk\u00e4ufer\/-in und Kaufleute f\u00fcr Gro\u00df- und Au\u00dfenhandelsmanagement.<\/p>\n\n\n\n<p>Dabei ist die Lage in den Teilregionen des IHK-Bezirks auch dieses Jahr wieder unterschiedlich. In M\u00f6nchengladbach gibt es ein Minus von 9,25 Prozent, in Krefeld ein Minus von 0,52 Prozent, im Kreis Viersen ein Minus von 11,94 Prozent. Im Rhein-Kreis Neuss liegt das Minus bei 5,89 Prozent. So wurden in Krefeld 964 (Vorjahr: 969) Vertr\u00e4ge abgeschlossen, in M\u00f6nchengladbach 775 (Vorjahr: 854), im Rhein-Kreis Neuss 1.182 (Vorjahr: 1.256) und im Kreis Viersen 612 (Vorjahr: 695). \u201eDie Zahlen zeigen, dass wir nicht m\u00fcde werden d\u00fcrfen, uns f\u00fcr die duale Ausbildung zu engagieren. Unsere Ausbildungsexperten bieten jungen Menschen auch jetzt noch eine umfassende Beratung und Unterst\u00fctzung an, denn noch ist es nicht zu sp\u00e4t, mit einer Ausbildung zu starten.\u201c<\/p>\n\n\n\n<p>Durch die R\u00fcckkehr zu \u201eG9\u201c wird es im Jahr 2026 in Nordrhein-Westfalen keinen Abiturjahrgang geben, was zu einem signifikanten Mangel an Abiturienten f\u00fchren wird. Lediglich Abiturienten von Gesamtschulen und Berufskollegs werden zur Verf\u00fcgung stehen, was den Wettbewerb um Nachwuchskr\u00e4fte versch\u00e4rfen wird. Unternehmen sollten daher fr\u00fchzeitig Ma\u00dfnahmen ergreifen, um qualifizierte Bewerberinnen und Bewerber zu sichern und eine L\u00fccke im Ausbildungsmarkt zu vermeiden. \u201eInsbesondere f\u00fcr Unternehmen, die etwa Ausbildungen zum Fachinformatiker, Bank- oder Industriekaufleute bevorzugt f\u00fcr Abiturienten von Gymnasien anbieten, bedeutet dies ein Bewerbermangel, auf den sie sich einstellen m\u00fcssen\u201c, so Steinmetz. \u201eDas kann aber auch eine Chance f\u00fcr Jugendliche mit einem niedrigeren Schulabschluss sein, die n\u00e4chstes Jahr eher eingestellt werden.\u201c<\/p>\n\n\n\n<p>Quelle: <a href=\"https:\/\/mittlerer-niederrhein.ihk.de\/news\/detail\/ausbildungsmarkt-bietet-auch-jetzt-noch-grosse-chancen\">IHK Mittlerer Niederrhein<\/a><\/p>\n\n\n<figure class=\"wp-block-post-featured-image\"><img loading=\"lazy\" decoding=\"async\" width=\"1280\" height=\"829\" src=\"https:\/\/standort-niederrhein.de\/wp-content\/uploads\/2025\/11\/csm_2025_pm227_Ausbildungsmarkt_596cf010be.jpg\" class=\"attachment-post-thumbnail size-post-thumbnail wp-post-image\" alt=\"\" style=\"object-fit:cover;\" srcset=\"https:\/\/standort-niederrhein.de\/wp-content\/uploads\/2025\/11\/csm_2025_pm227_Ausbildungsmarkt_596cf010be.jpg 1280w, https:\/\/standort-niederrhein.de\/wp-content\/uploads\/2025\/11\/csm_2025_pm227_Ausbildungsmarkt_596cf010be-980x635.jpg 980w, https:\/\/standort-niederrhein.de\/wp-content\/uploads\/2025\/11\/csm_2025_pm227_Ausbildungsmarkt_596cf010be-480x311.jpg 480w\" sizes=\"(min-width: 0px) and (max-width: 480px) 480px, (min-width: 481px) and (max-width: 980px) 980px, (min-width: 981px) 1280px, 100vw\" \/><\/figure>\n\n\n<p>Sie zogen gemeinsam Bilanz zum Ausbildungsmarkt 2025 (v.l.): Stefan Bresser, Gesch\u00e4ftsf\u00fchrer der Kreishandwerkerschaft M\u00f6nchengladbach, Rainer Imkamp, Vorsitzender der Gesch\u00e4ftsf\u00fchrung der Agentur f\u00fcr Arbeit M\u00f6nchengladbach, IHK-Hauptgesch\u00e4ftsf\u00fchrer J\u00fcrgen Steinmetz, Marc Goxers, Gesch\u00e4ftsf\u00fchrer der Kreishandwerkerschaft Niederrhein, sowie Hasan Klauser, Vorsitzender der Gesch\u00e4ftsf\u00fchrung der Agentur f\u00fcr Arbeit Krefeld\/ Kreis Viersen. | Foto: IHK Mittlerer Niederrhein<\/p>\n","protected":false},"excerpt":{"rendered":"<p>Mittlerer Niederrhein. F\u00fcr Jugendliche stehen die Chancen auf einen Ausbildungsplatz derzeit gut \u2013 dennoch bleiben viele Stellen unbesetzt. Die passgenaue Vermittlung zwischen Ausbildungsbetrieben und interessierten Bewerberinnen und Bewerbern bleibt damit eine zentrale Aufgabe f\u00fcr den regionalen Ausbildungsmarkt und alle beteiligten Partner. Vertreter der Industrie- und Handelskammer (IHK) Mittlerer Niederrhein, der Kreishandwerkerschaften Niederrhein und M\u00f6nchengladbach sowie [&hellip;]<\/p>\n","protected":false},"author":3,"featured_media":6913,"comment_status":"closed","ping_status":"closed","sticky":false,"template":"","format":"standard","meta":{"_et_pb_use_builder":"","_et_pb_old_content":"","_et_gb_content_width":"","footnotes":""},"categories":[1],"tags":[],"class_list":["post-6912","post","type-post","status-publish","format-standard","has-post-thumbnail","hentry","category-allgemein"],"_links":{"self":[{"href":"https:\/\/standort-niederrhein.de\/en\/wp-json\/wp\/v2\/posts\/6912","targetHints":{"allow":["GET"]}}],"collection":[{"href":"https:\/\/standort-niederrhein.de\/en\/wp-json\/wp\/v2\/posts"}],"about":[{"href":"https:\/\/standort-niederrhein.de\/en\/wp-json\/wp\/v2\/types\/post"}],"author":[{"embeddable":true,"href":"https:\/\/standort-niederrhein.de\/en\/wp-json\/wp\/v2\/users\/3"}],"replies":[{"embeddable":true,"href":"https:\/\/standort-niederrhein.de\/en\/wp-json\/wp\/v2\/comments?post=6912"}],"version-history":[{"count":1,"href":"https:\/\/standort-niederrhein.de\/en\/wp-json\/wp\/v2\/posts\/6912\/revisions"}],"predecessor-version":[{"id":6914,"href":"https:\/\/standort-niederrhein.de\/en\/wp-json\/wp\/v2\/posts\/6912\/revisions\/6914"}],"wp:featuredmedia":[{"embeddable":true,"href":"https:\/\/standort-niederrhein.de\/en\/wp-json\/wp\/v2\/media\/6913"}],"wp:attachment":[{"href":"https:\/\/standort-niederrhein.de\/en\/wp-json\/wp\/v2\/media?parent=6912"}],"wp:term":[{"taxonomy":"category","embeddable":true,"href":"https:\/\/standort-niederrhein.de\/en\/wp-json\/wp\/v2\/categories?post=6912"},{"taxonomy":"post_tag","embeddable":true,"href":"https:\/\/standort-niederrhein.de\/en\/wp-json\/wp\/v2\/tags?post=6912"}],"curies":[{"name":"wp","href":"https:\/\/api.w.org\/{rel}","templated":true}]}}