{"id":6902,"date":"2025-11-04T06:00:00","date_gmt":"2025-11-04T05:00:00","guid":{"rendered":"https:\/\/standort-niederrhein.de\/?p=6902"},"modified":"2025-11-03T11:03:05","modified_gmt":"2025-11-03T10:03:05","slug":"dr-annett-schmeck-als-neue-kanzlerin-der-hochschule-rhein-waal-ernannt","status":"publish","type":"post","link":"https:\/\/standort-niederrhein.de\/en\/2025\/11\/04\/dr-annett-schmeck-als-neue-kanzlerin-der-hochschule-rhein-waal-ernannt\/","title":{"rendered":"Dr. Annett Schmeck als neue Kanzlerin der Hochschule Rhein-Waal ernannt"},"content":{"rendered":"\n<p><strong>Kleve\/ Kamp-Lintfort. <\/strong>Dr. Annett Schmeck wurde nun von Ministerialdirigent Ralf Th\u00f6nnissen, Ministerium f\u00fcr Kultur und Wissenschaft des Landes Nordrhein-Westfalen (MKW NRW), als neue Kanzlerin der Hochschule Rhein-Waal ernannt. <\/p>\n\n\n\n<p>Die neue Kanzlerin freut sich auf die kommende Zeit: \u201eIch durfte bereits die ersten Kolleg*innen kennenlernen und bin von der Motivation, die ich versp\u00fcren durfte, begeistert. Diese Hochschule ist etwas Besonderes. Die breite Studierendenschaft, gepr\u00e4gt durch viele internationale Studierende, ist in unserer Region ein Alleinstellungsmerkmal und macht die Hochschule einzigartig.\u201c Dr. Annett Schmeck wurde am 25. Juni 2025 durch die Hochschulwahlversammlung zur neuen Kanzlerin der Hochschule Rhein-Waal gew\u00e4hlt. Ihre Amtszeit betr\u00e4gt acht Jahre.<\/p>\n\n\n\n<p>Dr. Schmeck f\u00fchrte zuletzt als Gesch\u00e4ftsf\u00fchrerin die Fakult\u00e4t f\u00fcr Philosophie und Erziehungswissenschaft an der Ruhr-Universit\u00e4t Bochum. Diese Funktion hatte sie seit 2019 inne. Zuvor war sie zun\u00e4chst als wissenschaftliche Mitarbeiterin an der Universit\u00e4t Duisburg-Essen t\u00e4tig und anschlie\u00dfend als Projektmanagerin bei der Stiftung Mercator GmbH, Essen. Die geb\u00fcrtige Essenerin studierte Diplompsychologie an der Ruhr-Universit\u00e4t Bochum und erwarb ihre Promotion an der Universit\u00e4t Duisburg-Essen. Sie ist verheiratet und hat zwei Kinder.<\/p>\n\n\n\n<p>Ebenfalls anwesend bei der Ernennung war Prof. Dr. Aloys Krieg, Hochschulratsvorsitzender der Hochschule Rhein-Waal. Er gratulierte Frau Dr. Schmeck im Namen des Hochschulrates: \u201eWir gratulieren Frau Dr. Schmeck zu ihrer Ernennung und freuen uns sehr auf die Zusammenarbeit mit ihr.\u201c<\/p>\n\n\n\n<p>Quelle: <a href=\"http:\/\/www.hochschule-rhein-waal.de\">Hochschule Rhein-Waal<\/a><\/p>\n\n\n<figure class=\"wp-block-post-featured-image\"><img loading=\"lazy\" decoding=\"async\" width=\"2560\" height=\"1440\" src=\"https:\/\/standort-niederrhein.de\/wp-content\/uploads\/2025\/11\/20251103_HSRW_PM_Ernennung-Kanzlerin\u00a9-MKW-NRW-scaled.jpg\" class=\"attachment-post-thumbnail size-post-thumbnail wp-post-image\" alt=\"\" style=\"object-fit:cover;\" srcset=\"https:\/\/standort-niederrhein.de\/wp-content\/uploads\/2025\/11\/20251103_HSRW_PM_Ernennung-Kanzlerin\u00a9-MKW-NRW-scaled.jpg 2560w, https:\/\/standort-niederrhein.de\/wp-content\/uploads\/2025\/11\/20251103_HSRW_PM_Ernennung-Kanzlerin\u00a9-MKW-NRW-300x169.jpg 300w, https:\/\/standort-niederrhein.de\/wp-content\/uploads\/2025\/11\/20251103_HSRW_PM_Ernennung-Kanzlerin\u00a9-MKW-NRW-1024x576.jpg 1024w, https:\/\/standort-niederrhein.de\/wp-content\/uploads\/2025\/11\/20251103_HSRW_PM_Ernennung-Kanzlerin\u00a9-MKW-NRW-768x432.jpg 768w, https:\/\/standort-niederrhein.de\/wp-content\/uploads\/2025\/11\/20251103_HSRW_PM_Ernennung-Kanzlerin\u00a9-MKW-NRW-1536x864.jpg 1536w, https:\/\/standort-niederrhein.de\/wp-content\/uploads\/2025\/11\/20251103_HSRW_PM_Ernennung-Kanzlerin\u00a9-MKW-NRW-2048x1152.jpg 2048w, https:\/\/standort-niederrhein.de\/wp-content\/uploads\/2025\/11\/20251103_HSRW_PM_Ernennung-Kanzlerin\u00a9-MKW-NRW-1080x608.jpg 1080w, https:\/\/standort-niederrhein.de\/wp-content\/uploads\/2025\/11\/20251103_HSRW_PM_Ernennung-Kanzlerin\u00a9-MKW-NRW-1280x720.jpg 1280w, https:\/\/standort-niederrhein.de\/wp-content\/uploads\/2025\/11\/20251103_HSRW_PM_Ernennung-Kanzlerin\u00a9-MKW-NRW-980x551.jpg 980w, https:\/\/standort-niederrhein.de\/wp-content\/uploads\/2025\/11\/20251103_HSRW_PM_Ernennung-Kanzlerin\u00a9-MKW-NRW-480x270.jpg 480w\" sizes=\"(max-width: 2560px) 100vw, 2560px\" \/><\/figure>\n\n\n<p>Ministerialdirigent Ralf Th\u00f6nnissen, Ministerium f\u00fcr Kultur und Wissenschaft des Landes Nordrhein-Westfalen (MKW NRW) und Dr. Annett Schmeck (Kanzlerin Hochschule Rhein-Waal) | Foto: MKW NRW<\/p>\n","protected":false},"excerpt":{"rendered":"<p>Kleve\/ Kamp-Lintfort. Dr. Annett Schmeck wurde nun von Ministerialdirigent Ralf Th\u00f6nnissen, Ministerium f\u00fcr Kultur und Wissenschaft des Landes Nordrhein-Westfalen (MKW NRW), als neue Kanzlerin der Hochschule Rhein-Waal ernannt. Die neue Kanzlerin freut sich auf die kommende Zeit: \u201eIch durfte bereits die ersten Kolleg*innen kennenlernen und bin von der Motivation, die ich versp\u00fcren durfte, begeistert. Diese [&hellip;]<\/p>\n","protected":false},"author":3,"featured_media":6903,"comment_status":"closed","ping_status":"closed","sticky":false,"template":"","format":"standard","meta":{"_et_pb_use_builder":"","_et_pb_old_content":"","_et_gb_content_width":"","footnotes":""},"categories":[1],"tags":[],"class_list":["post-6902","post","type-post","status-publish","format-standard","has-post-thumbnail","hentry","category-allgemein"],"_links":{"self":[{"href":"https:\/\/standort-niederrhein.de\/en\/wp-json\/wp\/v2\/posts\/6902","targetHints":{"allow":["GET"]}}],"collection":[{"href":"https:\/\/standort-niederrhein.de\/en\/wp-json\/wp\/v2\/posts"}],"about":[{"href":"https:\/\/standort-niederrhein.de\/en\/wp-json\/wp\/v2\/types\/post"}],"author":[{"embeddable":true,"href":"https:\/\/standort-niederrhein.de\/en\/wp-json\/wp\/v2\/users\/3"}],"replies":[{"embeddable":true,"href":"https:\/\/standort-niederrhein.de\/en\/wp-json\/wp\/v2\/comments?post=6902"}],"version-history":[{"count":1,"href":"https:\/\/standort-niederrhein.de\/en\/wp-json\/wp\/v2\/posts\/6902\/revisions"}],"predecessor-version":[{"id":6904,"href":"https:\/\/standort-niederrhein.de\/en\/wp-json\/wp\/v2\/posts\/6902\/revisions\/6904"}],"wp:featuredmedia":[{"embeddable":true,"href":"https:\/\/standort-niederrhein.de\/en\/wp-json\/wp\/v2\/media\/6903"}],"wp:attachment":[{"href":"https:\/\/standort-niederrhein.de\/en\/wp-json\/wp\/v2\/media?parent=6902"}],"wp:term":[{"taxonomy":"category","embeddable":true,"href":"https:\/\/standort-niederrhein.de\/en\/wp-json\/wp\/v2\/categories?post=6902"},{"taxonomy":"post_tag","embeddable":true,"href":"https:\/\/standort-niederrhein.de\/en\/wp-json\/wp\/v2\/tags?post=6902"}],"curies":[{"name":"wp","href":"https:\/\/api.w.org\/{rel}","templated":true}]}}