{"id":6899,"date":"2025-11-03T07:00:00","date_gmt":"2025-11-03T06:00:00","guid":{"rendered":"https:\/\/standort-niederrhein.de\/?p=6899"},"modified":"2025-10-31T13:28:35","modified_gmt":"2025-10-31T12:28:35","slug":"dr-andreas-coenen-verabschiedet-sich-nach-zehn-jahren-als-landrat-des-kreises-viersen","status":"publish","type":"post","link":"https:\/\/standort-niederrhein.de\/en\/2025\/11\/03\/dr-andreas-coenen-verabschiedet-sich-nach-zehn-jahren-als-landrat-des-kreises-viersen\/","title":{"rendered":"Dr. Andreas Coenen verabschiedet sich nach zehn Jahren als Landrat des Kreises Viersen"},"content":{"rendered":"\n<p><strong>Kreis Viersen.<\/strong> Zum Abschied von Landrat Dr. Andreas Coenen sind rund 200 G\u00e4ste ins Forum Kreis Viersen gekommen. Dort hat er mit Weggef\u00e4hrten in einer lockeren Talkrunde gesprochen, moderiert von Anouk van der Vliet, Chefredakteurin der Welle Niederrhein. Der Runde geh\u00f6rten Frank Meyer, Oberb\u00fcrgermeister der Stadt Krefeld, Karl-Heinz Wassong, B\u00fcrgermeister der Gemeinde Niederkr\u00fcchten und Sprecher der B\u00fcrgermeister im Kreis Viersen, J\u00fcrgen Heinen, Fraktionsvorsitzender der Kreistagsfraktion B\u00dcNDNIS 90\/DIE GR\u00dcNEN sowie Michael Aach, Vorstand der Gemeinn\u00fctzigen Wohnungsgesellschaft Kreis Viersen AG, an. Mit ihnen sprach Dr. Coenen unter anderem \u00fcber nachhaltige Bauweise, interkommunale Zusammenarbeit und den Gewerbepark Elmpt \u2013 Themen, die er w\u00e4hrend seiner Amtszeiten als Landrat vorangetrieben hat.<\/p>\n\n\n\n<p>&#8220;Was wir gemeinsam erreicht haben, macht mich zufrieden und dankbar und auch ein bisschen stolz. Mein Ziel war es, den Kreis modern und nachhaltig zu gestalten. Ich bin der Meinung, dass uns dies gelungen ist&#8221;, res\u00fcmiert Dr. Coenen.<\/p>\n\n\n\n<p>Regierungspr\u00e4sident Thomas Sch\u00fcrmann hat die Arbeit des scheidenden Landrats gew\u00fcrdigt. Kreisdirektor Ingo Schabrich hat in einer Rede den Werdegang Dr. Coenens nachgezeichnet und dabei Parallelen zu den Alpen und dem Thema Bergsteigen gezogen \u2013 zwei Leidenschaften, denen Dr. Coenen sich nun intensiver widmen will. Seine Familie und ihn zieht es nach Bayern in den Chiemgau.<\/p>\n\n\n\n<p>Dr. Coenen ist seit M\u00e4rz 2002 beim Kreis Viersen. Als pers\u00f6nlicher Referent des damaligen Landrats Dr. Vollert hat er begonnen, wurde dann Personaldezernent, war von 2009 bis 2015 Kreisdirektor, wurde 2015 zum Landrat gew\u00e4hlt und 2020 wiedergew\u00e4hlt.<\/p>\n\n\n\n<p>Vor der Abschiedsfeier und der letzten Kreistagssitzung hat Dr. Andreas Coenen Bennet Gielen empfangen, der ihm ab November als Landrat folgt.<\/p>\n\n\n\n<p>Quelle: <a href=\"http:\/\/www.kreis-viersen.de\">Kreis Viersen<\/a><\/p>\n\n\n<figure class=\"wp-block-post-featured-image\"><img loading=\"lazy\" decoding=\"async\" width=\"2362\" height=\"1575\" src=\"https:\/\/standort-niederrhein.de\/wp-content\/uploads\/2025\/10\/308926P.jpg\" class=\"attachment-post-thumbnail size-post-thumbnail wp-post-image\" alt=\"\" style=\"object-fit:cover;\" srcset=\"https:\/\/standort-niederrhein.de\/wp-content\/uploads\/2025\/10\/308926P.jpg 2362w, https:\/\/standort-niederrhein.de\/wp-content\/uploads\/2025\/10\/308926P-1280x854.jpg 1280w, https:\/\/standort-niederrhein.de\/wp-content\/uploads\/2025\/10\/308926P-980x653.jpg 980w, https:\/\/standort-niederrhein.de\/wp-content\/uploads\/2025\/10\/308926P-480x320.jpg 480w\" sizes=\"(min-width: 0px) and (max-width: 480px) 480px, (min-width: 481px) and (max-width: 980px) 980px, (min-width: 981px) and (max-width: 1280px) 1280px, (min-width: 1281px) 2362px, 100vw\" \/><\/figure>\n\n\n<p>Dr. Andreas Coenen empf\u00e4ngt Bennet Gielen als neuen Landrat des Kreises Viersen. | Foto: Kreis Viersen<\/p>\n","protected":false},"excerpt":{"rendered":"<p>Kreis Viersen. Zum Abschied von Landrat Dr. Andreas Coenen sind rund 200 G\u00e4ste ins Forum Kreis Viersen gekommen. Dort hat er mit Weggef\u00e4hrten in einer lockeren Talkrunde gesprochen, moderiert von Anouk van der Vliet, Chefredakteurin der Welle Niederrhein. Der Runde geh\u00f6rten Frank Meyer, Oberb\u00fcrgermeister der Stadt Krefeld, Karl-Heinz Wassong, B\u00fcrgermeister der Gemeinde Niederkr\u00fcchten und Sprecher [&hellip;]<\/p>\n","protected":false},"author":3,"featured_media":6900,"comment_status":"closed","ping_status":"closed","sticky":false,"template":"","format":"standard","meta":{"_et_pb_use_builder":"","_et_pb_old_content":"","_et_gb_content_width":"","footnotes":""},"categories":[1],"tags":[],"class_list":["post-6899","post","type-post","status-publish","format-standard","has-post-thumbnail","hentry","category-allgemein"],"_links":{"self":[{"href":"https:\/\/standort-niederrhein.de\/en\/wp-json\/wp\/v2\/posts\/6899","targetHints":{"allow":["GET"]}}],"collection":[{"href":"https:\/\/standort-niederrhein.de\/en\/wp-json\/wp\/v2\/posts"}],"about":[{"href":"https:\/\/standort-niederrhein.de\/en\/wp-json\/wp\/v2\/types\/post"}],"author":[{"embeddable":true,"href":"https:\/\/standort-niederrhein.de\/en\/wp-json\/wp\/v2\/users\/3"}],"replies":[{"embeddable":true,"href":"https:\/\/standort-niederrhein.de\/en\/wp-json\/wp\/v2\/comments?post=6899"}],"version-history":[{"count":1,"href":"https:\/\/standort-niederrhein.de\/en\/wp-json\/wp\/v2\/posts\/6899\/revisions"}],"predecessor-version":[{"id":6901,"href":"https:\/\/standort-niederrhein.de\/en\/wp-json\/wp\/v2\/posts\/6899\/revisions\/6901"}],"wp:featuredmedia":[{"embeddable":true,"href":"https:\/\/standort-niederrhein.de\/en\/wp-json\/wp\/v2\/media\/6900"}],"wp:attachment":[{"href":"https:\/\/standort-niederrhein.de\/en\/wp-json\/wp\/v2\/media?parent=6899"}],"wp:term":[{"taxonomy":"category","embeddable":true,"href":"https:\/\/standort-niederrhein.de\/en\/wp-json\/wp\/v2\/categories?post=6899"},{"taxonomy":"post_tag","embeddable":true,"href":"https:\/\/standort-niederrhein.de\/en\/wp-json\/wp\/v2\/tags?post=6899"}],"curies":[{"name":"wp","href":"https:\/\/api.w.org\/{rel}","templated":true}]}}