{"id":6887,"date":"2025-10-17T07:00:00","date_gmt":"2025-10-17T05:00:00","guid":{"rendered":"https:\/\/standort-niederrhein.de\/?p=6887"},"modified":"2025-10-30T13:34:31","modified_gmt":"2025-10-30T12:34:31","slug":"kreis-wesel-verleiht-klimaschutzpreis-2025","status":"publish","type":"post","link":"https:\/\/standort-niederrhein.de\/en\/2025\/10\/17\/kreis-wesel-verleiht-klimaschutzpreis-2025\/","title":{"rendered":"Kreis Wesel verleiht Klimaschutzpreis 2025"},"content":{"rendered":"\n<p><strong>Kreis Wesel.<\/strong> Im Rahmen einer feierlichen Veranstaltung im Kreishaus Wesel hat Helmut Czichy, Vorstandsmitglied des Kreises Wesel f\u00fcr Bauen, Natur, Planen, Umwelt, Vermessung und Kataster, den Klimaschutzpreis 2025 verliehen. Ausgezeichnet wurden insgesamt sechs Projekte, die sich durch besonderes Engagement f\u00fcr Umwelt- und Klimaschutz hervorgetan haben.<\/p>\n\n\n\n<p>In der Kategorie A \u2013 Klimaschutzpreis Kreis Wesel wurden drei Initiativen pr\u00e4miert: Der B\u00fcrgergarten Hummelweg aus Wesel, die Igelfreunde Alpen NRW e.V., sowie der Schwimmverein Alpen e.V..<\/p>\n\n\n\n<p>In der Kategorie B \u2013 Klimaschutzpreis f\u00fcr Kinder und Jugendliche bis 18 Jahre gingen die Auszeichnungen an die Gesamtschule Am Lauerhaas aus Wesel, die Gebr\u00fcder-Grimm-Schule aus Moers, sowie die Gesamtschule Hamminkeln.<\/p>\n\n\n\n<p>Insgesamt hatten sich 17 Initiativen, Schulen und Kitas um den Preis beworben, f\u00fcnf in der Kategorie A und zw\u00f6lf in der Kategorie B. Die eingereichten Projekte verdeutlichen die gro\u00dfe Vielfalt und Kreativit\u00e4t, mit der sich Menschen im Kreis Wesel f\u00fcr den Schutz von Klima und Umwelt einsetzen.<\/p>\n\n\n\n<p>Helmut Czichy betont die Vorbildfunktion der pr\u00e4mierten Projekte: \u201eDie ausgezeichneten Initiativen und Schulprojekte zeigen, wie stark das Bewusstsein f\u00fcr Klimaschutz in unserer Region verankert ist. Mit dem Klimaschutzpreis wollen wir dieses Engagement sichtbar machen, wertsch\u00e4tzen und andere ermutigen, ebenfalls aktiv zu werden.\u201c<\/p>\n\n\n\n<p>Quelle: <a href=\"http:\/\/www.kreis-wesel.de\">Kreis Wesel<\/a><\/p>\n\n\n<figure class=\"wp-block-post-featured-image\"><img loading=\"lazy\" decoding=\"async\" width=\"1275\" height=\"1523\" src=\"https:\/\/standort-niederrhein.de\/wp-content\/uploads\/2025\/10\/p23110.jpg\" class=\"attachment-post-thumbnail size-post-thumbnail wp-post-image\" alt=\"\" style=\"object-fit:cover;\" srcset=\"https:\/\/standort-niederrhein.de\/wp-content\/uploads\/2025\/10\/p23110.jpg 1275w, https:\/\/standort-niederrhein.de\/wp-content\/uploads\/2025\/10\/p23110-980x1171.jpg 980w, https:\/\/standort-niederrhein.de\/wp-content\/uploads\/2025\/10\/p23110-480x573.jpg 480w\" sizes=\"(min-width: 0px) and (max-width: 480px) 480px, (min-width: 481px) and (max-width: 980px) 980px, (min-width: 981px) 1275px, 100vw\" \/><\/figure>\n\n\n<p>Foto: Kreis Wesel<\/p>\n","protected":false},"excerpt":{"rendered":"<p>Kreis Wesel. Im Rahmen einer feierlichen Veranstaltung im Kreishaus Wesel hat Helmut Czichy, Vorstandsmitglied des Kreises Wesel f\u00fcr Bauen, Natur, Planen, Umwelt, Vermessung und Kataster, den Klimaschutzpreis 2025 verliehen. Ausgezeichnet wurden insgesamt sechs Projekte, die sich durch besonderes Engagement f\u00fcr Umwelt- und Klimaschutz hervorgetan haben. In der Kategorie A \u2013 Klimaschutzpreis Kreis Wesel wurden drei [&hellip;]<\/p>\n","protected":false},"author":3,"featured_media":6888,"comment_status":"closed","ping_status":"closed","sticky":false,"template":"","format":"standard","meta":{"_et_pb_use_builder":"","_et_pb_old_content":"","_et_gb_content_width":"","footnotes":""},"categories":[1],"tags":[],"class_list":["post-6887","post","type-post","status-publish","format-standard","has-post-thumbnail","hentry","category-allgemein"],"_links":{"self":[{"href":"https:\/\/standort-niederrhein.de\/en\/wp-json\/wp\/v2\/posts\/6887","targetHints":{"allow":["GET"]}}],"collection":[{"href":"https:\/\/standort-niederrhein.de\/en\/wp-json\/wp\/v2\/posts"}],"about":[{"href":"https:\/\/standort-niederrhein.de\/en\/wp-json\/wp\/v2\/types\/post"}],"author":[{"embeddable":true,"href":"https:\/\/standort-niederrhein.de\/en\/wp-json\/wp\/v2\/users\/3"}],"replies":[{"embeddable":true,"href":"https:\/\/standort-niederrhein.de\/en\/wp-json\/wp\/v2\/comments?post=6887"}],"version-history":[{"count":1,"href":"https:\/\/standort-niederrhein.de\/en\/wp-json\/wp\/v2\/posts\/6887\/revisions"}],"predecessor-version":[{"id":6889,"href":"https:\/\/standort-niederrhein.de\/en\/wp-json\/wp\/v2\/posts\/6887\/revisions\/6889"}],"wp:featuredmedia":[{"embeddable":true,"href":"https:\/\/standort-niederrhein.de\/en\/wp-json\/wp\/v2\/media\/6888"}],"wp:attachment":[{"href":"https:\/\/standort-niederrhein.de\/en\/wp-json\/wp\/v2\/media?parent=6887"}],"wp:term":[{"taxonomy":"category","embeddable":true,"href":"https:\/\/standort-niederrhein.de\/en\/wp-json\/wp\/v2\/categories?post=6887"},{"taxonomy":"post_tag","embeddable":true,"href":"https:\/\/standort-niederrhein.de\/en\/wp-json\/wp\/v2\/tags?post=6887"}],"curies":[{"name":"wp","href":"https:\/\/api.w.org\/{rel}","templated":true}]}}