{"id":6885,"date":"2025-10-31T06:00:00","date_gmt":"2025-10-31T05:00:00","guid":{"rendered":"https:\/\/standort-niederrhein.de\/?p=6885"},"modified":"2025-10-30T13:21:59","modified_gmt":"2025-10-30T12:21:59","slug":"stadt-krefeld-kooperiert-mit-it-refurbisher","status":"publish","type":"post","link":"https:\/\/standort-niederrhein.de\/en\/2025\/10\/31\/stadt-krefeld-kooperiert-mit-it-refurbisher\/","title":{"rendered":"Stadt Krefeld kooperiert mit IT-Refurbisher"},"content":{"rendered":"\n<p><strong>Krefeld. <\/strong>Als Dienstleister f\u00fcr die B\u00fcrgerschaft organisieren und gestalten rund 4.000 Mitarbeitende der Stadtverwaltung Krefeld gemeinsam mit den Krefelderinnen und Krefeldern den Alltag und das t\u00e4gliche Miteinander in der Stadt. Ihre Aufgaben erledigen die st\u00e4dtischen Besch\u00e4ftigten an PC-Arbeitspl\u00e4tzen in B\u00fcros, Instituten und \u00c4mtern an unterschiedlichen Standorten. Um die Sicherstellung eines sicheren, leistungs- und zukunftsf\u00e4higen IT-Betriebs k\u00fcmmert sich verwaltungsintern der Fachbereich E-Government und Informationstechnik. Dieser sorgt aus sicherheitsrelevanten Gr\u00fcnden auch allj\u00e4hrlich daf\u00fcr, dass circa 1.000 Firmen-Laptops und \u2013PCs, also rund ein Viertel des Ger\u00e4te-Bestands, ausgetauscht werden. Ab sofort wird dieser ausgemusterten Hardware nun ein zweites Leben geschenkt: Der gemeinn\u00fctzige IT-Refurbisher \u201eAfB social &amp; green IT\u201c \u00fcbernimmt die Ger\u00e4te zur Aufbereitung und zum Wiederverkauf.<\/p>\n\n\n\n<p>\u201eUnsere Zusammenarbeit mit dem Unternehmen AfB zeigt, wie Kreislaufwirtschaft in der IT-Branche gelingen kann. Auf diese Weise verl\u00e4ngert sich die Nutzungsdauer der zu gro\u00dfen Teilen noch voll funktionsf\u00e4higen Ger\u00e4te\u201c, erkl\u00e4rt die Beigeordnete Cigdem Bern. \u201eDurch die Weiternutzung werden wertvolle Ressourcen geschont sowie Energie, CO2 und Wasser eingespart\u201c. F\u00fcr die Stadt entfallen au\u00dferdem die j\u00e4hrlichen Entsorgungskosten in H\u00f6he eines mittleren f\u00fcnfstelligen Betrags.<\/p>\n\n\n\n<p>\u201eAfB social &amp; green IT\u201c (AfB steht f\u00fcr \u201eArbeit f\u00fcr Menschen mit Behinderung\u201c) ist ein anerkanntes Inklusionsunternehmen mit rund 700 Mitarbeitenden, darunter etwa 47 Prozent mit einer Schwerbehinderung. Das Unternehmen k\u00fcmmert sich um die Abholung der st\u00e4dtischen Laptops und PCs, bereitet die Ger\u00e4te auf und verkauft sie general\u00fcberholt (refurbed) an Privatleute, Vereine, kleine und mittelst\u00e4ndische Unternehmen. Defekte Hardware wird als Ersatzteil oder durch Recycling f\u00fcr die Rohstoffr\u00fcckgewinnung verwendet.<\/p>\n\n\n\n<p>Quelle: <a href=\"http:\/\/www.krefeld.de\">Stadt Krefeld<\/a><\/p>\n","protected":false},"excerpt":{"rendered":"<p>Krefeld. Als Dienstleister f\u00fcr die B\u00fcrgerschaft organisieren und gestalten rund 4.000 Mitarbeitende der Stadtverwaltung Krefeld gemeinsam mit den Krefelderinnen und Krefeldern den Alltag und das t\u00e4gliche Miteinander in der Stadt. Ihre Aufgaben erledigen die st\u00e4dtischen Besch\u00e4ftigten an PC-Arbeitspl\u00e4tzen in B\u00fcros, Instituten und \u00c4mtern an unterschiedlichen Standorten. Um die Sicherstellung eines sicheren, leistungs- und zukunftsf\u00e4higen IT-Betriebs [&hellip;]<\/p>\n","protected":false},"author":3,"featured_media":0,"comment_status":"closed","ping_status":"closed","sticky":false,"template":"","format":"standard","meta":{"_et_pb_use_builder":"","_et_pb_old_content":"","_et_gb_content_width":"","footnotes":""},"categories":[1],"tags":[],"class_list":["post-6885","post","type-post","status-publish","format-standard","hentry","category-allgemein"],"_links":{"self":[{"href":"https:\/\/standort-niederrhein.de\/en\/wp-json\/wp\/v2\/posts\/6885","targetHints":{"allow":["GET"]}}],"collection":[{"href":"https:\/\/standort-niederrhein.de\/en\/wp-json\/wp\/v2\/posts"}],"about":[{"href":"https:\/\/standort-niederrhein.de\/en\/wp-json\/wp\/v2\/types\/post"}],"author":[{"embeddable":true,"href":"https:\/\/standort-niederrhein.de\/en\/wp-json\/wp\/v2\/users\/3"}],"replies":[{"embeddable":true,"href":"https:\/\/standort-niederrhein.de\/en\/wp-json\/wp\/v2\/comments?post=6885"}],"version-history":[{"count":1,"href":"https:\/\/standort-niederrhein.de\/en\/wp-json\/wp\/v2\/posts\/6885\/revisions"}],"predecessor-version":[{"id":6886,"href":"https:\/\/standort-niederrhein.de\/en\/wp-json\/wp\/v2\/posts\/6885\/revisions\/6886"}],"wp:attachment":[{"href":"https:\/\/standort-niederrhein.de\/en\/wp-json\/wp\/v2\/media?parent=6885"}],"wp:term":[{"taxonomy":"category","embeddable":true,"href":"https:\/\/standort-niederrhein.de\/en\/wp-json\/wp\/v2\/categories?post=6885"},{"taxonomy":"post_tag","embeddable":true,"href":"https:\/\/standort-niederrhein.de\/en\/wp-json\/wp\/v2\/tags?post=6885"}],"curies":[{"name":"wp","href":"https:\/\/api.w.org\/{rel}","templated":true}]}}