{"id":6877,"date":"2025-11-02T06:00:00","date_gmt":"2025-11-02T05:00:00","guid":{"rendered":"https:\/\/standort-niederrhein.de\/?p=6877"},"modified":"2025-10-30T13:22:19","modified_gmt":"2025-10-30T12:22:19","slug":"gruendungsmesse-niederrhein-2025-buehne-frei-fuer-die-besten-geschaeftsideen-vom-niederrhein","status":"publish","type":"post","link":"https:\/\/standort-niederrhein.de\/en\/2025\/11\/02\/gruendungsmesse-niederrhein-2025-buehne-frei-fuer-die-besten-geschaeftsideen-vom-niederrhein\/","title":{"rendered":"Gr\u00fcndungsmesse Niederrhein 2025: B\u00fchne frei f\u00fcr die besten Gesch\u00e4ftsideen vom Niederrhein"},"content":{"rendered":"\n<p><strong>M\u00f6nchengladbach.<\/strong> Am Donnerstag, 6. November 2025, \u00f6ffnet die Gr\u00fcndungsmesse Niederrhein ihre T\u00fcren in der Textilakademie NRW (Rheydter Stra\u00dfe 329, 41065 M\u00f6nchengladbach). Von 15 bis 20 Uhr dreht sich alles um frische Ideen, innovative Start-ups und unternehmerischen Mut. Die Messe ist eine gemeinsame Veranstaltung der Gr\u00fcndungsberatung HNX der Hochschule Niederrhein (HSNR) und der Gr\u00fcndungsfabrik M\u00f6nchengladbach und bringt Gr\u00fcndungsinteressierte, junge Unternehmen, Expert:innen und Investor:innen aus der Region zusammen.<\/p>\n\n\n\n<p>\u00dcber 20 Gr\u00fcndungsteams vom Niederrhein pr\u00e4sentieren sich im Ausstellungsbereich mit ihren Projekten, Produkten und Dienstleistungen. Viele von ihnen stammen aus der HSNR und werden vom HNX-Team auf ihrem Weg in die Selbstst\u00e4ndigkeit begleitet. Dar\u00fcber hinaus bietet die Messe ein vielf\u00e4ltiges Programm mit Pitches, Vortr\u00e4gen, Expertentischen und zahlreichen M\u00f6glichkeiten zum Netzwerken.<\/p>\n\n\n\n<p>Ein Highlight sind die Gr\u00fcnder:innen-Pitches, bei denen Teams in zwei Runden ihre Gesch\u00e4ftsideen vorstellen und um ein Preisgeld f\u00fcr das \u00fcberzeugendste Konzept antreten. Inspiration verspricht au\u00dferdem die Keynote von Reiner Mantsch, Mitgr\u00fcnder des Unternehmens \u201eeeden\u201c (chemisches Textil-Recycling) und Absolvent der HSNR, der aus seiner unternehmerischen Praxis berichtet.<\/p>\n\n\n\n<p>Die Gr\u00fcndungsmesse Niederrhein richtet sich an Gr\u00fcndungsinteressierte, Start-ups, Studierende, Alumni, Unternehmen und alle, die sich f\u00fcr die Innovationskraft der Region interessieren.<\/p>\n\n\n\n<p>Weitere Informationen und die M\u00f6glichkeit zur Anmeldung sind unter <a href=\"https:\/\/link.mediaoutreach.meltwater.com\/ls\/click?upn=u001.3NE30ASMCSRZcZuNk0dAdA9sUZG9f14C6WZuML5HeS-2FfVzSU3sX6UckwjLKAIsGWQh9l_g74UsaVuWqwWE6gZvK2IYmPPDkBDyDn0U0b-2BJ0fFJ-2FIhixoGyZfEdTRKBq1CL8m2Ovz4mxFy-2Bd235K3nLKKXiuLMtSz1uyL5KmK5IBvqPg2Erl-2BeOQceYgvRwLGUtg2OCUhbZ5qfucZM-2BeKDfBfPheAtxtmL59dZ5uVPwc2tCPbUOXoM4ecfFsqVkvWP-2F7-2FZ-2F5AbL-2Bhwn7boXF-2BFAA60iy2eit-2FRj55EOYO1l8-2FIJAqHJS7Oe4pn7zl6dvpXOx0Jme9CpgXtT4uurhp30i2iuN0LqUdo7YXBbRjOSwVBYiZvhk-2Flxt6MUtKqHeZcCXNUOqf6GnlAdlCiPj2IxIMQ4gVRnuLeLZZxWN0zbPlMR3J-2BpnNjwvy-2FAnOaWig-2FYmVamo1NJrCkd8QHZOMDtD8d1w-3D-3D\">https:\/\/messe.gruendungsfabrik.mg<\/a> zu finden.<\/p>\n\n\n\n<p>Quelle: <a href=\"http:\/\/www.hs-niederrhein.de\">Hochschule Niederrhein<\/a><\/p>\n\n\n<figure class=\"wp-block-post-featured-image\"><img loading=\"lazy\" decoding=\"async\" width=\"1587\" height=\"2245\" src=\"https:\/\/standort-niederrhein.de\/wp-content\/uploads\/2025\/10\/2025-10-29-GrA\u00bcndungsmesse.png\" class=\"attachment-post-thumbnail size-post-thumbnail wp-post-image\" alt=\"\" style=\"object-fit:cover;\" srcset=\"https:\/\/standort-niederrhein.de\/wp-content\/uploads\/2025\/10\/2025-10-29-GrA\u00bcndungsmesse.png 1587w, https:\/\/standort-niederrhein.de\/wp-content\/uploads\/2025\/10\/2025-10-29-GrA\u00bcndungsmesse-212x300.png 212w, https:\/\/standort-niederrhein.de\/wp-content\/uploads\/2025\/10\/2025-10-29-GrA\u00bcndungsmesse-724x1024.png 724w, https:\/\/standort-niederrhein.de\/wp-content\/uploads\/2025\/10\/2025-10-29-GrA\u00bcndungsmesse-768x1086.png 768w, https:\/\/standort-niederrhein.de\/wp-content\/uploads\/2025\/10\/2025-10-29-GrA\u00bcndungsmesse-1086x1536.png 1086w, https:\/\/standort-niederrhein.de\/wp-content\/uploads\/2025\/10\/2025-10-29-GrA\u00bcndungsmesse-1448x2048.png 1448w, https:\/\/standort-niederrhein.de\/wp-content\/uploads\/2025\/10\/2025-10-29-GrA\u00bcndungsmesse-1080x1528.png 1080w, https:\/\/standort-niederrhein.de\/wp-content\/uploads\/2025\/10\/2025-10-29-GrA\u00bcndungsmesse-1280x1811.png 1280w, https:\/\/standort-niederrhein.de\/wp-content\/uploads\/2025\/10\/2025-10-29-GrA\u00bcndungsmesse-980x1386.png 980w, https:\/\/standort-niederrhein.de\/wp-content\/uploads\/2025\/10\/2025-10-29-GrA\u00bcndungsmesse-480x679.png 480w\" sizes=\"(max-width: 1587px) 100vw, 1587px\" \/><\/figure>\n\n\n<p>Foto: Gr\u00fcndungsfabrik M\u00f6nchengladbach<\/p>\n","protected":false},"excerpt":{"rendered":"<p>M\u00f6nchengladbach. Am Donnerstag, 6. November 2025, \u00f6ffnet die Gr\u00fcndungsmesse Niederrhein ihre T\u00fcren in der Textilakademie NRW (Rheydter Stra\u00dfe 329, 41065 M\u00f6nchengladbach). Von 15 bis 20 Uhr dreht sich alles um frische Ideen, innovative Start-ups und unternehmerischen Mut. Die Messe ist eine gemeinsame Veranstaltung der Gr\u00fcndungsberatung HNX der Hochschule Niederrhein (HSNR) und der Gr\u00fcndungsfabrik M\u00f6nchengladbach und [&hellip;]<\/p>\n","protected":false},"author":3,"featured_media":6878,"comment_status":"closed","ping_status":"closed","sticky":false,"template":"","format":"standard","meta":{"_et_pb_use_builder":"","_et_pb_old_content":"","_et_gb_content_width":"","footnotes":""},"categories":[1],"tags":[],"class_list":["post-6877","post","type-post","status-publish","format-standard","has-post-thumbnail","hentry","category-allgemein"],"_links":{"self":[{"href":"https:\/\/standort-niederrhein.de\/en\/wp-json\/wp\/v2\/posts\/6877","targetHints":{"allow":["GET"]}}],"collection":[{"href":"https:\/\/standort-niederrhein.de\/en\/wp-json\/wp\/v2\/posts"}],"about":[{"href":"https:\/\/standort-niederrhein.de\/en\/wp-json\/wp\/v2\/types\/post"}],"author":[{"embeddable":true,"href":"https:\/\/standort-niederrhein.de\/en\/wp-json\/wp\/v2\/users\/3"}],"replies":[{"embeddable":true,"href":"https:\/\/standort-niederrhein.de\/en\/wp-json\/wp\/v2\/comments?post=6877"}],"version-history":[{"count":1,"href":"https:\/\/standort-niederrhein.de\/en\/wp-json\/wp\/v2\/posts\/6877\/revisions"}],"predecessor-version":[{"id":6879,"href":"https:\/\/standort-niederrhein.de\/en\/wp-json\/wp\/v2\/posts\/6877\/revisions\/6879"}],"wp:featuredmedia":[{"embeddable":true,"href":"https:\/\/standort-niederrhein.de\/en\/wp-json\/wp\/v2\/media\/6878"}],"wp:attachment":[{"href":"https:\/\/standort-niederrhein.de\/en\/wp-json\/wp\/v2\/media?parent=6877"}],"wp:term":[{"taxonomy":"category","embeddable":true,"href":"https:\/\/standort-niederrhein.de\/en\/wp-json\/wp\/v2\/categories?post=6877"},{"taxonomy":"post_tag","embeddable":true,"href":"https:\/\/standort-niederrhein.de\/en\/wp-json\/wp\/v2\/tags?post=6877"}],"curies":[{"name":"wp","href":"https:\/\/api.w.org\/{rel}","templated":true}]}}