{"id":6840,"date":"2025-11-03T06:00:00","date_gmt":"2025-11-03T05:00:00","guid":{"rendered":"https:\/\/standort-niederrhein.de\/?p=6840"},"modified":"2025-10-31T13:25:05","modified_gmt":"2025-10-31T12:25:05","slug":"landrat-hans-juergen-petrauschke-ueberreicht-ernennungsurkunde-an-katharina-reinhold","status":"publish","type":"post","link":"https:\/\/standort-niederrhein.de\/en\/2025\/11\/03\/landrat-hans-juergen-petrauschke-ueberreicht-ernennungsurkunde-an-katharina-reinhold\/","title":{"rendered":"Landrat Hans-J\u00fcrgen Petrauschke \u00fcberreicht Ernennungsurkunde an Katharina Reinhold"},"content":{"rendered":"\n<p><strong>Rhein-Kreis Neuss. <\/strong>Landrat Hans-J\u00fcrgen Petrauschke hat Katharina Reinhold ihre Ernennungsurkunde zur Landr\u00e4tin \u00fcberreicht. \u201eIch freue mich, dass meine Wunschnachfolgerin k\u00fcnftig die Kreisverwaltung steuern wird und w\u00fcnsche ihr viel Erfolg\u201c, betonte Petrauschke.<\/p>\n\n\n\n<p>Katharina Reinhold tritt ihren Dienst als Landr\u00e4tin am 1. November an. \u201eIch bin dankbar f\u00fcr das Vertrauen der W\u00e4hlerinnen und W\u00e4hler und gehe die Aufgabe mit Respekt an. Gemeinsam mit den Kolleginnen und Kollegen der Kreisverwaltung sowie der Kreispolitik m\u00f6chte ich die Erfolgsgeschichte des Rhein-Kreises Neuss im Miteinander mit den Kommunen, der Wirtschaft und den gesellschaftlichen Akteuren fortschreiben\u201c, betont sie. Katharina Reinhold (CDU) hatte sich am 28. September in der Stichwahl um das Amt des Landrats mit 62,76 Prozent der Stimmen gegen Mitbewerber Hakan Temel (SPD) durchgesetzt.<\/p>\n\n\n\n<p>Quelle: <a href=\"http:\/\/www.rhein-kreis-neuss.de\">Rhein-Kreis Neuss<\/a><\/p>\n\n\n<figure class=\"wp-block-post-featured-image\"><img loading=\"lazy\" decoding=\"async\" width=\"2016\" height=\"1512\" src=\"https:\/\/standort-niederrhein.de\/wp-content\/uploads\/2025\/10\/Ernennungsurkunde.jpg\" class=\"attachment-post-thumbnail size-post-thumbnail wp-post-image\" alt=\"\" style=\"object-fit:cover;\" srcset=\"https:\/\/standort-niederrhein.de\/wp-content\/uploads\/2025\/10\/Ernennungsurkunde.jpg 2016w, https:\/\/standort-niederrhein.de\/wp-content\/uploads\/2025\/10\/Ernennungsurkunde-1280x960.jpg 1280w, https:\/\/standort-niederrhein.de\/wp-content\/uploads\/2025\/10\/Ernennungsurkunde-980x735.jpg 980w, https:\/\/standort-niederrhein.de\/wp-content\/uploads\/2025\/10\/Ernennungsurkunde-480x360.jpg 480w\" sizes=\"(min-width: 0px) and (max-width: 480px) 480px, (min-width: 481px) and (max-width: 980px) 980px, (min-width: 981px) and (max-width: 1280px) 1280px, (min-width: 1281px) 2016px, 100vw\" \/><\/figure>\n\n\n<p>Landrat Hans-J\u00fcrgen Petrauschke hat Katharina Reinhold ihre Ernennungsurkunde \u00fcberreicht. | Foto: Rhein-Kreis Neuss<\/p>\n","protected":false},"excerpt":{"rendered":"<p>Rhein-Kreis Neuss. Landrat Hans-J\u00fcrgen Petrauschke hat Katharina Reinhold ihre Ernennungsurkunde zur Landr\u00e4tin \u00fcberreicht. \u201eIch freue mich, dass meine Wunschnachfolgerin k\u00fcnftig die Kreisverwaltung steuern wird und w\u00fcnsche ihr viel Erfolg\u201c, betonte Petrauschke. Katharina Reinhold tritt ihren Dienst als Landr\u00e4tin am 1. November an. \u201eIch bin dankbar f\u00fcr das Vertrauen der W\u00e4hlerinnen und W\u00e4hler und gehe die [&hellip;]<\/p>\n","protected":false},"author":3,"featured_media":6841,"comment_status":"closed","ping_status":"closed","sticky":false,"template":"","format":"standard","meta":{"_et_pb_use_builder":"","_et_pb_old_content":"","_et_gb_content_width":"","footnotes":""},"categories":[1],"tags":[],"class_list":["post-6840","post","type-post","status-publish","format-standard","has-post-thumbnail","hentry","category-allgemein"],"_links":{"self":[{"href":"https:\/\/standort-niederrhein.de\/en\/wp-json\/wp\/v2\/posts\/6840","targetHints":{"allow":["GET"]}}],"collection":[{"href":"https:\/\/standort-niederrhein.de\/en\/wp-json\/wp\/v2\/posts"}],"about":[{"href":"https:\/\/standort-niederrhein.de\/en\/wp-json\/wp\/v2\/types\/post"}],"author":[{"embeddable":true,"href":"https:\/\/standort-niederrhein.de\/en\/wp-json\/wp\/v2\/users\/3"}],"replies":[{"embeddable":true,"href":"https:\/\/standort-niederrhein.de\/en\/wp-json\/wp\/v2\/comments?post=6840"}],"version-history":[{"count":1,"href":"https:\/\/standort-niederrhein.de\/en\/wp-json\/wp\/v2\/posts\/6840\/revisions"}],"predecessor-version":[{"id":6842,"href":"https:\/\/standort-niederrhein.de\/en\/wp-json\/wp\/v2\/posts\/6840\/revisions\/6842"}],"wp:featuredmedia":[{"embeddable":true,"href":"https:\/\/standort-niederrhein.de\/en\/wp-json\/wp\/v2\/media\/6841"}],"wp:attachment":[{"href":"https:\/\/standort-niederrhein.de\/en\/wp-json\/wp\/v2\/media?parent=6840"}],"wp:term":[{"taxonomy":"category","embeddable":true,"href":"https:\/\/standort-niederrhein.de\/en\/wp-json\/wp\/v2\/categories?post=6840"},{"taxonomy":"post_tag","embeddable":true,"href":"https:\/\/standort-niederrhein.de\/en\/wp-json\/wp\/v2\/tags?post=6840"}],"curies":[{"name":"wp","href":"https:\/\/api.w.org\/{rel}","templated":true}]}}