{"id":6837,"date":"2025-10-29T06:00:00","date_gmt":"2025-10-29T05:00:00","guid":{"rendered":"https:\/\/standort-niederrhein.de\/?p=6837"},"modified":"2025-10-28T10:14:51","modified_gmt":"2025-10-28T09:14:51","slug":"rhein-kreis-neuss-erreicht-mit-digitalem-zwilling-den-zweiten-platz-beim-digital-award","status":"publish","type":"post","link":"https:\/\/standort-niederrhein.de\/en\/2025\/10\/29\/rhein-kreis-neuss-erreicht-mit-digitalem-zwilling-den-zweiten-platz-beim-digital-award\/","title":{"rendered":"Rhein-Kreis Neuss erreicht mit digitalem Zwilling den zweiten Platz beim Digital Award"},"content":{"rendered":"\n<p><strong>Rhein-Kreis Neuss.<\/strong> Der Rhein-Kreis Neuss wurde auf der \u201eKommunale\u201c, der gr\u00f6\u00dften deutschen Verwaltungsfachmesse, mit einem zweiten Platz f\u00fcr sein interkommunales Projekt \u201eDigitaler Zwilling im Rhein-Kreis Neuss\u201c beim Digital-Award 2025 in N\u00fcrnberg in der Kategorie Landkreise, Ministerien und sonstige Beh\u00f6rden ausgezeichnet. Somit tr\u00e4gt der Rhein-Kreis Neuss in Zukunft das Siegel \u201eDigital-Award 2025\u201c mit dem Digitalen Zwilling als \u201eExzellentes Projekt zur Digitalisierung der Verwaltung\u201c. Landrat Hans-J\u00fcrgen Petrauschke freute sich zusammen mit Kreisdezernent Harald Vieten und Amtsleiter Michael Fielenbach \u00fcber die Auszeichnung und betonte: \u201eDiese W\u00fcrdigung belohnt unser Engagement bei der Digitalisierung. Wir werden diesen Weg zielgerichtet fortsetzen und die Chancen und M\u00f6glichkeiten der Digitalisierung auch weiterhin konsequent nutzen\u201c, sagte Petrauschke.<\/p>\n\n\n\n<p>Der Digital Award w\u00fcrdigt herausragende kommunale Digitalisierungsprojekte. Felix Ebner, stellvertretender Vorstandsvorsitzender des Bundesverband Databund e.V., \u00fcbergab die Auszeichnung an Michael Fielenbach, Leiter des Kataster- und Vermessungsamtes des Rhein-Kreises Neuss, und Abteilungsleiter Christoph Kany. Bei der Preisverleihung war auch der Bayerische Digitalminister Dr. Fabian Mehring dabei.<\/p>\n\n\n\n<p>Das Projekt \u201eDigitaler Zwilling\u201c des Rhein-Kreises Neuss war aus bundesweit 72 Bewerbungen nominiert worden. Ziel des \u201eDigitalen Zwillings\u201c ist es, die Geodaten der Kommunalverwaltungen im Rhein-Kreis Neuss zusammenzuf\u00fchren, um die reale Welt auf dem Bildschirm erlebbar zu machen. Die Nutzer erhalten Zugriff auf hochaufgel\u00f6ste, dreidimensionale 360-Grad-Bilddaten, die vergleichbar mit einer virtuellen Realit\u00e4t sein sollen. Dies erm\u00f6glicht die Visualisierung von Planungsvorhaben und Simulationsmodellen in den Bereichen Mobilit\u00e4t, Verkehr, Bau, Klima, Umwelt und Wirtschaft. Zudem dient das Projekt als Basis f\u00fcr Smart-City-Anwendungen und neue Gesch\u00e4ftsmodelle.<\/p>\n\n\n\n<p>Seit Projektstart im Jahr 2023 \u2013 gef\u00f6rdert durch das NRW-Ministerium f\u00fcr Heimat, Kommunales, Bau und Digitalisierung \u2013 wurden bereits zwei vollst\u00e4ndige 3D-Vermessungen des Stra\u00dfennetzes mit Spezialfahrzeugen durchgef\u00fchrt, eine dritte ist f\u00fcr 2027 geplant. Zus\u00e4tzlich werden kreisweit einheitliche Luftbilddaten (Orthofotos, Schr\u00e4gluftbilder, 3D-Modelle) eingesetzt. Die geplante Datendrehscheibe soll kommunale Datenpools sowie standardisierte Landesdaten zentral b\u00fcndeln und verf\u00fcgbar machen. Die Federf\u00fchrung hat das Kataster- und Vermessungsamt des Rhein-Kreises Neuss. IT-Dezernent Harald Vieten, Amtsleiter Michael Fielenbach, Geodaten-Experte Christoph Kany und ihr Team treiben die Weiterentwicklung des Digitalen Zwillings voran.<\/p>\n\n\n\n<p>Der Preis wurde im Rahmen der Messe \u201eKommunale\u201c vergeben, einer bundesweiten Fachmesse des Bayerischen Gemeindetags, die in diesem Jahr Rekordzahlen mit rund 8 000 Besuchern und mehr als 600 Ausstellern verzeichnete. Den ersten Platz beim Digital-Award 2025 in der Kategorie Landkreise, Ministerien und sonstige Beh\u00f6rden erreichte der Landkreis Darmstadt-Dieburg mit dem KI-generierten Video-Nachrichtenformat \u201eLaDaDi KOMPAKT\u201c. Hinter dem Rhein-Kreis Neuss belegte der Landkreis Augsburg mit dem Projekt \u201eKI-gest\u00fctzte Innovation f\u00fcr die wirtschaftliche Jugendhilfe\u201c den dritten Platz.<\/p>\n\n\n\n<p>In der Kategorie St\u00e4dte und Gemeinden bis 20 000 Einwohnende kam Kloster Lehnin auf Platz eins mit einer digitalen Anwendung f\u00fcr medienbruchfreie Antragsbearbeitung; in der Kategorie St\u00e4dte und Gemeinden \u00fcber 20 000 Einwohnende erreichte die Stadt N\u00fcrnberg Platz eins mit \u201eDatenkultur leben \u2013 digital souver\u00e4n. Dezentral. B\u00fcrgernah.\u201c. Weitere Informationen zu dem Digital Award finden sich unter diesem <a href=\"https:\/\/www.kommunale.de\/de-de\/digital-events\/digital-award\">Link<\/a>.<\/p>\n\n\n\n<p>Quelle: <a href=\"http:\/\/www.rhein-kreis-neuss.de\">Rhein-Kreis Neuss<\/a><\/p>\n\n\n<figure class=\"wp-block-post-featured-image\"><img loading=\"lazy\" decoding=\"async\" width=\"2016\" height=\"1512\" src=\"https:\/\/standort-niederrhein.de\/wp-content\/uploads\/2025\/10\/2025-10-27-Digital-Award-2025-fuer-den-Rhein-Kreis-Neuss.jpg\" class=\"attachment-post-thumbnail size-post-thumbnail wp-post-image\" alt=\"\" style=\"object-fit:cover;\" srcset=\"https:\/\/standort-niederrhein.de\/wp-content\/uploads\/2025\/10\/2025-10-27-Digital-Award-2025-fuer-den-Rhein-Kreis-Neuss.jpg 2016w, https:\/\/standort-niederrhein.de\/wp-content\/uploads\/2025\/10\/2025-10-27-Digital-Award-2025-fuer-den-Rhein-Kreis-Neuss-1280x960.jpg 1280w, https:\/\/standort-niederrhein.de\/wp-content\/uploads\/2025\/10\/2025-10-27-Digital-Award-2025-fuer-den-Rhein-Kreis-Neuss-980x735.jpg 980w, https:\/\/standort-niederrhein.de\/wp-content\/uploads\/2025\/10\/2025-10-27-Digital-Award-2025-fuer-den-Rhein-Kreis-Neuss-480x360.jpg 480w\" sizes=\"(min-width: 0px) and (max-width: 480px) 480px, (min-width: 481px) and (max-width: 980px) 980px, (min-width: 981px) and (max-width: 1280px) 1280px, (min-width: 1281px) 2016px, 100vw\" \/><\/figure>\n\n\n<p>Von rechts: Kreisdezernent Harald Vieten, Landrat Hans-J\u00fcrgen Petrauschke und Michael Fielenbach, Leiter des Kataster- und Vermessungsamtes des Rhein-Kreises Neuss, freuen sich \u00fcber den zweiten Platz beim Digital Award. | Foto: Rhein-Kreis Neuss<\/p>\n","protected":false},"excerpt":{"rendered":"<p>Rhein-Kreis Neuss. Der Rhein-Kreis Neuss wurde auf der \u201eKommunale\u201c, der gr\u00f6\u00dften deutschen Verwaltungsfachmesse, mit einem zweiten Platz f\u00fcr sein interkommunales Projekt \u201eDigitaler Zwilling im Rhein-Kreis Neuss\u201c beim Digital-Award 2025 in N\u00fcrnberg in der Kategorie Landkreise, Ministerien und sonstige Beh\u00f6rden ausgezeichnet. Somit tr\u00e4gt der Rhein-Kreis Neuss in Zukunft das Siegel \u201eDigital-Award 2025\u201c mit dem Digitalen Zwilling [&hellip;]<\/p>\n","protected":false},"author":3,"featured_media":6838,"comment_status":"closed","ping_status":"closed","sticky":false,"template":"","format":"standard","meta":{"_et_pb_use_builder":"","_et_pb_old_content":"","_et_gb_content_width":"","footnotes":""},"categories":[1],"tags":[],"class_list":["post-6837","post","type-post","status-publish","format-standard","has-post-thumbnail","hentry","category-allgemein"],"_links":{"self":[{"href":"https:\/\/standort-niederrhein.de\/en\/wp-json\/wp\/v2\/posts\/6837","targetHints":{"allow":["GET"]}}],"collection":[{"href":"https:\/\/standort-niederrhein.de\/en\/wp-json\/wp\/v2\/posts"}],"about":[{"href":"https:\/\/standort-niederrhein.de\/en\/wp-json\/wp\/v2\/types\/post"}],"author":[{"embeddable":true,"href":"https:\/\/standort-niederrhein.de\/en\/wp-json\/wp\/v2\/users\/3"}],"replies":[{"embeddable":true,"href":"https:\/\/standort-niederrhein.de\/en\/wp-json\/wp\/v2\/comments?post=6837"}],"version-history":[{"count":1,"href":"https:\/\/standort-niederrhein.de\/en\/wp-json\/wp\/v2\/posts\/6837\/revisions"}],"predecessor-version":[{"id":6839,"href":"https:\/\/standort-niederrhein.de\/en\/wp-json\/wp\/v2\/posts\/6837\/revisions\/6839"}],"wp:featuredmedia":[{"embeddable":true,"href":"https:\/\/standort-niederrhein.de\/en\/wp-json\/wp\/v2\/media\/6838"}],"wp:attachment":[{"href":"https:\/\/standort-niederrhein.de\/en\/wp-json\/wp\/v2\/media?parent=6837"}],"wp:term":[{"taxonomy":"category","embeddable":true,"href":"https:\/\/standort-niederrhein.de\/en\/wp-json\/wp\/v2\/categories?post=6837"},{"taxonomy":"post_tag","embeddable":true,"href":"https:\/\/standort-niederrhein.de\/en\/wp-json\/wp\/v2\/tags?post=6837"}],"curies":[{"name":"wp","href":"https:\/\/api.w.org\/{rel}","templated":true}]}}