{"id":6791,"date":"2025-10-22T06:00:00","date_gmt":"2025-10-22T04:00:00","guid":{"rendered":"https:\/\/standort-niederrhein.de\/?p=6791"},"modified":"2025-10-21T14:35:04","modified_gmt":"2025-10-21T12:35:04","slug":"ehemaliger-reisebusparkplatz-des-boekelbergstadions-ist-jetzt-eine-gruenflaeche","status":"publish","type":"post","link":"https:\/\/standort-niederrhein.de\/en\/2025\/10\/22\/ehemaliger-reisebusparkplatz-des-boekelbergstadions-ist-jetzt-eine-gruenflaeche\/","title":{"rendered":"Ehemaliger Reisebusparkplatz des B\u00f6kelbergstadions ist jetzt eine Gr\u00fcnfl\u00e4che"},"content":{"rendered":"\n<p><strong>M\u00f6nchengladbach.<\/strong> Zu Zeiten des B\u00f6kelbergstadions parkten Reisebusse und Pressevertreter bei Heimspielen der Borussia am nahegelegenen Spielkaulenweg. Nun wurde die ehemalige Parkplatzfl\u00e4che dort im Rahmen eines F\u00f6rderprojekts \u00f6kologisch aufgewertet und umfassend neugestaltet. Regenwasser kann hier wieder im Boden versickern, neue B\u00e4ume, Str\u00e4ucher, Stauden und Wildblumen schaffen Lebensraum f\u00fcr Insekten. Am Mittwoch, den 29. Oktober, geben die Stadtverwaltung und mags die neue Gr\u00fcnfl\u00e4che offiziell frei \u2013 und laden interessierte B\u00fcrgerinnen und B\u00fcrger zu einem gef\u00fchrten Rundgang ein.<\/p>\n\n\n\n<p>Die ehemals versiegelte Fl\u00e4che, die 5.000 m\u00b2 umfasst und in der Vergangenheit teilweise als wilder M\u00fcllplatz und Containerabstellfl\u00e4che genutzt wurde, wurde entsiegelt, neu bepflanzt und als naturnahe Aufenthaltsfl\u00e4che gestaltet. Die Anlage gliedert sich in drei Bereiche \u2013 ein Hochbeetfeld mit Wildpflanzen, einen Aufenthaltsbereich mit Sitzgelegenheiten aus Naturstein sowie einen Pflanzbereich mit heimischen Rosenarten, die besonders wertvoll f\u00fcr Best\u00e4uber sind. Auf ca. 800 m\u00b2 wurde ausges\u00e4t, es wurden acht B\u00e4ume, 900 Stauden und 140 Str\u00e4ucher gepflanzt.<\/p>\n\n\n\n<p>Oberb\u00fcrgermeister Felix Heinrichs freut sich \u00fcber die Umnutzung &#8220;Lange Jahre lag diese Fl\u00e4che brach und wurde nicht selten zweckentfremdet. Mithilfe der Bundesf\u00f6rderung ist es den Kolleginnen und Kollegen aus unserer Verwaltung und von der mags gemeinsam mit den Anrainern gelungen, hier einen sinnstiftenden und attraktiven Ort f\u00fcr die Menschen und die Natur zu erschaffen. Das Projekt soll nicht nur ein kleines Fleckchen M\u00f6nchengladbach sch\u00f6ner machen, sondern sensibilisiert auch f\u00fcr die Themen Umwelt und Nachhaltigkeit.&#8221;<\/p>\n\n\n\n<p>Nach der offiziellen Er\u00f6ffnung um 10 Uhr durch Oberb\u00fcrgermeister Felix Heinrichs und weitere Teilnehmende k\u00f6nnen sich Interessierte ab 10:30 Uhr einem gef\u00fchrten Rundgang anschlie\u00dfen. Dabei wird die mags die einzelnen Stationen vorstellen und erl\u00e4utern, welche \u00f6kologischen Funktionen und Mehrwerte die neu angelegten Pflanzungen f\u00fcr Insekten und Kleintiere bieten. Wer schon immer mal den Unterschied zwischen Magerrasen, Schotterbeet und Sandlinse wissen wollte, ist hier genau richtig. Wie unterschiedlich der Speiseplan von Wildbienen und Honigbienen ist, erl\u00e4utert ein Imker. Im Anschluss an den Rundgang besteht Gelegenheit, miteinander ins Gespr\u00e4ch zu kommen und weitere Ideen f\u00fcr die zuk\u00fcnftige Nutzung der Fl\u00e4che zu entwickeln.<\/p>\n\n\n\n<p>Ein Ort f\u00fcr Natur, Erholung und Umweltbildung F\u00fcr die Kinder der benachbarten Kita M\u00e4rchenwald ist am Er\u00f6ffnungstag eine kleine \u00dcberraschung vorbereitet und es werden einige kindgerechte Aktivit\u00e4ten angeboten. Das passt auch zur zuk\u00fcnftigen Nutzung der Fl\u00e4che: Denn die GEM-Umweltbildung der mags wird die neue Biodiversit\u00e4tsfl\u00e4che k\u00fcnftig als weiteres gr\u00fcnes Klassenzimmer ansteuern. Gemeinsam mit Kitas und Schulen aus der Umgebung soll Kindern und Jugendlichen die Natur direkt vor ihrer Haust\u00fcr n\u00e4hergebracht werden. Dabei lernen sie die Tier- und Pflanzenwelt der Fl\u00e4che kennen, beobachten Insekten und andere Bewohner und schaffen gemeinsam Nistm\u00f6glichkeiten, Futterstellen und gesch\u00fctzte R\u00fcckzugsorte f\u00fcr Tiere. So entsteht zuk\u00fcnftig ein lebendiger Lernort f\u00fcr Artenvielfalt und nachhaltiges Handeln.<\/p>\n\n\n\n<p>Als Ort f\u00fcr die Natur, f\u00fcr die Erholung im Gr\u00fcnen und f\u00fcr die Umweltbildung erf\u00fcllt die neugestaltete Fl\u00e4che einen Funktionsmix, der auf ihre Lage abgestimmt ist. Entsprechend wurden bei der Umgestaltung die Anregungen der benachbarten Werkst\u00e4tten der Hephata-Stiftung und der AWO-Kita M\u00e4rchenwald ber\u00fccksichtigt. Auch lokale Initiativen wie der im Kleingartenverein ans\u00e4ssige &#8220;Hortus Noctuarum&#8221; waren in die Planung eingebunden.<\/p>\n\n\n\n<p>KoMoNa-Programm: Fl\u00e4chenaufwertungen und ein Management-Tool Die Ma\u00dfnahme am Spielkaulenweg ist Teil des KoMoNa-F\u00f6rderprogramms (&#8220;Kommunale Modellvorhaben zur Umsetzung der \u00f6kologischen Nachhaltigkeitsziele in Strukturwandelregionen&#8221;). Der ehemalige Parkplatz ist eine von drei im Stadtgebiet ausgew\u00e4hlten Pilotfl\u00e4chen, die im Rahmen des F\u00f6rderprojekts umgestaltet wurden. Ziel war es, beispielhaft zu zeigen, wie kommunale, aber auch private Fl\u00e4chen naturnah und insektenfreundlich gestaltet werden k\u00f6nnen.<\/p>\n\n\n\n<p>Daneben wurde in einem weiteren Projektstrang die Entwicklung eines nachhaltigen, digitalbasierten Fl\u00e4chenmanagements gef\u00f6rdert, das relevante st\u00e4dtische Daten aus den Bereichen Planung, Umwelt und Infrastruktur in einem gemeinsamen System zusammenf\u00fchrt. Das im Rahmen des Projektes entwickelte digitale Tool und ein begleitender Leitfaden werden zuk\u00fcnftig die Arbeit der Fachabteilungen der Stadtverwaltung vereinfachen.<\/p>\n\n\n\n<p>Das Projekt, das Ende des Jahres ausl\u00e4uft, ist im September 2022 gestartet. Die f\u00f6rderf\u00e4higen Projektkosten von rund 917.000 Euro werden im Rahmen des KoMoNa-Programms zu 80 Prozent durch das Bundesministerium f\u00fcr Umwelt, Klimaschutz, Naturschutz und nukleare Sicherheit (BMUKN) finanziert. Die Zukunft \u2013 Umwelt \u2013 Gesellschaft (ZUG) gGmbH betreut das F\u00f6rderprogramm als Projekttr\u00e4gerin im Auftrag des BMUV. Weitere Informationen unter: <a href=\"http:\/\/www.z-u-g.org\/komona\">www.z-u-g.org\/komona<\/a><\/p>\n\n\n\n<p>Quelle: <a href=\"http:\/\/www.moenchengladbach.de\">Stadt M\u00f6nchengladbach<\/a><\/p>\n\n\n<figure class=\"wp-block-post-featured-image\"><img loading=\"lazy\" decoding=\"async\" width=\"2560\" height=\"934\" src=\"https:\/\/standort-niederrhein.de\/wp-content\/uploads\/2025\/10\/Bild1-scaled.jpg\" class=\"attachment-post-thumbnail size-post-thumbnail wp-post-image\" alt=\"\" style=\"object-fit:cover;\" srcset=\"https:\/\/standort-niederrhein.de\/wp-content\/uploads\/2025\/10\/Bild1-scaled.jpg 2560w, https:\/\/standort-niederrhein.de\/wp-content\/uploads\/2025\/10\/Bild1-1280x467.jpg 1280w, https:\/\/standort-niederrhein.de\/wp-content\/uploads\/2025\/10\/Bild1-980x358.jpg 980w, https:\/\/standort-niederrhein.de\/wp-content\/uploads\/2025\/10\/Bild1-480x175.jpg 480w\" sizes=\"(min-width: 0px) and (max-width: 480px) 480px, (min-width: 481px) and (max-width: 980px) 980px, (min-width: 981px) and (max-width: 1280px) 1280px, (min-width: 1281px) 2560px, 100vw\" \/><\/figure>\n\n\n<p>Der ehemalige Parkplatz vorher (\u00a9 Stadt M\u00f6nchengladbach) und nachher (\u00a9 mags).<\/p>\n","protected":false},"excerpt":{"rendered":"<p>M\u00f6nchengladbach. Zu Zeiten des B\u00f6kelbergstadions parkten Reisebusse und Pressevertreter bei Heimspielen der Borussia am nahegelegenen Spielkaulenweg. Nun wurde die ehemalige Parkplatzfl\u00e4che dort im Rahmen eines F\u00f6rderprojekts \u00f6kologisch aufgewertet und umfassend neugestaltet. Regenwasser kann hier wieder im Boden versickern, neue B\u00e4ume, Str\u00e4ucher, Stauden und Wildblumen schaffen Lebensraum f\u00fcr Insekten. Am Mittwoch, den 29. Oktober, geben die [&hellip;]<\/p>\n","protected":false},"author":3,"featured_media":6792,"comment_status":"closed","ping_status":"closed","sticky":false,"template":"","format":"standard","meta":{"_et_pb_use_builder":"","_et_pb_old_content":"","_et_gb_content_width":"","footnotes":""},"categories":[1],"tags":[],"class_list":["post-6791","post","type-post","status-publish","format-standard","has-post-thumbnail","hentry","category-allgemein"],"_links":{"self":[{"href":"https:\/\/standort-niederrhein.de\/en\/wp-json\/wp\/v2\/posts\/6791","targetHints":{"allow":["GET"]}}],"collection":[{"href":"https:\/\/standort-niederrhein.de\/en\/wp-json\/wp\/v2\/posts"}],"about":[{"href":"https:\/\/standort-niederrhein.de\/en\/wp-json\/wp\/v2\/types\/post"}],"author":[{"embeddable":true,"href":"https:\/\/standort-niederrhein.de\/en\/wp-json\/wp\/v2\/users\/3"}],"replies":[{"embeddable":true,"href":"https:\/\/standort-niederrhein.de\/en\/wp-json\/wp\/v2\/comments?post=6791"}],"version-history":[{"count":1,"href":"https:\/\/standort-niederrhein.de\/en\/wp-json\/wp\/v2\/posts\/6791\/revisions"}],"predecessor-version":[{"id":6793,"href":"https:\/\/standort-niederrhein.de\/en\/wp-json\/wp\/v2\/posts\/6791\/revisions\/6793"}],"wp:featuredmedia":[{"embeddable":true,"href":"https:\/\/standort-niederrhein.de\/en\/wp-json\/wp\/v2\/media\/6792"}],"wp:attachment":[{"href":"https:\/\/standort-niederrhein.de\/en\/wp-json\/wp\/v2\/media?parent=6791"}],"wp:term":[{"taxonomy":"category","embeddable":true,"href":"https:\/\/standort-niederrhein.de\/en\/wp-json\/wp\/v2\/categories?post=6791"},{"taxonomy":"post_tag","embeddable":true,"href":"https:\/\/standort-niederrhein.de\/en\/wp-json\/wp\/v2\/tags?post=6791"}],"curies":[{"name":"wp","href":"https:\/\/api.w.org\/{rel}","templated":true}]}}