{"id":6786,"date":"2025-10-21T06:00:00","date_gmt":"2025-10-21T04:00:00","guid":{"rendered":"https:\/\/standort-niederrhein.de\/?p=6786"},"modified":"2025-10-20T12:52:09","modified_gmt":"2025-10-20T10:52:09","slug":"erfolgreiche-top4thejob-messe-in-kalkar","status":"publish","type":"post","link":"https:\/\/standort-niederrhein.de\/en\/2025\/10\/21\/erfolgreiche-top4thejob-messe-in-kalkar\/","title":{"rendered":"Erfolgreiche Top4theJob-Messe in Kalkar\u00a0"},"content":{"rendered":"\n<p><strong>Kalkar.<\/strong> K\u00fcrzlich fand im P\u00e4dagogischen Zentrum Kalkar bereits zum siebten Mal die Ausbildungsmesse Top4theJob statt. Zahlreiche regionale Unternehmen pr\u00e4sentierten sich dort als potenzielle Arbeitgeber und informierten Jugendliche \u00fcber vielf\u00e4ltige Ausbildungsberufe und Karrierechancen.<br>Die Veranstaltung, die inzwischen fest im Kalender der Schulen und Betriebe verankert ist, zeigte einmal mehr, wie stark Kalkar zusammenh\u00e4lt, wenn es um die Zukunft der jungen Generation geht. Das Wunderland Kalkar stellte in bew\u00e4hrter Weise die Messest\u00e4nde zur Verf\u00fcgung, wodurch die Aussteller ihre Angebote professionell und ansprechend pr\u00e4sentieren konnten. F\u00fcr das leibliche Wohl der Besucher sorgten die Sechstkl\u00e4ssler der Realschule Kalkar, die mit viel Eifer und Kreativit\u00e4t das Catering \u00fcbernahmen. Auch das Gymnasium Kalkar war tatkr\u00e4ftig beteiligt: Sch\u00fclerinnen und Sch\u00fcler unterst\u00fctzten das Ordnungsamt bei der Verkehrs- und Besucherlenkung rund um die Schule, eine praktische Erfahrung im Bereich Organisation und Verantwortung.<br>B\u00fcrgermeisterin Britta Schulz und Wirtschaftsf\u00f6rderer Andre Br\u00fcggemann besuchten alle Messest\u00e4nde und nutzten die Gelegenheit, mit Ausstellern und Jugendlichen ins Gespr\u00e4ch zu kommen. Beide zeigten sich beeindruckt von der Vielfalt der pr\u00e4sentierten Ausbildungsberufe und dem gro\u00dfen Interesse der Sch\u00fclerinnen und Sch\u00fcler.<br>\u201eDie Top4theJob ist ein Paradebeispiel daf\u00fcr, wie erfolgreich Schulen, Unternehmen und Stadt zusammenarbeiten k\u00f6nnen, um jungen Menschen Perspektiven zu er\u00f6ffnen\u201c, betonte B\u00fcrgermeisterin Schulz.<br>Die Messe bot den Jugendlichen nicht nur Informationsmaterialien, sondern vor allem pers\u00f6nliche Gespr\u00e4che mit Ausbildern und Azubis \u2013 ein wichtiger Schritt auf dem Weg zur richtigen Berufswahl. Viele Sch\u00fclerinnen und Sch\u00fcler konnten konkrete Kontakte kn\u00fcpfen und sich \u00fcber Praktika und Ausbildungspl\u00e4tze in ihrer Heimatregion informieren.<\/p>\n\n\n\n<p>Quelle: <a href=\"https:\/\/www.kalkar.de\/aktuelles\/erfolgreiche-top4thejob-messe-kalkar-ein-starkes-signal-fuer-ausbildung-und-zukunft\">Stadt Kalkar<\/a><\/p>\n\n\n<figure class=\"wp-block-post-featured-image\"><img loading=\"lazy\" decoding=\"async\" width=\"1980\" height=\"1314\" src=\"https:\/\/standort-niederrhein.de\/wp-content\/uploads\/2025\/10\/Top4theJob-2025.jpg\" class=\"attachment-post-thumbnail size-post-thumbnail wp-post-image\" alt=\"\" style=\"object-fit:cover;\" srcset=\"https:\/\/standort-niederrhein.de\/wp-content\/uploads\/2025\/10\/Top4theJob-2025.jpg 1980w, https:\/\/standort-niederrhein.de\/wp-content\/uploads\/2025\/10\/Top4theJob-2025-1280x849.jpg 1280w, https:\/\/standort-niederrhein.de\/wp-content\/uploads\/2025\/10\/Top4theJob-2025-980x650.jpg 980w, https:\/\/standort-niederrhein.de\/wp-content\/uploads\/2025\/10\/Top4theJob-2025-480x319.jpg 480w\" sizes=\"(min-width: 0px) and (max-width: 480px) 480px, (min-width: 481px) and (max-width: 980px) 980px, (min-width: 981px) and (max-width: 1280px) 1280px, (min-width: 1281px) 1980px, 100vw\" \/><\/figure>\n\n\n<p>Foto: Stadt Kalkar<\/p>\n","protected":false},"excerpt":{"rendered":"<p>Kalkar. K\u00fcrzlich fand im P\u00e4dagogischen Zentrum Kalkar bereits zum siebten Mal die Ausbildungsmesse Top4theJob statt. Zahlreiche regionale Unternehmen pr\u00e4sentierten sich dort als potenzielle Arbeitgeber und informierten Jugendliche \u00fcber vielf\u00e4ltige Ausbildungsberufe und Karrierechancen.Die Veranstaltung, die inzwischen fest im Kalender der Schulen und Betriebe verankert ist, zeigte einmal mehr, wie stark Kalkar zusammenh\u00e4lt, wenn es um die [&hellip;]<\/p>\n","protected":false},"author":3,"featured_media":6787,"comment_status":"closed","ping_status":"closed","sticky":false,"template":"","format":"standard","meta":{"_et_pb_use_builder":"","_et_pb_old_content":"","_et_gb_content_width":"","footnotes":""},"categories":[1],"tags":[],"class_list":["post-6786","post","type-post","status-publish","format-standard","has-post-thumbnail","hentry","category-allgemein"],"_links":{"self":[{"href":"https:\/\/standort-niederrhein.de\/en\/wp-json\/wp\/v2\/posts\/6786","targetHints":{"allow":["GET"]}}],"collection":[{"href":"https:\/\/standort-niederrhein.de\/en\/wp-json\/wp\/v2\/posts"}],"about":[{"href":"https:\/\/standort-niederrhein.de\/en\/wp-json\/wp\/v2\/types\/post"}],"author":[{"embeddable":true,"href":"https:\/\/standort-niederrhein.de\/en\/wp-json\/wp\/v2\/users\/3"}],"replies":[{"embeddable":true,"href":"https:\/\/standort-niederrhein.de\/en\/wp-json\/wp\/v2\/comments?post=6786"}],"version-history":[{"count":1,"href":"https:\/\/standort-niederrhein.de\/en\/wp-json\/wp\/v2\/posts\/6786\/revisions"}],"predecessor-version":[{"id":6788,"href":"https:\/\/standort-niederrhein.de\/en\/wp-json\/wp\/v2\/posts\/6786\/revisions\/6788"}],"wp:featuredmedia":[{"embeddable":true,"href":"https:\/\/standort-niederrhein.de\/en\/wp-json\/wp\/v2\/media\/6787"}],"wp:attachment":[{"href":"https:\/\/standort-niederrhein.de\/en\/wp-json\/wp\/v2\/media?parent=6786"}],"wp:term":[{"taxonomy":"category","embeddable":true,"href":"https:\/\/standort-niederrhein.de\/en\/wp-json\/wp\/v2\/categories?post=6786"},{"taxonomy":"post_tag","embeddable":true,"href":"https:\/\/standort-niederrhein.de\/en\/wp-json\/wp\/v2\/tags?post=6786"}],"curies":[{"name":"wp","href":"https:\/\/api.w.org\/{rel}","templated":true}]}}