{"id":6772,"date":"2025-10-16T06:00:00","date_gmt":"2025-10-16T04:00:00","guid":{"rendered":"https:\/\/standort-niederrhein.de\/?p=6772"},"modified":"2025-10-20T12:09:51","modified_gmt":"2025-10-20T10:09:51","slug":"tueftellab-neuss-kreativitaet-technik-und-zukunftskompetenzen","status":"publish","type":"post","link":"https:\/\/standort-niederrhein.de\/en\/2025\/10\/16\/tueftellab-neuss-kreativitaet-technik-und-zukunftskompetenzen\/","title":{"rendered":"T\u00fcftelLab Neuss: Kreativit\u00e4t, Technik und Zukunftskompetenzen"},"content":{"rendered":"\n<p><strong>Rhein-Kreis Neuss\/ Neuss.<\/strong> Das T\u00fcftelLab Rhein-Kreis Neuss hat sich seit seiner Er\u00f6ffnung im Oktober 2023 zu einem festen Bestandteil der regionalen Bildung entwickelt. Hier werden Kinder, Jugendliche und p\u00e4dagogische Fachkr\u00e4fte fit f\u00fcr die digitale Zukunft gemacht durch praktisches Ausprobieren, kreatives Gestalten und gemeinsames T\u00fcfteln.<\/p>\n\n\n\n<p>Als starker lokaler Partner unterst\u00fctzt der Rhein-Kreis Neuss das innovative Projekt. Landrat Hans-J\u00fcrgen Petrauschke betont: \u201eDie Vermittlung von digitalen Kompetenzen an junge Menschen spielt mit Blick auf die Anforderungen des Arbeitsmarktes eine immer gr\u00f6\u00dfere Rolle und tr\u00e4gt zur Fachkr\u00e4fteentwicklung bei.\u201c Gleichzeitig sei es wichtig, dass junge Menschen schon m\u00f6glichst fr\u00fch damit beginnen, sich digitale Kompetenzen anzueignen. Davon profitieren sie in ihrer pers\u00f6nlichen Entwicklung und auf ihrem weiteren Lebensweg.<\/p>\n\n\n\n<p>Das T\u00fcftelLab an der Krefelder Stra\u00dfe 55 im Neusser Zentrum bietet Kindern und Jugendlichen von der ersten bis zur zehnten Klasse vielf\u00e4ltige M\u00f6glichkeiten, moderne Technologien zu entdecken und anzuwenden \u2013 vom Bau kleiner Roboter \u00fcber Programmierworkshops bis hin zu Projekten mit 3D-Druckern. Auch Lehrkr\u00e4fte und p\u00e4dagogische Fachkr\u00e4fte werden durch praxisorientierte Fortbildungen im Umgang mit digitalen Werkzeugen geschult.<\/p>\n\n\n\n<p>\u201eBei uns geht es um mehr als Technik: Im T\u00fcftelLab entwickeln junge Menschen F\u00e4higkeiten, die sie f\u00fcr die Welt von morgen brauchen \u2013 wie Kreativit\u00e4t, Probleml\u00f6sungsdenken und das Arbeiten im Team\u201c, erl\u00e4utert Claudia Tillmann, Gesch\u00e4ftsf\u00fchrerin und Standortleiterin Neuss der Junge T\u00fcftler gGmbH. Im T\u00fcftelLab-Team bringen qualifizierte Fachkr\u00e4fte mit p\u00e4dagogischem und technischem Hintergrund ihre Erfahrung aus Medienp\u00e4dagogik, Informatik und kreativen Bildungsformaten ein, um ein vielseitiges Programm zu gestalten.<\/p>\n\n\n\n<p>Neben Projekttagen f\u00fcr Schulklassen bietet das T\u00fcftelLab auch offene Werkstattzeiten f\u00fcr Kinder und Jugendliche zwischen 8 und 16 Jahren an. Dar\u00fcber hinaus wurde mit dem Programm \u201eT\u00fcftelLab Schule\u201c ein Format entwickelt, das Schulen dabei unterst\u00fctzt, Making und digitale Bildung dauerhaft im Unterricht zu verankern. Erste Schulen aus der Region sind bereits Teil dieses Netzwerks.<\/p>\n\n\n\n<p>Claudia Tillmann stellt Interessierten gern ihre Arbeit vor: \u201eWer uns kennenlernen m\u00f6chte, ist herzlich eingeladen, uns zu besuchen, sei es als Schulklasse, im Rahmen der offenen Werkstatt oder mit einer eigenen Veranstaltung. Was uns antreibt? Die Begeisterung der Kinder und Jugendlichen, wenn sie eigene Ideen verwirklichen, Roboter bauen oder kleine digitale Projekte umsetzen. Zu sehen, wie sie \u00fcber sich hinauswachsen, macht jeden Tag im T\u00fcftelLab besonders. Hier steckt \u00fcberall ein Funke Kreativit\u00e4t, Teamgeist und echte T\u00fcftelpower drin.\u201c<\/p>\n\n\n\n<p>Das T\u00fcftelLab Neuss ist Teil des bundesweiten Netzwerks der Junge T\u00fcftler gGmbH mit Standorten in Berlin, M\u00fcnchen und weiteren Partnerorten. Zudem ist die Einrichtung Partner im zdi-Netzwerk Rhein-Kreis Neuss (\u201eZukunft durch Innovation\u201c), das gemeinsam mit regionalen Partnern Ma\u00dfnahmen in den Bereichen Mathematik, Informatik, Naturwissenschaften und Technik organisiert.<\/p>\n\n\n\n<p><strong>Diese Veranstaltungen finden demn\u00e4chst statt:<\/strong><br>29. Oktober, 12. und 19. November, 3. Dezember, jeweils 15 bis 17.30 Uhr: Digital dabei! 10.0 \u2013 Workshop f\u00fcr alle Jugendlichen von 12 bis 18 Jahren \u2013 unabh\u00e4ngig von Herkunft, Sprache oder Hintergrund<\/p>\n\n\n\n<p>Quelle: <a href=\"http:\/\/www.rhein-kreis-neuss.de\">Rhein-Kreis Neuss<\/a><\/p>\n\n\n<figure class=\"wp-block-post-featured-image\"><img loading=\"lazy\" decoding=\"async\" width=\"2560\" height=\"1920\" src=\"https:\/\/standort-niederrhein.de\/wp-content\/uploads\/2025\/10\/TueftelLab-RKN_innen_klein-scaled.jpg\" class=\"attachment-post-thumbnail size-post-thumbnail wp-post-image\" alt=\"\" style=\"object-fit:cover;\" srcset=\"https:\/\/standort-niederrhein.de\/wp-content\/uploads\/2025\/10\/TueftelLab-RKN_innen_klein-scaled.jpg 2560w, https:\/\/standort-niederrhein.de\/wp-content\/uploads\/2025\/10\/TueftelLab-RKN_innen_klein-1280x960.jpg 1280w, https:\/\/standort-niederrhein.de\/wp-content\/uploads\/2025\/10\/TueftelLab-RKN_innen_klein-980x735.jpg 980w, https:\/\/standort-niederrhein.de\/wp-content\/uploads\/2025\/10\/TueftelLab-RKN_innen_klein-480x360.jpg 480w\" sizes=\"(min-width: 0px) and (max-width: 480px) 480px, (min-width: 481px) and (max-width: 980px) 980px, (min-width: 981px) and (max-width: 1280px) 1280px, (min-width: 1281px) 2560px, 100vw\" \/><\/figure>\n\n\n<p>Das T\u00fcftelLab Rhein-Kreis Neuss an der Krefelder Stra\u00dfe in Neuss: ein Ort f\u00fcr Kinder und Jugendliche zum praktischen Ausprobieren, kreativen Gestalten und gemeinsamen T\u00fcfteln | Foto: T\u00fcftelLabRhein-Kreis Neuss<\/p>\n","protected":false},"excerpt":{"rendered":"<p>Rhein-Kreis Neuss\/ Neuss. Das T\u00fcftelLab Rhein-Kreis Neuss hat sich seit seiner Er\u00f6ffnung im Oktober 2023 zu einem festen Bestandteil der regionalen Bildung entwickelt. Hier werden Kinder, Jugendliche und p\u00e4dagogische Fachkr\u00e4fte fit f\u00fcr die digitale Zukunft gemacht durch praktisches Ausprobieren, kreatives Gestalten und gemeinsames T\u00fcfteln. Als starker lokaler Partner unterst\u00fctzt der Rhein-Kreis Neuss das innovative Projekt. [&hellip;]<\/p>\n","protected":false},"author":3,"featured_media":6773,"comment_status":"closed","ping_status":"closed","sticky":false,"template":"","format":"standard","meta":{"_et_pb_use_builder":"","_et_pb_old_content":"","_et_gb_content_width":"","footnotes":""},"categories":[1],"tags":[],"class_list":["post-6772","post","type-post","status-publish","format-standard","has-post-thumbnail","hentry","category-allgemein"],"_links":{"self":[{"href":"https:\/\/standort-niederrhein.de\/en\/wp-json\/wp\/v2\/posts\/6772","targetHints":{"allow":["GET"]}}],"collection":[{"href":"https:\/\/standort-niederrhein.de\/en\/wp-json\/wp\/v2\/posts"}],"about":[{"href":"https:\/\/standort-niederrhein.de\/en\/wp-json\/wp\/v2\/types\/post"}],"author":[{"embeddable":true,"href":"https:\/\/standort-niederrhein.de\/en\/wp-json\/wp\/v2\/users\/3"}],"replies":[{"embeddable":true,"href":"https:\/\/standort-niederrhein.de\/en\/wp-json\/wp\/v2\/comments?post=6772"}],"version-history":[{"count":1,"href":"https:\/\/standort-niederrhein.de\/en\/wp-json\/wp\/v2\/posts\/6772\/revisions"}],"predecessor-version":[{"id":6774,"href":"https:\/\/standort-niederrhein.de\/en\/wp-json\/wp\/v2\/posts\/6772\/revisions\/6774"}],"wp:featuredmedia":[{"embeddable":true,"href":"https:\/\/standort-niederrhein.de\/en\/wp-json\/wp\/v2\/media\/6773"}],"wp:attachment":[{"href":"https:\/\/standort-niederrhein.de\/en\/wp-json\/wp\/v2\/media?parent=6772"}],"wp:term":[{"taxonomy":"category","embeddable":true,"href":"https:\/\/standort-niederrhein.de\/en\/wp-json\/wp\/v2\/categories?post=6772"},{"taxonomy":"post_tag","embeddable":true,"href":"https:\/\/standort-niederrhein.de\/en\/wp-json\/wp\/v2\/tags?post=6772"}],"curies":[{"name":"wp","href":"https:\/\/api.w.org\/{rel}","templated":true}]}}