{"id":6733,"date":"2025-10-13T06:00:00","date_gmt":"2025-10-13T04:00:00","guid":{"rendered":"https:\/\/standort-niederrhein.de\/?p=6733"},"modified":"2025-10-10T10:35:33","modified_gmt":"2025-10-10T08:35:33","slug":"siegerentwurf-fuer-die-umgestaltung-der-klever-innenstadt-gekuert","status":"publish","type":"post","link":"https:\/\/standort-niederrhein.de\/en\/2025\/10\/13\/siegerentwurf-fuer-die-umgestaltung-der-klever-innenstadt-gekuert\/","title":{"rendered":"Siegerentwurf f\u00fcr die Umgestaltung der Klever Innenstadt gek\u00fcrt"},"content":{"rendered":"\n<p><strong>Kleve. <\/strong>Mehr Gr\u00fcn, lebendige Pl\u00e4tze, gesteigerte Aufenthaltsqualit\u00e4t: Nach intensiver Beratung hat die Jury des st\u00e4dtebaulichen Planungswettbewerbs zur Umgestaltung der Klever Innenstadt am Dienstag, 7. Oktober 2025, einen Siegerentwurf gek\u00fcrt. Insgesamt wurden im Rahmen des Wettbewerbes dreizehn Entw\u00fcrfe eingereicht. Aufgabe war es, attraktive Konzepte f\u00fcr die Neugestaltung der Klever Innenstadt zu erstellen \u2013 von Herzogstra\u00dfe und Kavarinerstra\u00dfe \u00fcber die Gro\u00dfe Stra\u00dfe, Gasthausstra\u00dfe und Teile der Wasserstra\u00dfe bis zum Fischmarkt mit dem Elsa-Brunnen sowie weiter mit Teilen der Hagschen Stra\u00dfe und schlie\u00dflich der Schlo\u00dfstra\u00dfe bis zum Dr. Heinz-Will-Platz.<\/p>\n\n\n\n<p>Aus insgesamt dreizehn eingereichten Entw\u00fcrfen setzte sich das Konzept des B\u00fcros wbp Landschaftsarchitekten GmbH durch. Die Jury, bestehend aus Fach- und Sachpreisrichtern sowie ortskundigen Beratern, zeigte sich von der Qualit\u00e4t und Vielfalt der eingereichten Beitr\u00e4ge beeindruckt. Die Entscheidung fiel nach eingehender Pr\u00fcfung und Diskussion einstimmig.<\/p>\n\n\n\n<p>Kleves B\u00fcrgermeister Wolfgang Gebing, selbst Teil der Jury, ist zufrieden mit dem Ergebnis des Planungswettbewerbes: \u201eIch freue mich, dass das Preisgericht nach intensiven Beratungen der im Realisierungswettbewerb eingereichten 13 Entw\u00fcrfe zur Umgestaltung der Fu\u00dfg\u00e4ngerzone den Entwurf der wbp Landschaftsarchitekten GmbH \u2013 Inhaberinnen Christine Wolf und Rebekka Junge \u2013 einstimmig mit dem ersten Preis pr\u00e4miert hat. Die Umsetzung des Entwurfes wird die Aufenthaltsqualit\u00e4t unserer Fu\u00dfg\u00e4ngerzone vor allem durch die St\u00e4rkung der zentralen Pl\u00e4tze mit dem Element Wasser und der st\u00e4rkeren Begr\u00fcnung deutlich verbessern.\u201c<\/p>\n\n\n\n<p>Mit dem Gewinnerentwurf soll nun weitergearbeitet werden, damit die Klever Innenstadt sich schon bald mit einem modernen Gesicht pr\u00e4sentiert. Das geplante Investitionsvolumen betr\u00e4gt rund 14 Mio. Euro. F\u00fcr die bauliche Umsetzung ist die Einwerbung von St\u00e4dtebauf\u00f6rdermitteln geplant. Der entsprechende F\u00f6rdermittelantrag ist im September 2026 zu stellen. Geplant ist die Umgestaltung der Innenstadt in den Jahren 2027 und 2028. Fertiggestellt werden soll die Bauma\u00dfnahme p\u00fcnktlich zur Landesgartenschau im Jahr 2029. F\u00fcr die Umsetzung werden diverse Bauabschnitte gebildet, um die Einschr\u00e4nkungen in der Innenstadt so gering wie m\u00f6glich zu halten.\u00a0<\/p>\n\n\n\n<p>Quelle: <a href=\"https:\/\/www.kleve.de\/stadt-kleve\/rathaus-informieren\/aktuelles\/siegerentwurf-fuer-die-umgestaltung-der-klever-innenstadt\">Stadt Kleve<\/a><\/p>\n\n\n<figure class=\"wp-block-post-featured-image\"><img loading=\"lazy\" decoding=\"async\" width=\"400\" height=\"283\" src=\"https:\/\/standort-niederrhein.de\/wp-content\/uploads\/2025\/10\/Gewinnerentwurf-Blick-Klosterplatz-zum-Kavarinerplatz.jpg\" class=\"attachment-post-thumbnail size-post-thumbnail wp-post-image\" alt=\"\" style=\"object-fit:cover;\" srcset=\"https:\/\/standort-niederrhein.de\/wp-content\/uploads\/2025\/10\/Gewinnerentwurf-Blick-Klosterplatz-zum-Kavarinerplatz.jpg 400w, https:\/\/standort-niederrhein.de\/wp-content\/uploads\/2025\/10\/Gewinnerentwurf-Blick-Klosterplatz-zum-Kavarinerplatz-300x212.jpg 300w\" sizes=\"(max-width: 400px) 100vw, 400px\" \/><\/figure>\n\n\n<p>Visualisierung: Stadt Kleve\/ wbp Landschaftsarchitekten GmbH <\/p>\n","protected":false},"excerpt":{"rendered":"<p>Kleve. Mehr Gr\u00fcn, lebendige Pl\u00e4tze, gesteigerte Aufenthaltsqualit\u00e4t: Nach intensiver Beratung hat die Jury des st\u00e4dtebaulichen Planungswettbewerbs zur Umgestaltung der Klever Innenstadt am Dienstag, 7. Oktober 2025, einen Siegerentwurf gek\u00fcrt. Insgesamt wurden im Rahmen des Wettbewerbes dreizehn Entw\u00fcrfe eingereicht. Aufgabe war es, attraktive Konzepte f\u00fcr die Neugestaltung der Klever Innenstadt zu erstellen \u2013 von Herzogstra\u00dfe und [&hellip;]<\/p>\n","protected":false},"author":3,"featured_media":6734,"comment_status":"closed","ping_status":"closed","sticky":false,"template":"","format":"standard","meta":{"_et_pb_use_builder":"","_et_pb_old_content":"","_et_gb_content_width":"","footnotes":""},"categories":[1],"tags":[],"class_list":["post-6733","post","type-post","status-publish","format-standard","has-post-thumbnail","hentry","category-allgemein"],"_links":{"self":[{"href":"https:\/\/standort-niederrhein.de\/en\/wp-json\/wp\/v2\/posts\/6733","targetHints":{"allow":["GET"]}}],"collection":[{"href":"https:\/\/standort-niederrhein.de\/en\/wp-json\/wp\/v2\/posts"}],"about":[{"href":"https:\/\/standort-niederrhein.de\/en\/wp-json\/wp\/v2\/types\/post"}],"author":[{"embeddable":true,"href":"https:\/\/standort-niederrhein.de\/en\/wp-json\/wp\/v2\/users\/3"}],"replies":[{"embeddable":true,"href":"https:\/\/standort-niederrhein.de\/en\/wp-json\/wp\/v2\/comments?post=6733"}],"version-history":[{"count":1,"href":"https:\/\/standort-niederrhein.de\/en\/wp-json\/wp\/v2\/posts\/6733\/revisions"}],"predecessor-version":[{"id":6735,"href":"https:\/\/standort-niederrhein.de\/en\/wp-json\/wp\/v2\/posts\/6733\/revisions\/6735"}],"wp:featuredmedia":[{"embeddable":true,"href":"https:\/\/standort-niederrhein.de\/en\/wp-json\/wp\/v2\/media\/6734"}],"wp:attachment":[{"href":"https:\/\/standort-niederrhein.de\/en\/wp-json\/wp\/v2\/media?parent=6733"}],"wp:term":[{"taxonomy":"category","embeddable":true,"href":"https:\/\/standort-niederrhein.de\/en\/wp-json\/wp\/v2\/categories?post=6733"},{"taxonomy":"post_tag","embeddable":true,"href":"https:\/\/standort-niederrhein.de\/en\/wp-json\/wp\/v2\/tags?post=6733"}],"curies":[{"name":"wp","href":"https:\/\/api.w.org\/{rel}","templated":true}]}}