{"id":6728,"date":"2025-10-12T06:00:00","date_gmt":"2025-10-12T04:00:00","guid":{"rendered":"https:\/\/standort-niederrhein.de\/?p=6728"},"modified":"2025-10-10T10:29:58","modified_gmt":"2025-10-10T08:29:58","slug":"die-besten-auf-der-buehne","status":"publish","type":"post","link":"https:\/\/standort-niederrhein.de\/en\/2025\/10\/12\/die-besten-auf-der-buehne\/","title":{"rendered":"Die Besten auf der B\u00fchne"},"content":{"rendered":"\n<p><strong>Mittlerer Niederrhein. <\/strong>Die duale Berufsausbildung ist ein Schl\u00fcssel f\u00fcr die Zukunft der regionalen Wirtschaft \u2013 das wurde bei der gro\u00dfen Bestenehrung der Industrie- und Handelskammer (IHK) Mittlerer Niederrhein deutlich. Auf der B\u00fchne standen an diesem Abend die besten Absolventinnen und Absolventen des Jahrgangs: Von der Rohrleitungsbauerin \u00fcber den Fachinformatiker bis zum Maschinen- und Anlagenf\u00fchrer. Von insgesamt 4.062 Auszubildenden, die in diesem Jahr ihre IHK-Pr\u00fcfung abgeschlossen haben, erreichten 207 junge Menschen in 171 Ausbildungsberufen die Note \u201eSehr gut\u201c. Auch 396 Absolventinnen und Absolventen der H\u00f6heren Berufsbildung haben ihre Pr\u00fcfung abgelegt \u2013 unter ihnen 274 mit Bestnoten. Geehrt wurden auch herausragende Ausbildungsbetriebe und Berufskollegs.<\/p>\n\n\n\n<p>\u201eZu diesem gro\u00dfartigen Erfolg gratuliere ich Ihnen sehr herzlich. Sie haben besondere Anerkennung f\u00fcr Ihre Leistungen verdient\u201c, sagte IHK-Pr\u00e4sident Elmar te Neues. Er betonte, dass Motivation und Leidenschaft entscheidend seien \u2013 und dass Unternehmen ihr Fachkr\u00e4ftepotenzial durch Ausbildung sichern m\u00fcssten. \u201eGegen den Fachkr\u00e4ftemangel gibt es nur eine L\u00f6sung: ausbilden\u201c, so te Neues. IHK-Hauptgesch\u00e4ftsf\u00fchrer J\u00fcrgen Steinmetz hob die Bedeutung des dualen Systems hervor: \u201eDie ausgezeichneten Leistungen zeigen, dass sich Ausbildung lohnt \u2013 f\u00fcr die jungen Menschen ebenso wie f\u00fcr die Unternehmen und damit f\u00fcr die gesamte Region.\u201c<\/p>\n\n\n\n<p>Im gewerblich-technischen Bereich wurde Tuan Ngo (Maschinen- und Anlagenf\u00fchrer) geehrt. Als bester Ausbildungsbetrieb wurde die Firma SGL epo GmbH, Willich, ausgezeichnet und als bestes Berufskolleg das Berufskolleg Uerdingen. Im Bereich Kaufm\u00e4nnische Ausbildung wurden als bester Auszubildender Burak G\u00fcrpinar (Kaufmann f\u00fcr Spedition und Logistikdienstleistungen), als bester Ausbildungsbetrieb die DSV Road GmbH aus Krefeld sowie als bestes Berufskolleg das Berufsbildungszentrum Dormagen geehrt. Ebenso wie Viet Phu Quan als bester Auszubildender (Verk\u00e4ufer) f\u00fcr den Bereich Einzelhandel sowie das Berufskolleg Neuss Weingartenstra\u00dfe und der Ausbildungsbetrieb Lidl in Kaarst. Als bester Erstausbilderbetrieb wurden Stefanie Koch vom Hofladen Roosen in Br\u00fcggen mit der Auszubildenden Johanna Nolting (Kauffrau im Einzelhandel) sowie das Berufskolleg Viersen ausgezeichnet.<\/p>\n\n\n\n<p>In der gemeinsamen Feierstunde ehrte die IHK nicht nur die besten Auszubildenden, Betriebe und Berufskollegs. Auch die besten Absolventen und Absolventinnen der H\u00f6heren Berufsbildung wurden ausgezeichnet. Zu den vier Besten geh\u00f6ren Saskia Schmitz (Betriebswirtin), Anne Idink (Fachwirtin f\u00fcr B\u00fcro- und Projektorganisation), Sabrina Heying (Fachwirtin f\u00fcr B\u00fcro- und Projektorganisation) sowie Onur Ahmet Ari (Industriemeister Textilwirtschaft).<\/p>\n\n\n\n<p>Die Festveranstaltung, moderiert von Wolfram Kons und der IHK-Auszubildenden Lea-Charlotte Hoffmann, bot ein abwechslungsreiches Rahmenprogramm mit Showacts wie die Breakdancer Jilou &amp; NoIndex und Saxophonist David Br\u00fcck. \u201eMit dieser Feier zeigen wir, wie sehr wir die Leistung der Absolventinnen und Absolventen sch\u00e4tzen\u201c, so Steinmetz. \u201eSie sind der beste Beweis daf\u00fcr, dass die duale Berufsausbildung und die Weiterbildung entscheidend f\u00fcr eine starke Wirtschaft am Mittleren Niederrhein sind.\u201c<\/p>\n\n\n\n<p>Quelle: <a href=\"https:\/\/mittlerer-niederrhein.ihk.de\/news\/detail\/die-besten-auf-der-buehne\">IHK Mittlerer Niederrhein<\/a><\/p>\n\n\n<figure class=\"wp-block-post-featured-image\"><img loading=\"lazy\" decoding=\"async\" width=\"2560\" height=\"1707\" src=\"https:\/\/standort-niederrhein.de\/wp-content\/uploads\/2025\/10\/Bestenehrung2025-93-scaled.jpg\" class=\"attachment-post-thumbnail size-post-thumbnail wp-post-image\" alt=\"\" style=\"object-fit:cover;\" srcset=\"https:\/\/standort-niederrhein.de\/wp-content\/uploads\/2025\/10\/Bestenehrung2025-93-scaled.jpg 2560w, https:\/\/standort-niederrhein.de\/wp-content\/uploads\/2025\/10\/Bestenehrung2025-93-1280x854.jpg 1280w, https:\/\/standort-niederrhein.de\/wp-content\/uploads\/2025\/10\/Bestenehrung2025-93-980x653.jpg 980w, https:\/\/standort-niederrhein.de\/wp-content\/uploads\/2025\/10\/Bestenehrung2025-93-480x320.jpg 480w\" sizes=\"(min-width: 0px) and (max-width: 480px) 480px, (min-width: 481px) and (max-width: 980px) 980px, (min-width: 981px) and (max-width: 1280px) 1280px, (min-width: 1281px) 2560px, 100vw\" \/><\/figure>\n\n\n<p>Foto: IHK Mittlerer Niederrhein<\/p>\n","protected":false},"excerpt":{"rendered":"<p>Mittlerer Niederrhein. Die duale Berufsausbildung ist ein Schl\u00fcssel f\u00fcr die Zukunft der regionalen Wirtschaft \u2013 das wurde bei der gro\u00dfen Bestenehrung der Industrie- und Handelskammer (IHK) Mittlerer Niederrhein deutlich. Auf der B\u00fchne standen an diesem Abend die besten Absolventinnen und Absolventen des Jahrgangs: Von der Rohrleitungsbauerin \u00fcber den Fachinformatiker bis zum Maschinen- und Anlagenf\u00fchrer. Von [&hellip;]<\/p>\n","protected":false},"author":3,"featured_media":6729,"comment_status":"closed","ping_status":"closed","sticky":false,"template":"","format":"standard","meta":{"_et_pb_use_builder":"","_et_pb_old_content":"","_et_gb_content_width":"","footnotes":""},"categories":[1],"tags":[],"class_list":["post-6728","post","type-post","status-publish","format-standard","has-post-thumbnail","hentry","category-allgemein"],"_links":{"self":[{"href":"https:\/\/standort-niederrhein.de\/en\/wp-json\/wp\/v2\/posts\/6728","targetHints":{"allow":["GET"]}}],"collection":[{"href":"https:\/\/standort-niederrhein.de\/en\/wp-json\/wp\/v2\/posts"}],"about":[{"href":"https:\/\/standort-niederrhein.de\/en\/wp-json\/wp\/v2\/types\/post"}],"author":[{"embeddable":true,"href":"https:\/\/standort-niederrhein.de\/en\/wp-json\/wp\/v2\/users\/3"}],"replies":[{"embeddable":true,"href":"https:\/\/standort-niederrhein.de\/en\/wp-json\/wp\/v2\/comments?post=6728"}],"version-history":[{"count":1,"href":"https:\/\/standort-niederrhein.de\/en\/wp-json\/wp\/v2\/posts\/6728\/revisions"}],"predecessor-version":[{"id":6730,"href":"https:\/\/standort-niederrhein.de\/en\/wp-json\/wp\/v2\/posts\/6728\/revisions\/6730"}],"wp:featuredmedia":[{"embeddable":true,"href":"https:\/\/standort-niederrhein.de\/en\/wp-json\/wp\/v2\/media\/6729"}],"wp:attachment":[{"href":"https:\/\/standort-niederrhein.de\/en\/wp-json\/wp\/v2\/media?parent=6728"}],"wp:term":[{"taxonomy":"category","embeddable":true,"href":"https:\/\/standort-niederrhein.de\/en\/wp-json\/wp\/v2\/categories?post=6728"},{"taxonomy":"post_tag","embeddable":true,"href":"https:\/\/standort-niederrhein.de\/en\/wp-json\/wp\/v2\/tags?post=6728"}],"curies":[{"name":"wp","href":"https:\/\/api.w.org\/{rel}","templated":true}]}}