{"id":6721,"date":"2025-10-09T06:00:00","date_gmt":"2025-10-09T04:00:00","guid":{"rendered":"https:\/\/standort-niederrhein.de\/?p=6721"},"modified":"2025-10-10T11:19:14","modified_gmt":"2025-10-10T09:19:14","slug":"starker-auftritt-des-standortes-niederrhein-auf-der-expo-real-2025","status":"publish","type":"post","link":"https:\/\/standort-niederrhein.de\/en\/2025\/10\/09\/starker-auftritt-des-standortes-niederrhein-auf-der-expo-real-2025\/","title":{"rendered":"Starker Auftritt des  Niederrheins auf der Expo Real 2025"},"content":{"rendered":"\n<p><strong>Niederrhein\/ M\u00fcnchen.<\/strong> Mit einem starken Gemeinschaftsauftritt pr\u00e4sentierte sich der Standort Niederrhein auch in diesem Jahr erfolgreich auf der Expo Real in M\u00fcnchen, Europas f\u00fchrender Fachmesse f\u00fcr Immobilien und Investitionen. Vom 6. bis 8. Oktober 2025 nutzten Vertreterinnen und Vertreter der St\u00e4dte und Kreise sowie regionaler Unternehmen die Gelegenheit, um den Standort Niederrhein einem internationalen Fachpublikum vorzustellen und zahlreiche neue Kontakte zu kn\u00fcpfen.<\/p>\n\n\n\n<p>In Halle B1, Stand 314 zeigte sich der Niederrhein mit neuem Design und neuem Claim als dynamische und zukunftsorientierte Region: Niederrhein. Einfach stark. \u201eDie Expo Real ist f\u00fcr uns jedes Jahr eine zentrale Plattform, um den Standort zu positionieren und neue Impulse f\u00fcr die regionale Entwicklung zu setzen\u201c, betont Bertram Gaiser, Gesch\u00e4ftsf\u00fchrer der Standort Niederrhein GmbH.<\/p>\n\n\n\n<p>Am Gemeinschaftsstand des Standortes Niederrhein beteiligten sich erneut die St\u00e4dte Krefeld und M\u00f6nchengladbach sowie die Kreise Kleve, Viersen, Wesel und der Rhein-Kreis Neuss mit ihren jeweiligen Wirtschaftsf\u00f6rderungs- und Entwicklungsgesellschaften. Erg\u00e4nzt wurde das Partnernetzwerk durch zahlreiche private Unternehmen, darunter ALHO, bienen+partner Immobilien GmbH, DeltaPort Niederrheinh\u00e4fen GmbH, DORNIEDEN Gruppe, Grundst\u00fccksgesellschaft der Stadt Willich, GWG f\u00fcr den Kreis Viersen, Hillwood, IHK Mittlerer Niederrhein, Lomberg.de, OttenArchitekten, P+B GmbH &amp; Co. KG, studio OM sowie die Stadt Venlo. Neu hinzugekommen sind in diesem Jahr die burberger GmbH, Storms Schl\u00fcsselfertig GmbH, Verdion GmbH und die Stadt Roermond. Dass damit nun zwei niederl\u00e4ndische St\u00e4dte Teil des Niederrhein-Gemeinschaftsstandes sind, verdeutlicht die enge grenz\u00fcberschreitende Zusammenarbeit. <\/p>\n\n\n\n<p>Bereits am Vorabend der Messe trafen sich die Standpartner traditionell zum exklusiven Auftakt im Seehaus im Englischen Garten. Neben dem fachlichen Austausch stand hier das Netzwerken im Mittelpunkt. Ein besonderes Highlight der Messewoche war erneut die \u201eOrange Hour\u201c am Abend des ersten Messetages. Bei einem Ap\u00e9ro der Sternek\u00f6che Alexander Wulf und Marcel Kokot sowie Sommelier Ronny Schreiber von <em>Troyka<\/em> kamen G\u00e4ste und Partner in entspannter Atmosph\u00e4re zusammen. Die Orange Hour wurde auch in diesem Jahr wieder durch das Sponsoring der NEW erm\u00f6glicht. Am Dienstag folgte die beliebte \u201eGin o\u2019Clock\u201c, wieder gesponsert von ALHO, die ebenfalls zahlreiche Besucherinnen und Besucher zum Messeausklang an den Stand des Niederrheins lockte.<\/p>\n\n\n\n<p>Mit 1.742 Ausstellern und rund 42.000 Fachbesucherinnen und -besuchern aus mehr als 70 L\u00e4ndern best\u00e4tigte die EXPO REAL 2025 ihre Rolle als wichtige Plattform der Branche. F\u00fcr den Standort Niederrhein war die Teilnahme erneut ein Erfolg. \u201eDer Niederrhein hat sich auf der Messe als starke, verl\u00e4ssliche und innovative Region pr\u00e4sentiert. Die Resonanz war hervorragend und wir blicken bereits gespannt auf 2026\u201c, fasst Bertram Gaiser abschlie\u00dfend zusammen.<\/p>\n\n\n\n<p><\/p>\n\n\n<figure class=\"wp-block-post-featured-image\"><img loading=\"lazy\" decoding=\"async\" width=\"2048\" height=\"1152\" src=\"https:\/\/standort-niederrhein.de\/wp-content\/uploads\/2025\/10\/1759791562110.jpg\" class=\"attachment-post-thumbnail size-post-thumbnail wp-post-image\" alt=\"\" style=\"object-fit:cover;\" srcset=\"https:\/\/standort-niederrhein.de\/wp-content\/uploads\/2025\/10\/1759791562110.jpg 2048w, https:\/\/standort-niederrhein.de\/wp-content\/uploads\/2025\/10\/1759791562110-1280x720.jpg 1280w, https:\/\/standort-niederrhein.de\/wp-content\/uploads\/2025\/10\/1759791562110-980x551.jpg 980w, https:\/\/standort-niederrhein.de\/wp-content\/uploads\/2025\/10\/1759791562110-480x270.jpg 480w\" sizes=\"(min-width: 0px) and (max-width: 480px) 480px, (min-width: 481px) and (max-width: 980px) 980px, (min-width: 981px) and (max-width: 1280px) 1280px, (min-width: 1281px) 2048px, 100vw\" \/><\/figure>\n\n\n<p>Foto: Standort Niederrhein GmbH<\/p>\n","protected":false},"excerpt":{"rendered":"<p>Niederrhein\/ M\u00fcnchen. Mit einem starken Gemeinschaftsauftritt pr\u00e4sentierte sich der Standort Niederrhein auch in diesem Jahr erfolgreich auf der Expo Real in M\u00fcnchen, Europas f\u00fchrender Fachmesse f\u00fcr Immobilien und Investitionen. Vom 6. bis 8. Oktober 2025 nutzten Vertreterinnen und Vertreter der St\u00e4dte und Kreise sowie regionaler Unternehmen die Gelegenheit, um den Standort Niederrhein einem internationalen Fachpublikum [&hellip;]<\/p>\n","protected":false},"author":3,"featured_media":6722,"comment_status":"closed","ping_status":"closed","sticky":false,"template":"","format":"standard","meta":{"_et_pb_use_builder":"","_et_pb_old_content":"","_et_gb_content_width":"","footnotes":""},"categories":[1],"tags":[],"class_list":["post-6721","post","type-post","status-publish","format-standard","has-post-thumbnail","hentry","category-allgemein"],"_links":{"self":[{"href":"https:\/\/standort-niederrhein.de\/en\/wp-json\/wp\/v2\/posts\/6721","targetHints":{"allow":["GET"]}}],"collection":[{"href":"https:\/\/standort-niederrhein.de\/en\/wp-json\/wp\/v2\/posts"}],"about":[{"href":"https:\/\/standort-niederrhein.de\/en\/wp-json\/wp\/v2\/types\/post"}],"author":[{"embeddable":true,"href":"https:\/\/standort-niederrhein.de\/en\/wp-json\/wp\/v2\/users\/3"}],"replies":[{"embeddable":true,"href":"https:\/\/standort-niederrhein.de\/en\/wp-json\/wp\/v2\/comments?post=6721"}],"version-history":[{"count":4,"href":"https:\/\/standort-niederrhein.de\/en\/wp-json\/wp\/v2\/posts\/6721\/revisions"}],"predecessor-version":[{"id":6739,"href":"https:\/\/standort-niederrhein.de\/en\/wp-json\/wp\/v2\/posts\/6721\/revisions\/6739"}],"wp:featuredmedia":[{"embeddable":true,"href":"https:\/\/standort-niederrhein.de\/en\/wp-json\/wp\/v2\/media\/6722"}],"wp:attachment":[{"href":"https:\/\/standort-niederrhein.de\/en\/wp-json\/wp\/v2\/media?parent=6721"}],"wp:term":[{"taxonomy":"category","embeddable":true,"href":"https:\/\/standort-niederrhein.de\/en\/wp-json\/wp\/v2\/categories?post=6721"},{"taxonomy":"post_tag","embeddable":true,"href":"https:\/\/standort-niederrhein.de\/en\/wp-json\/wp\/v2\/tags?post=6721"}],"curies":[{"name":"wp","href":"https:\/\/api.w.org\/{rel}","templated":true}]}}