{"id":6712,"date":"2025-10-08T06:00:00","date_gmt":"2025-10-08T04:00:00","guid":{"rendered":"https:\/\/standort-niederrhein.de\/?p=6712"},"modified":"2025-10-07T10:14:14","modified_gmt":"2025-10-07T08:14:14","slug":"wie-unternehmen-ki-fuer-sich-nutzen-koennen","status":"publish","type":"post","link":"https:\/\/standort-niederrhein.de\/en\/2025\/10\/08\/wie-unternehmen-ki-fuer-sich-nutzen-koennen\/","title":{"rendered":"Wie Unternehmen KI f\u00fcr sich nutzen k\u00f6nnen"},"content":{"rendered":"\n<p><strong>Kreis Kleve\/ Wallfahrtsstadt Kevelaer. <\/strong>Auch das zweite Unternehmerfr\u00fchst\u00fcck der Wirtschaftsf\u00f6rderung Kreis<strong> <\/strong>Kleve in der Veranstaltungsreihe 2025\/2026 fand gro\u00dfes Interesse. Im Konzert- und B\u00fchnenhaus Kevelaer begr\u00fc\u00dfte zun\u00e4chst der frisch wiedergew\u00e4hlte B\u00fcrgermeister Dr. Dominik Pichler die rund 60 G\u00e4ste. Er berichtete von anstehenden Aufgaben wie die Fortschreibung des Einzelhandelskonzepts und die Versorgung des Gewerbegebiets \u201eS\u00fcd\u201c mit schnellem Internet. Au\u00dferdem stellte der B\u00fcrgermeister den G\u00e4sten die neue Leiterin der Stabsstelle Kevelaer Marketing, Daniela Cox, sowie den neuen Citymanager Reiner Op de Hipt vor, die beide auch beim Unternehmerfr\u00fchst\u00fcck dabei waren.<\/p>\n\n\n\n<p>Gesch\u00e4ftsf\u00fchrerin Brigitte Jansen pr\u00e4sentierte den G\u00e4sten die vielf\u00e4ltigen Aktivit\u00e4ten der Kreis-Wirtschaftsf\u00f6rderung. &nbsp;\u201eDieses Thema bietet Chancen und Herausforderungen, gerade auch f\u00fcr kleine und mittlere Unternehmen\u201c, betonte Jansen.<\/p>\n\n\n\n<p>Genau dies wurde auch beim Hauptvortrag der Veranstaltung mit dem Titel: \u201eKI verstehen und nutzen: Ein Kompass f\u00fcr KMU\u201c deutlich. Volker Wein, Partner bei der KPP Steuerberatungsgesellschaft, sowie Gerrit R\u00f6hl, IT\u2013Manager bei KPP, erl\u00e4uterten dabei, wie KI funktioniert, wie sie in der t\u00e4glichen Unternehmenspraxis angewendet werden kann, welche rechtlichen Aspekte zu beachten sind und wie Firmen die Einf\u00fchrung von KI gelingt.<\/p>\n\n\n\n<p>Mehr davon, wie K\u00fcnstliche Intelligenz Einzug in den Firmenalltag findet, erfuhren die Teilnehmenden bei einer durch Andrea Franken moderierten Gespr\u00e4chsrunde. &nbsp;Andreas Gertzen betriebt in der Wallfahrtsstadt Kevelaer das Gesch\u00e4ft Schauplatz &#8211; design.mode.handwerk. Obwohl der Einzelhandel vielleicht nicht gerade eine klassische Branche f\u00fcr KI-Anwendungen ist, nutzt Gertzen die K\u00fcnstliche Intelligenz auf innovative Weise: In seinem Gesch\u00e4ft ist die KI-Agentin Lucy in Betrieb. Per Tablet k\u00f6nnen sich Kunden \u00fcber Teesorten beraten lassen und herausfinden, welche die richtige f\u00fcr sie ist. Die ersten Erfahrungen mit der seit sechs Wochen im Einsatz befindlichen Technologie seien sehr vielversprechend, so Gertzen. Sein Rat an Unternehmerinnen und Unternehmer: \u201eProbieren Sie KI aus und holen sie sich daf\u00fcr regionale Expertinnen und Experten als Partner an die Seite.\u201c<\/p>\n\n\n\n<p>Auf eine lange Erfolgsgeschichte kann der Freizeitpark Irrland in Kevelaer Twisteden zur\u00fcckblicken. Rund eine Millionen Menschen pro Jahr sind dort zu Gast. Christopher Tebartz van Elst von der Irrland GmbH und Co KG berichtete den Teilnehmenden des Unternehmerfr\u00fchst\u00fccks von seinen Erfahrungen mit der KI. Das Irrland nutzt einen Chatbot, der auf der hauseigenen Internetseite Fragen der Besucher beantwortet. Tebartz van Elst ist \u00fcberzeugt: \u201eEs f\u00fchrt kein Weg mehr an KI vorbei.\u201c Seine Empfehlung lautet: \u201eProbieren Sie Dinge aus und lassen Sie sich nicht von R\u00fcckschl\u00e4gen entmutigen.\u201c<\/p>\n\n\n\n<p>Auch die Steuerberatung KPP nutzt KI. Volker Wein empfahl den G\u00e4sten, das ganze Team im Unternehmen mit einzubinden, wenn es um die Anwendung von KI geht. \u201eGerade f\u00fcr wiederkehrende Arbeiten bietet sich K\u00fcnstliche Intelligenz an. Dadurch ergeben sich den Fachkr\u00e4ften Freir\u00e4ume f\u00fcr anderen Aufgaben\u201c, betonte Wein.<\/p>\n\n\n\n<p>Zum Abschluss kamen die Teilnehmenden noch miteinander ins Gespr\u00e4ch und tauschten sich \u00fcber Anwendungsm\u00f6glichkeiten von K\u00fcnstlicher Intelligenz aus.<\/p>\n\n\n\n<p>Quelle: <a href=\"http:\/\/www.wfg-kreis-kleve.de\">WFG Kreis Kleve<\/a><\/p>\n\n\n<figure class=\"wp-block-post-featured-image\"><img loading=\"lazy\" decoding=\"async\" width=\"2560\" height=\"1625\" src=\"https:\/\/standort-niederrhein.de\/wp-content\/uploads\/2025\/10\/UF-Kevelaer_PM-scaled.jpg\" class=\"attachment-post-thumbnail size-post-thumbnail wp-post-image\" alt=\"\" style=\"object-fit:cover;\" srcset=\"https:\/\/standort-niederrhein.de\/wp-content\/uploads\/2025\/10\/UF-Kevelaer_PM-scaled.jpg 2560w, https:\/\/standort-niederrhein.de\/wp-content\/uploads\/2025\/10\/UF-Kevelaer_PM-1280x813.jpg 1280w, https:\/\/standort-niederrhein.de\/wp-content\/uploads\/2025\/10\/UF-Kevelaer_PM-980x622.jpg 980w, https:\/\/standort-niederrhein.de\/wp-content\/uploads\/2025\/10\/UF-Kevelaer_PM-480x305.jpg 480w\" sizes=\"(min-width: 0px) and (max-width: 480px) 480px, (min-width: 481px) and (max-width: 980px) 980px, (min-width: 981px) and (max-width: 1280px) 1280px, (min-width: 1281px) 2560px, 100vw\" \/><\/figure>\n\n\n<p>Beim Unternehmerfr\u00fchst\u00fcck in der Wallfahrtsstadt Kevelaer (von links): Volker Wein (KPP Steuerberatungsgesellschaft), Andreas Gertzen (Schauplatz &#8211; design.mode.handwerk), Daniela Cox (Kevelaer Marketing), Brigitte Jansen (Gesch\u00e4ftsf\u00fchrerin WFG Kreis Kleve), Christopher Tebartz van Elst (Irrland), Dr. Dominik Pichler (B\u00fcrgermeister Wallfahrtsstadt Kevelaer), Reiner Op de Hipt (Citymanager), Andrea Franken (Moderatorin), Gerrit R\u00f6hl (KPP Steuerberatungsgesellschaft) und Irina Jan\u00dfen (WFG Kreis Kleve). | Foto: WFG Kreis Kleve<\/p>\n","protected":false},"excerpt":{"rendered":"<p>Kreis Kleve\/ Wallfahrtsstadt Kevelaer. Auch das zweite Unternehmerfr\u00fchst\u00fcck der Wirtschaftsf\u00f6rderung Kreis Kleve in der Veranstaltungsreihe 2025\/2026 fand gro\u00dfes Interesse. Im Konzert- und B\u00fchnenhaus Kevelaer begr\u00fc\u00dfte zun\u00e4chst der frisch wiedergew\u00e4hlte B\u00fcrgermeister Dr. Dominik Pichler die rund 60 G\u00e4ste. Er berichtete von anstehenden Aufgaben wie die Fortschreibung des Einzelhandelskonzepts und die Versorgung des Gewerbegebiets \u201eS\u00fcd\u201c mit schnellem [&hellip;]<\/p>\n","protected":false},"author":3,"featured_media":6713,"comment_status":"closed","ping_status":"closed","sticky":false,"template":"","format":"standard","meta":{"_et_pb_use_builder":"","_et_pb_old_content":"","_et_gb_content_width":"","footnotes":""},"categories":[1],"tags":[],"class_list":["post-6712","post","type-post","status-publish","format-standard","has-post-thumbnail","hentry","category-allgemein"],"_links":{"self":[{"href":"https:\/\/standort-niederrhein.de\/en\/wp-json\/wp\/v2\/posts\/6712","targetHints":{"allow":["GET"]}}],"collection":[{"href":"https:\/\/standort-niederrhein.de\/en\/wp-json\/wp\/v2\/posts"}],"about":[{"href":"https:\/\/standort-niederrhein.de\/en\/wp-json\/wp\/v2\/types\/post"}],"author":[{"embeddable":true,"href":"https:\/\/standort-niederrhein.de\/en\/wp-json\/wp\/v2\/users\/3"}],"replies":[{"embeddable":true,"href":"https:\/\/standort-niederrhein.de\/en\/wp-json\/wp\/v2\/comments?post=6712"}],"version-history":[{"count":1,"href":"https:\/\/standort-niederrhein.de\/en\/wp-json\/wp\/v2\/posts\/6712\/revisions"}],"predecessor-version":[{"id":6714,"href":"https:\/\/standort-niederrhein.de\/en\/wp-json\/wp\/v2\/posts\/6712\/revisions\/6714"}],"wp:featuredmedia":[{"embeddable":true,"href":"https:\/\/standort-niederrhein.de\/en\/wp-json\/wp\/v2\/media\/6713"}],"wp:attachment":[{"href":"https:\/\/standort-niederrhein.de\/en\/wp-json\/wp\/v2\/media?parent=6712"}],"wp:term":[{"taxonomy":"category","embeddable":true,"href":"https:\/\/standort-niederrhein.de\/en\/wp-json\/wp\/v2\/categories?post=6712"},{"taxonomy":"post_tag","embeddable":true,"href":"https:\/\/standort-niederrhein.de\/en\/wp-json\/wp\/v2\/tags?post=6712"}],"curies":[{"name":"wp","href":"https:\/\/api.w.org\/{rel}","templated":true}]}}