{"id":6707,"date":"2025-10-06T08:45:00","date_gmt":"2025-10-06T06:45:00","guid":{"rendered":"https:\/\/standort-niederrhein.de\/?p=6707"},"modified":"2025-10-06T08:39:28","modified_gmt":"2025-10-06T06:39:28","slug":"klage-der-provinz-limburg-gegen-bebauungsplan-fuer-den-gewerbepark-elmpt","status":"publish","type":"post","link":"https:\/\/standort-niederrhein.de\/en\/2025\/10\/06\/klage-der-provinz-limburg-gegen-bebauungsplan-fuer-den-gewerbepark-elmpt\/","title":{"rendered":"Klage der Provinz Limburg gegen Bebauungsplan f\u00fcr den Gewerbepark Elmpt"},"content":{"rendered":"\n<p><strong>Kreis Viersen. <\/strong>Die niederl\u00e4ndische Provinz Limburg hat Klage gegen den Bebauungsplan Elm-131 &#8220;Javelin Park Ost&#8221;, Grundlage f\u00fcr den Gewerbeparkt Elmpt, beim Oberverwaltungsgericht M\u00fcnster eingereicht. Grund hierf\u00fcr ist laut Aussage der Provinz Limburg die nicht ausreichende Ber\u00fccksichtigung des Natur- und Umweltschutzes sowie der Stickstoffbelastung.<\/p>\n\n\n\n<p>\u00dcber das Vorgehen zeigt sich Landrat Dr. Andreas Coenen erstaunt: &#8220;Die grenz\u00fcberschreitende Zusammenarbeit war bislang von beiderseitigem Vertrauen und einer guten Zusammenarbeit gepr\u00e4gt. Das wurde hiermit durch die Provinz Limburg aufgek\u00fcndigt, was mich entt\u00e4uscht. Der Gewerbepark Elmpt stellt eine einmalige wirtschaftliche Chance f\u00fcr die gesamte Region dar, die nicht an der Grenze endet. Wir behalten uns die M\u00f6glichkeit vor, unsererseits Entwicklungsvorhaben auf niederl\u00e4ndischer Seite zu \u00fcberpr\u00fcfen und gegebenenfalls neu zu bewerten.&#8221; Der Kreis Viersen und seine St\u00e4dte und Gemeinden haben stets die gewerblichen Entwicklungen auf niederl\u00e4ndischer Seite mitgetragen und unterst\u00fctzt, um gemeinsame Fortschritte zu erzielen.<\/p>\n\n\n\n<p>Diesem Urteil schlie\u00dft sich B\u00fcrgermeister Karl-Heinz Wassong an: &#8220;Das Vorgehen der Region Limburg verstehe ich nicht. Der Bebauungsplan ist rechtssicher, wurde bereits angepasst und geht auf alle Aspekte des Natur- und Umweltschutzes ein. Erste Ma\u00dfnahmen hierzu wurden bereits umgesetzt und es kann nicht sein, dass sich der Ausbau nun unter Umst\u00e4nden weiter verz\u00f6gert.&#8221;<\/p>\n\n\n\n<p>Quelle: <a href=\"http:\/\/www.kreis-viersen.de\">Kreis Viersen<\/a><\/p>\n","protected":false},"excerpt":{"rendered":"<p>Kreis Viersen. Die niederl\u00e4ndische Provinz Limburg hat Klage gegen den Bebauungsplan Elm-131 &#8220;Javelin Park Ost&#8221;, Grundlage f\u00fcr den Gewerbeparkt Elmpt, beim Oberverwaltungsgericht M\u00fcnster eingereicht. Grund hierf\u00fcr ist laut Aussage der Provinz Limburg die nicht ausreichende Ber\u00fccksichtigung des Natur- und Umweltschutzes sowie der Stickstoffbelastung. \u00dcber das Vorgehen zeigt sich Landrat Dr. Andreas Coenen erstaunt: &#8220;Die grenz\u00fcberschreitende [&hellip;]<\/p>\n","protected":false},"author":3,"featured_media":0,"comment_status":"closed","ping_status":"closed","sticky":false,"template":"","format":"standard","meta":{"_et_pb_use_builder":"","_et_pb_old_content":"","_et_gb_content_width":"","footnotes":""},"categories":[1],"tags":[],"class_list":["post-6707","post","type-post","status-publish","format-standard","hentry","category-allgemein"],"_links":{"self":[{"href":"https:\/\/standort-niederrhein.de\/en\/wp-json\/wp\/v2\/posts\/6707","targetHints":{"allow":["GET"]}}],"collection":[{"href":"https:\/\/standort-niederrhein.de\/en\/wp-json\/wp\/v2\/posts"}],"about":[{"href":"https:\/\/standort-niederrhein.de\/en\/wp-json\/wp\/v2\/types\/post"}],"author":[{"embeddable":true,"href":"https:\/\/standort-niederrhein.de\/en\/wp-json\/wp\/v2\/users\/3"}],"replies":[{"embeddable":true,"href":"https:\/\/standort-niederrhein.de\/en\/wp-json\/wp\/v2\/comments?post=6707"}],"version-history":[{"count":1,"href":"https:\/\/standort-niederrhein.de\/en\/wp-json\/wp\/v2\/posts\/6707\/revisions"}],"predecessor-version":[{"id":6708,"href":"https:\/\/standort-niederrhein.de\/en\/wp-json\/wp\/v2\/posts\/6707\/revisions\/6708"}],"wp:attachment":[{"href":"https:\/\/standort-niederrhein.de\/en\/wp-json\/wp\/v2\/media?parent=6707"}],"wp:term":[{"taxonomy":"category","embeddable":true,"href":"https:\/\/standort-niederrhein.de\/en\/wp-json\/wp\/v2\/categories?post=6707"},{"taxonomy":"post_tag","embeddable":true,"href":"https:\/\/standort-niederrhein.de\/en\/wp-json\/wp\/v2\/tags?post=6707"}],"curies":[{"name":"wp","href":"https:\/\/api.w.org\/{rel}","templated":true}]}}