{"id":6692,"date":"2025-10-03T06:00:00","date_gmt":"2025-10-03T04:00:00","guid":{"rendered":"https:\/\/standort-niederrhein.de\/?p=6692"},"modified":"2025-10-01T09:58:14","modified_gmt":"2025-10-01T07:58:14","slug":"ideenfutter-expo-2025-starkes-signal-fuer-grenzueberschreitende-innovationen","status":"publish","type":"post","link":"https:\/\/standort-niederrhein.de\/en\/2025\/10\/03\/ideenfutter-expo-2025-starkes-signal-fuer-grenzueberschreitende-innovationen\/","title":{"rendered":"\"Ideenfutter Expo 2025\": Starkes Signal f\u00fcr grenz\u00fcberschreitende Innovationen"},"content":{"rendered":"\n<p><strong>Rhein-Kreis Neuss. Mit<\/strong> mehr als 50 Ausstellern, 350 Besuchern und zahlreichen Fachgespr\u00e4chen war die Messe \u201eIdeenfutter Expo 2025\u201c ein voller Erfolg. Start-ups, Unternehmen, Forschungseinrichtungen und Investoren nutzten die Plattform im \u201eGare du Neuss\u201c, um sich zu vernetzen, Kooperationen anzusto\u00dfen und gemeinsam innovative L\u00f6sungen f\u00fcr die Zukunft von Ern\u00e4hrung und Landwirtschaft zu entwickeln. Veranstalter war der Verein Foodhub NRW mit Unterst\u00fctzung der Wirtschaftsf\u00f6rderung impuls.RheinKreisNeuss.<\/p>\n\n\n\n<p>\u201eWenn man hier hereinkommt, sp\u00fcrt man f\u00f6rmlich die Aufbruchsstimmung, die in der Luft liegt \u2013 mit dem Drang, etwas zu ver\u00e4ndern und Neues zu schaffen\u201c, betonte Dezernent Gregor<strong> <\/strong>K\u00fcpper in seiner Begr\u00fc\u00dfung und brachte damit die besondere Atmosph\u00e4re der Messe auf den Punkt. Die \u201eExpo\u201c deckte ein breites Themenspektrum ab \u2013 von Circular Economy \u00fcber AgTech bis hin zu neuartigen Lebensmitteln und regionalen Wertsch\u00f6pfungsketten.<\/p>\n\n\n\n<p>In diesem Jahr lag ein besonderer Fokus der \u201eIdeenfutter Expo 2025\u201c auf der deutsch-niederl\u00e4ndischen Zusammenarbeit. Ein besonderes \u201eHighlight\u201c war der Kooperationsstand der Wirtschaftsf\u00f6rderung impuls.RheinKreisNeuss mit dem Brightlands Campus Greenport Venlo.<strong> <\/strong>Start-ups beider Regionen stellten dort ihre innovativen L\u00f6sungen vor. Die Palette reichte von nachhaltigen Lebensmittelideen bis hin zu Technologien f\u00fcr die Landwirtschaft der Zukunft.<\/p>\n\n\n\n<p>Die \u201eIdeenfutter Expo 2025\u201c war der Teil des Projektes \u201eAccelerating German and Dutch Cooperation\u201c, das durch das Interreg-Programm \u201eDeutschland \u2013 Nederland\u201c sowie seinen Partnern erm\u00f6glicht und von der Europ\u00e4ischen Union mitfinanziert wird. Es soll die Bedeutung internationaler Zusammenarbeit f\u00fcr die Zukunft der Ern\u00e4hrungswirtschaft unterstreichen und Kooperationen zwischen deutschen und niederl\u00e4ndischen Unternehmen erm\u00f6glichen.<\/p>\n\n\n\n<p>Mittendrin war auch das Strukturwandel-Projekt \u201eLaunchcenter f\u00fcr die Lebensmittelwirtschaft\u201c, dem eine Kooperation zwischen dem Rhein-Kreis Neuss und der Hochschule Niederrhein zugrunde liegt. \u201eDamit gehen wir mit einer zentralen Plattform f\u00fcr die Entwicklung und Markteinf\u00fchrung neuer Produkte und Technologien in der Lebensmittelbranche an den Start, und davon versprechen wir uns sehr viel\u201c, so Kreisdirektor Dirk Br\u00fcgge. Als Ort der Vernetzung bringe das Launchcenter etwa Forschungseinrichtungen, bereits etablierte Unternehmen und Start-ups zusammen. Zu den Zielen geh\u00f6ren die Erschlie\u00dfung neuer beziehungsweise erweiterter Wertsch\u00f6pfungsmodelle sowie der Erhalt und die Schaffung auch hochwertiger zus\u00e4tzlicher Arbeits- und Ausbildungspl\u00e4tze.<\/p>\n\n\n\n<p>Bei einer Podiumsdiskussion<strong> <\/strong>unter dem Motto \u201eGrenz\u00fcberscheitende Zusammenarbeit als Innovationsmotor\u201c stellten Innovationsmanagerin Chiara Bacchiocchi von impuls.RheinKreisNeuss und Yvonne van der Velden vom Brightlands Campus Greenport Venlo vor, wie Netzwerke \u00fcber Landesgrenzen hinweg Innovationen beschleunigen und jungen Unternehmen neue Chancen er\u00f6ffnen k\u00f6nnen.<\/p>\n\n\n\n<p>Am Nachmittag folgte eine Gespr\u00e4chsrunde mit Siddik Turhalli. Er ist Gr\u00fcnder des Start-ups Cravies, das der Rhein-Kreis Neuss im Rahmen seines Accelerator-Programms accelerate.RKN f\u00f6rdert. Er hat bereits erfolgreich ein Food-Unternehmen gegr\u00fcndet und realisierte einen Investment-Deal in der Fernsehsendung \u201eDie H\u00f6hle der L\u00f6wen\u201c. W\u00e4hrend des Austauschs konnten andere Gr\u00fcnderinnen und Gr\u00fcnder Fragen stellen und bekamen wertvolle Einblicke in die Reise eines Start-ups.<\/p>\n\n\n\n<p>Quelle: <a href=\"http:\/\/www.rhein-kreis-neuss.de\">Rhein-Kreis Neuss<\/a><\/p>\n\n\n<figure class=\"wp-block-post-featured-image\"><img loading=\"lazy\" decoding=\"async\" width=\"8256\" height=\"5504\" src=\"https:\/\/standort-niederrhein.de\/wp-content\/uploads\/2025\/10\/Foto-PM-Ideenfutter-.jpg\" class=\"attachment-post-thumbnail size-post-thumbnail wp-post-image\" alt=\"\" style=\"object-fit:cover;\" srcset=\"https:\/\/standort-niederrhein.de\/wp-content\/uploads\/2025\/10\/Foto-PM-Ideenfutter-.jpg 8256w, https:\/\/standort-niederrhein.de\/wp-content\/uploads\/2025\/10\/Foto-PM-Ideenfutter--300x200.jpg 300w, https:\/\/standort-niederrhein.de\/wp-content\/uploads\/2025\/10\/Foto-PM-Ideenfutter--1024x683.jpg 1024w, https:\/\/standort-niederrhein.de\/wp-content\/uploads\/2025\/10\/Foto-PM-Ideenfutter--768x512.jpg 768w, https:\/\/standort-niederrhein.de\/wp-content\/uploads\/2025\/10\/Foto-PM-Ideenfutter--1536x1024.jpg 1536w, https:\/\/standort-niederrhein.de\/wp-content\/uploads\/2025\/10\/Foto-PM-Ideenfutter--1080x720.jpg 1080w\" sizes=\"(max-width: 8256px) 100vw, 8256px\" \/><\/figure>\n\n\n<p>\u00dcber deutsch-niederl\u00e4ndische Grenzen hinweg: Dezernent Gregor K\u00fcpper und Messeteilnehmer bei der \u201eIdeenfutter Expo 2025\u201c im Rhein-Kreis Neuss. | Foto: W. Walter\/ Rhein-Kreis Neuss<\/p>\n","protected":false},"excerpt":{"rendered":"<p>Rhein-Kreis Neuss. Mit mehr als 50 Ausstellern, 350 Besuchern und zahlreichen Fachgespr\u00e4chen war die Messe \u201eIdeenfutter Expo 2025\u201c ein voller Erfolg. Start-ups, Unternehmen, Forschungseinrichtungen und Investoren nutzten die Plattform im \u201eGare du Neuss\u201c, um sich zu vernetzen, Kooperationen anzusto\u00dfen und gemeinsam innovative L\u00f6sungen f\u00fcr die Zukunft von Ern\u00e4hrung und Landwirtschaft zu entwickeln. Veranstalter war der [&hellip;]<\/p>\n","protected":false},"author":3,"featured_media":6693,"comment_status":"closed","ping_status":"closed","sticky":false,"template":"","format":"standard","meta":{"_et_pb_use_builder":"","_et_pb_old_content":"","_et_gb_content_width":"","footnotes":""},"categories":[1],"tags":[],"class_list":["post-6692","post","type-post","status-publish","format-standard","has-post-thumbnail","hentry","category-allgemein"],"_links":{"self":[{"href":"https:\/\/standort-niederrhein.de\/en\/wp-json\/wp\/v2\/posts\/6692","targetHints":{"allow":["GET"]}}],"collection":[{"href":"https:\/\/standort-niederrhein.de\/en\/wp-json\/wp\/v2\/posts"}],"about":[{"href":"https:\/\/standort-niederrhein.de\/en\/wp-json\/wp\/v2\/types\/post"}],"author":[{"embeddable":true,"href":"https:\/\/standort-niederrhein.de\/en\/wp-json\/wp\/v2\/users\/3"}],"replies":[{"embeddable":true,"href":"https:\/\/standort-niederrhein.de\/en\/wp-json\/wp\/v2\/comments?post=6692"}],"version-history":[{"count":1,"href":"https:\/\/standort-niederrhein.de\/en\/wp-json\/wp\/v2\/posts\/6692\/revisions"}],"predecessor-version":[{"id":6694,"href":"https:\/\/standort-niederrhein.de\/en\/wp-json\/wp\/v2\/posts\/6692\/revisions\/6694"}],"wp:featuredmedia":[{"embeddable":true,"href":"https:\/\/standort-niederrhein.de\/en\/wp-json\/wp\/v2\/media\/6693"}],"wp:attachment":[{"href":"https:\/\/standort-niederrhein.de\/en\/wp-json\/wp\/v2\/media?parent=6692"}],"wp:term":[{"taxonomy":"category","embeddable":true,"href":"https:\/\/standort-niederrhein.de\/en\/wp-json\/wp\/v2\/categories?post=6692"},{"taxonomy":"post_tag","embeddable":true,"href":"https:\/\/standort-niederrhein.de\/en\/wp-json\/wp\/v2\/tags?post=6692"}],"curies":[{"name":"wp","href":"https:\/\/api.w.org\/{rel}","templated":true}]}}