{"id":6685,"date":"2025-09-30T10:45:00","date_gmt":"2025-09-30T08:45:00","guid":{"rendered":"https:\/\/standort-niederrhein.de\/?p=6685"},"modified":"2025-09-30T10:31:23","modified_gmt":"2025-09-30T08:31:23","slug":"esg-reporting-was-unternehmen-jetzt-wissen-muessen","status":"publish","type":"post","link":"https:\/\/standort-niederrhein.de\/en\/2025\/09\/30\/esg-reporting-was-unternehmen-jetzt-wissen-muessen\/","title":{"rendered":"ESG-Reporting: Was Unternehmen jetzt wissen m\u00fcssen"},"content":{"rendered":"\n<p><strong>Kreis Kleve\/ Weeze. <\/strong>F\u00fcr Unternehmen wird es immer wichtiger, zu erfassen und berichten zu k\u00f6nnen, wie im eigenen Hause mit Umwelt-, Nachhaltigkeits- und Sozialfragen umgegangen wird.<strong> \u00a0<\/strong>Denn<strong> <\/strong>Environmental, Social und Corporate Governance (ESG) sind Kriterien zur Bewertung der Nachhaltigkeitsleistung eines Unternehmens, die unter anderem bei der Kreditvergabe eine Rolle spielen. Wie der aktuelle Stand bei den Anforderungen zum so genannten ESG-Reporting ist, das erl\u00e4uterten Experten nun auf Einladung der Wirtschaftsf\u00f6rderung Kreis Kleve. Die vierte der von den Volksbanken und Sparkassen im Kreis Kleve gef\u00f6rderten ESG-Veranstaltung, dieses Mal im B\u00fcrgerhaus Weeze, stie\u00df erneut auf gro\u00dfes Interesse bei Unternehmerinnen und Unternehmern.<\/p>\n\n\n\n<p>Nach der Begr\u00fc\u00dfung durch Brigitte Jansen, die Gesch\u00e4ftsf\u00fchrerin der Wirtschaftsf\u00f6rderung Kreis Kleve, lieferte Dr. Benedikt R\u00f6sen, Innovationsmanager bei der Kreis-WfG, einen kurzen R\u00fcckblick auf die vorausgegangenen drei Veranstaltungen.<\/p>\n\n\n\n<p>Die nunmehr vierte ESG-Veranstaltung nahm das so genannte Omnibus-Paket der Europ\u00e4ischen Union in den Fokus. Mit diesem hat die EU-Kommission ein umfassendes Ma\u00dfnahmen-B\u00fcndel zur zeitlichen Verschiebung und Vereinfachung von Nachhaltigkeitsberichtspflichten vorgelegt. In seinem Vortrag erl\u00e4uterte Henning Sittel, Berater der Effizienz-Agentur, den G\u00e4sten, was sie zum ESG-Update der EU wissen m\u00fcssen. Sein Fazit lautete: \u201eWer jetzt aufh\u00f6rt, verliert. Wer sich jetzt strategisch positioniert, gewinnt. Ein strukturierter Nachhaltigkeitsbericht schafft Transparenz nach Innen, zeigt Potenziale und Risiken auf. Und er \u00f6ffnet den Blick auf Chancen und Perspektiven, die Wettbewerbsvorteile mit sich bringen.\u201c<\/p>\n\n\n\n<p>\u00dcber \u201eFinanzierungsaspekte des nachhaltigen Wandelns\u201c referierte Jens Br\u00fchne von der Sparkasse Rhein-Maas. Der Bankkaufmann ist der \u00dcberzeugung, dass Ma\u00dfnahmen in Sachen Nachhaltigkeit f\u00fcr Firmen nicht nur Kostenersparnisse mit sich bringen, sondern auch helfen, Mitarbeitende zu binden und neue Fachkr\u00e4fte f\u00fcr sich zu gewinnen.<\/p>\n\n\n\n<p>Wie Nachhaltigkeit beim Futtermittelhersteller ForFarmers Thesing aus Rees umgesetzt wird, davon berichtete Betriebsleiter Andreas Heising. Die Vortragsrunde nahm ihren Abschluss mit dem Referat von Prof. Dr. Peter Kisters, Vizepr\u00e4sident f\u00fcr Forschung, Innovation und Wissenstransfer an der Hochschule Rhein-Waal. Er brachte den G\u00e4sten das &nbsp;&nbsp;Projekt TransRegINT n\u00e4her, mit dem sich die Hochschule Rhein-Waal zum Ziel gesetzt hat, die Zukunft der Region Niederrhein nachhaltig und wissenschaftsbasiert mitzugestalten.<\/p>\n\n\n\n<p>Bei der abschlie\u00dfenden Podiumsdiskussion wurde nochmals deutlich, dass das ESG-Reporting nicht als l\u00e4stige Pflicht gesehen werden sollte, sondern viel mehr als Chance, sich Wettbewerbsvorteile zu verschaffen und Betriebskosten zu senken.<\/p>\n\n\n\n<p>Quelle: <a href=\"http:\/\/www.wfg-kreis-kleve.de\">WFG Kreis Kleve<\/a><\/p>\n\n\n<figure class=\"wp-block-post-featured-image\"><img loading=\"lazy\" decoding=\"async\" width=\"2560\" height=\"1707\" src=\"https:\/\/standort-niederrhein.de\/wp-content\/uploads\/2025\/09\/ESG-IV-PM1-scaled.jpg\" class=\"attachment-post-thumbnail size-post-thumbnail wp-post-image\" alt=\"\" style=\"object-fit:cover;\" srcset=\"https:\/\/standort-niederrhein.de\/wp-content\/uploads\/2025\/09\/ESG-IV-PM1-scaled.jpg 2560w, https:\/\/standort-niederrhein.de\/wp-content\/uploads\/2025\/09\/ESG-IV-PM1-1280x854.jpg 1280w, https:\/\/standort-niederrhein.de\/wp-content\/uploads\/2025\/09\/ESG-IV-PM1-980x653.jpg 980w, https:\/\/standort-niederrhein.de\/wp-content\/uploads\/2025\/09\/ESG-IV-PM1-480x320.jpg 480w\" sizes=\"(min-width: 0px) and (max-width: 480px) 480px, (min-width: 481px) and (max-width: 980px) 980px, (min-width: 981px) and (max-width: 1280px) 1280px, (min-width: 1281px) 2560px, 100vw\" \/><\/figure>\n\n\n<p>Von links: \u00a0\u00a0Prof. Dr. Peter Kisters (Hochschule Rhein Waal, Projekt TransRegINT), Henning Sittel (Effizienz-Agentur NRW), Dr. Benedikt R\u00f6sen (Wirtschaftsf\u00f6rderung Kreis Kleve), Andreas Heisters (ForFarmers Thesing), Brigitte Jansen (Wirtschaftsf\u00f6rderung Kreis Kleve), Oliver Jansen (Sparkasse Rhein-Maas, vorne) und Jens Br\u00fchne (Sparkasse Rhein-Maas). | Foto: WFG Kreis Kleve<\/p>\n","protected":false},"excerpt":{"rendered":"<p>Kreis Kleve\/ Weeze. F\u00fcr Unternehmen wird es immer wichtiger, zu erfassen und berichten zu k\u00f6nnen, wie im eigenen Hause mit Umwelt-, Nachhaltigkeits- und Sozialfragen umgegangen wird. \u00a0Denn Environmental, Social und Corporate Governance (ESG) sind Kriterien zur Bewertung der Nachhaltigkeitsleistung eines Unternehmens, die unter anderem bei der Kreditvergabe eine Rolle spielen. Wie der aktuelle Stand bei [&hellip;]<\/p>\n","protected":false},"author":3,"featured_media":6686,"comment_status":"closed","ping_status":"closed","sticky":false,"template":"","format":"standard","meta":{"_et_pb_use_builder":"","_et_pb_old_content":"","_et_gb_content_width":"","footnotes":""},"categories":[1],"tags":[],"class_list":["post-6685","post","type-post","status-publish","format-standard","has-post-thumbnail","hentry","category-allgemein"],"_links":{"self":[{"href":"https:\/\/standort-niederrhein.de\/en\/wp-json\/wp\/v2\/posts\/6685","targetHints":{"allow":["GET"]}}],"collection":[{"href":"https:\/\/standort-niederrhein.de\/en\/wp-json\/wp\/v2\/posts"}],"about":[{"href":"https:\/\/standort-niederrhein.de\/en\/wp-json\/wp\/v2\/types\/post"}],"author":[{"embeddable":true,"href":"https:\/\/standort-niederrhein.de\/en\/wp-json\/wp\/v2\/users\/3"}],"replies":[{"embeddable":true,"href":"https:\/\/standort-niederrhein.de\/en\/wp-json\/wp\/v2\/comments?post=6685"}],"version-history":[{"count":1,"href":"https:\/\/standort-niederrhein.de\/en\/wp-json\/wp\/v2\/posts\/6685\/revisions"}],"predecessor-version":[{"id":6687,"href":"https:\/\/standort-niederrhein.de\/en\/wp-json\/wp\/v2\/posts\/6685\/revisions\/6687"}],"wp:featuredmedia":[{"embeddable":true,"href":"https:\/\/standort-niederrhein.de\/en\/wp-json\/wp\/v2\/media\/6686"}],"wp:attachment":[{"href":"https:\/\/standort-niederrhein.de\/en\/wp-json\/wp\/v2\/media?parent=6685"}],"wp:term":[{"taxonomy":"category","embeddable":true,"href":"https:\/\/standort-niederrhein.de\/en\/wp-json\/wp\/v2\/categories?post=6685"},{"taxonomy":"post_tag","embeddable":true,"href":"https:\/\/standort-niederrhein.de\/en\/wp-json\/wp\/v2\/tags?post=6685"}],"curies":[{"name":"wp","href":"https:\/\/api.w.org\/{rel}","templated":true}]}}