{"id":6678,"date":"2025-09-30T06:00:00","date_gmt":"2025-09-30T04:00:00","guid":{"rendered":"https:\/\/standort-niederrhein.de\/?p=6678"},"modified":"2025-09-29T10:20:43","modified_gmt":"2025-09-29T08:20:43","slug":"oekoprofit-im-kreis-wesel-startet-in-die-8-runde","status":"publish","type":"post","link":"https:\/\/standort-niederrhein.de\/en\/2025\/09\/30\/oekoprofit-im-kreis-wesel-startet-in-die-8-runde\/","title":{"rendered":"\u00d6KOPROFIT im Kreis Wesel startet in die 8. Runde"},"content":{"rendered":"\n<p><strong>Kreis Wesel\/ Schermbeck.<\/strong> Mit dem Start der 8. Runde des Projekts\u00a0\u00d6KOPROFIT\u00a0bieten der Kreis Wesel und seine Kommunen Unternehmen, sozialen Einrichtungen, Vereinen sowie kommunalen Betrieben erneut die M\u00f6glichkeit, durch gezielte Ma\u00dfnahmen Betriebskosten zu senken und nachhaltiger zu wirtschaften.<\/p>\n\n\n\n<p><strong>Ein Jahr lang profitieren die Teilnehmenden von intensiver fachlicher Begleitung:<\/strong>&nbsp;In Einzelberatungen und praxisnahen Workshops werden konkrete Einsparpotenziale identifiziert, Betriebsabl\u00e4ufe optimiert und der Einsatz erneuerbarer Energien gepr\u00fcft. Auch die Anpassung an die Folgen des Klimawandels wird in den Fokus genommen. Die gemeinsamen Workshops f\u00f6rdern zudem den branchen\u00fcbergreifenden fachlichen Austausch und sto\u00dfen zu Umsetzungen an.<\/p>\n\n\n\n<p>\u201eUnser Ziel ist es, gemeinsam mit den Betrieben den Energie- und Ressourcenverbrauch dauerhaft zu senken und zugleich die Wettbewerbsf\u00e4higkeit zu st\u00e4rken\u201c, betont das Projektteam. Nach erfolgreichem Abschluss erhalten die Teilnehmenden das\u00a0offizielle \u00d6KOPROFIT-Zertifikat, das als Nachweis f\u00fcr nachhaltiges Wirtschaften \u00f6ffentlichkeitswirksam eingesetzt werden kann. \u00d6KOPROFIT ist zudem ein m\u00f6glicher Einstieg in ein Umwelt- oder Energiemanagement nach ISO 14001 bzw. ISO 50001 sowie in eine klimaneutrale Betriebsf\u00fchrung.<\/p>\n\n\n\n<p><strong>Bilanz der letzten Runde:<\/strong>&nbsp;10 teilnehmende Unternehmen haben mehr als 52 t\/a Abfall, \u00fcber 20.000 km\/a und \u00fcber 700.000 kWh\/a Energie eingespart! Das entspricht Kosteneinsparungen in der Summe von rund 260.000 \u20ac pro Jahr.&nbsp;<\/p>\n\n\n\n<p>Gesucht werden Betriebe aller Branchen und Gr\u00f6\u00dfen, auch soziale Einrichtungen, Vereine und kommunale Akteure. Eine Mindestgr\u00f6\u00dfe von rund acht Mitarbeitenden ist empfehlenswert. Die Teilnahmegeb\u00fchren richten sich nach Unternehmensgr\u00f6\u00dfe und liegen zwischen 2.500 und 10.500 Euro.<\/p>\n\n\n\n<p>Offizieller Start der aktiven Arbeitsphase ist f\u00fcr Anfang 2026 geplant\u00a0\u2013 die Projektlaufzeit betr\u00e4gt ein Jahr.<\/p>\n\n\n\n<p>Quelle: <a href=\"https:\/\/www.schermbeck.de\/rathaus-buerger\/pressemitteilungen\/energie-sparen-kosten-senken-zukunft-sichern-oekoprofit-im-kreis\">Gemeinde Schermbeck<\/a><\/p>\n","protected":false},"excerpt":{"rendered":"<p>Kreis Wesel\/ Schermbeck. Mit dem Start der 8. Runde des Projekts\u00a0\u00d6KOPROFIT\u00a0bieten der Kreis Wesel und seine Kommunen Unternehmen, sozialen Einrichtungen, Vereinen sowie kommunalen Betrieben erneut die M\u00f6glichkeit, durch gezielte Ma\u00dfnahmen Betriebskosten zu senken und nachhaltiger zu wirtschaften. Ein Jahr lang profitieren die Teilnehmenden von intensiver fachlicher Begleitung:&nbsp;In Einzelberatungen und praxisnahen Workshops werden konkrete Einsparpotenziale identifiziert, [&hellip;]<\/p>\n","protected":false},"author":3,"featured_media":0,"comment_status":"closed","ping_status":"closed","sticky":false,"template":"","format":"standard","meta":{"_et_pb_use_builder":"","_et_pb_old_content":"","_et_gb_content_width":"","footnotes":""},"categories":[1],"tags":[],"class_list":["post-6678","post","type-post","status-publish","format-standard","hentry","category-allgemein"],"_links":{"self":[{"href":"https:\/\/standort-niederrhein.de\/en\/wp-json\/wp\/v2\/posts\/6678","targetHints":{"allow":["GET"]}}],"collection":[{"href":"https:\/\/standort-niederrhein.de\/en\/wp-json\/wp\/v2\/posts"}],"about":[{"href":"https:\/\/standort-niederrhein.de\/en\/wp-json\/wp\/v2\/types\/post"}],"author":[{"embeddable":true,"href":"https:\/\/standort-niederrhein.de\/en\/wp-json\/wp\/v2\/users\/3"}],"replies":[{"embeddable":true,"href":"https:\/\/standort-niederrhein.de\/en\/wp-json\/wp\/v2\/comments?post=6678"}],"version-history":[{"count":1,"href":"https:\/\/standort-niederrhein.de\/en\/wp-json\/wp\/v2\/posts\/6678\/revisions"}],"predecessor-version":[{"id":6679,"href":"https:\/\/standort-niederrhein.de\/en\/wp-json\/wp\/v2\/posts\/6678\/revisions\/6679"}],"wp:attachment":[{"href":"https:\/\/standort-niederrhein.de\/en\/wp-json\/wp\/v2\/media?parent=6678"}],"wp:term":[{"taxonomy":"category","embeddable":true,"href":"https:\/\/standort-niederrhein.de\/en\/wp-json\/wp\/v2\/categories?post=6678"},{"taxonomy":"post_tag","embeddable":true,"href":"https:\/\/standort-niederrhein.de\/en\/wp-json\/wp\/v2\/tags?post=6678"}],"curies":[{"name":"wp","href":"https:\/\/api.w.org\/{rel}","templated":true}]}}