{"id":6674,"date":"2025-09-29T06:00:00","date_gmt":"2025-09-29T04:00:00","guid":{"rendered":"https:\/\/standort-niederrhein.de\/?p=6674"},"modified":"2025-09-26T14:57:55","modified_gmt":"2025-09-26T12:57:55","slug":"nachfolge-in-der-ewmg-geschaeftsfuehrung-steht-fest","status":"publish","type":"post","link":"https:\/\/standort-niederrhein.de\/en\/2025\/09\/29\/nachfolge-in-der-ewmg-geschaeftsfuehrung-steht-fest\/","title":{"rendered":"Nachfolge in der EWMG-Gesch\u00e4ftsf\u00fchrung steht fest"},"content":{"rendered":"\n<p><strong>M\u00f6nchengladbach.<\/strong> Die EWMG-Gremien haben in ihren gestrigen Sitzungen Stefan Anspach einstimmig zum neuen Vorsitzenden der Gesch\u00e4ftsf\u00fchrung der Entwicklungsgesellschaft der Stadt M\u00f6nchengladbach (EWMG) bestellt. Er folgt damit auf Dr. Ulrich Sch\u00fcckhaus, dessen Amtszeit Mitte 2026 nach \u00fcber 17 Jahren in dieser Position altersbedingt endet.<\/p>\n\n\n\n<p>Anspach war \u00fcber zehn Jahre bei f\u00fchrenden Beratungsunternehmen in K\u00f6ln und D\u00fcsseldorf f\u00fcr Immobilienunternehmen t\u00e4tig, darunter auch f\u00fcr die kommunale Wohnungswirtschaft. Der studierte Architekt und Wirtschaftswissenschaftler bringt entsprechend viel Erfahrung und fundierte Fachkenntnisse f\u00fcr den neuen Job mit. Seit 2017 treibt er als Vorstandsmitglied im Stiftungsumfeld mit rund 50 Mitarbeitenden Stadt- und Quartiersentwicklungen voran.<\/p>\n\n\n\n<p>\u201eDas sind gute Nachrichten f\u00fcr unsere Stadt\u201c, sagt Oberb\u00fcrgermeister Felix Heinrichs. \u201eGerade in einer so zentralen Funktion wie an der Spitze der Entwicklungsgesellschaft ist eine kontinuierliche und weitsichtige Arbeit entscheidend. Hier sind wir mit dem scheidenden und dem neuen Gesch\u00e4ftsf\u00fchrer bestens aufgestellt. Zentrale Projekte f\u00fcr Wohnen, Arbeiten und Leben in M\u00f6nchengladbach werden in die H\u00e4nde von Stefan Anspach \u00fcbergehen.\u201c<\/p>\n\n\n\n<p>\u201eIch bin sehr froh, dass wir einen so guten und erfahrenen Kandidaten gefunden haben, denn die Schuhe von Ulrich Sch\u00fcckhaus sind gro\u00df\u201c, sagt Janann Safi, Aufsichtsratsvorsitzender der EWMG. \u201eEr hat sich als kreativer Macher an vielen Stellen um die Entwicklung von M\u00f6nchengladbach verdient gemacht. Mit Stefan Anspach k\u00f6nnen wir uns auf einen engagierten Nachfolger freuen, der das Gute weiterf\u00fchren und eigene Ideen einbringen wird.\u201c<\/p>\n\n\n\n<p>Der Auswahlprozess wurde von der Executive-Personalberatung ifp gesteuert. Eine Kommission mit Oberb\u00fcrgermeister Felix Heinrichs in seiner Funktion als Gesellschafter, Janann Safi als Vorsitzendem und zwei weiteren Aufsichtsratsmitgliedern sowie der EWMG-Gesch\u00e4ftsf\u00fchrerin und Technischen Beigeordneten Claudia Schwan-Schmitz hat die Bewerbungen gepr\u00fcft. Ihr Votum war einstimmig. Anspach konnte sich klar gegen die Konkurrenz durchsetzen. Der geb\u00fcrtige Bonner wird die Position des Vorsitzenden der EWMG-Gesch\u00e4ftsf\u00fchrung zum 1. Juli 2026 \u00fcbernehmen.<\/p>\n\n\n\n<p>F\u00fcr einen geordneten \u00dcbergang der Gesch\u00e4fte ist gesorgt. Anspach wird seinen Dienst bereits Anfang Januar 2026 antreten, sodass es eine etwa sechsmonatige \u00dcbergangfrist geben wird, in der Dr. Sch\u00fcckhaus seinen Nachfolger in die komplexen Vorg\u00e4nge einf\u00fchren kann.<\/p>\n\n\n\n<p>Der 47-J\u00e4hrige soll auch den Gesch\u00e4ftsf\u00fchrerposten bei der Wirtschaftsf\u00f6rderung von Sch\u00fcckhaus \u00fcbernehmen, sodass die enge Zusammenarbeit von EWMG und WFMG nahtlos weitergef\u00fchrt werden kann. Die Beschl\u00fcsse dazu werden in K\u00fcrze in den WFMG-Gremien gefasst.<\/p>\n\n\n\n<p>Quelle: <a href=\"http:\/\/www.ewmg.de\">EWMG<\/a><\/p>\n\n\n\n<p><\/p>\n\n\n<figure class=\"wp-block-post-featured-image\"><img loading=\"lazy\" decoding=\"async\" width=\"1706\" height=\"2560\" src=\"https:\/\/standort-niederrhein.de\/wp-content\/uploads\/2025\/09\/Anspach_September-2025_midi-scaled.jpg\" class=\"attachment-full size-full wp-post-image\" alt=\"\" style=\"object-fit:cover;\" srcset=\"https:\/\/standort-niederrhein.de\/wp-content\/uploads\/2025\/09\/Anspach_September-2025_midi-scaled.jpg 1706w, https:\/\/standort-niederrhein.de\/wp-content\/uploads\/2025\/09\/Anspach_September-2025_midi-1280x1921.jpg 1280w, https:\/\/standort-niederrhein.de\/wp-content\/uploads\/2025\/09\/Anspach_September-2025_midi-980x1471.jpg 980w, https:\/\/standort-niederrhein.de\/wp-content\/uploads\/2025\/09\/Anspach_September-2025_midi-480x720.jpg 480w\" sizes=\"(min-width: 0px) and (max-width: 480px) 480px, (min-width: 481px) and (max-width: 980px) 980px, (min-width: 981px) and (max-width: 1280px) 1280px, (min-width: 1281px) 1706px, 100vw\" \/><\/figure>\n\n\n<p>Foto: EWMG<\/p>\n","protected":false},"excerpt":{"rendered":"<p>M\u00f6nchengladbach. Die EWMG-Gremien haben in ihren gestrigen Sitzungen Stefan Anspach einstimmig zum neuen Vorsitzenden der Gesch\u00e4ftsf\u00fchrung der Entwicklungsgesellschaft der Stadt M\u00f6nchengladbach (EWMG) bestellt. Er folgt damit auf Dr. Ulrich Sch\u00fcckhaus, dessen Amtszeit Mitte 2026 nach \u00fcber 17 Jahren in dieser Position altersbedingt endet. Anspach war \u00fcber zehn Jahre bei f\u00fchrenden Beratungsunternehmen in K\u00f6ln und D\u00fcsseldorf [&hellip;]<\/p>\n","protected":false},"author":3,"featured_media":6675,"comment_status":"closed","ping_status":"closed","sticky":false,"template":"","format":"standard","meta":{"_et_pb_use_builder":"","_et_pb_old_content":"","_et_gb_content_width":"","footnotes":""},"categories":[1],"tags":[],"class_list":["post-6674","post","type-post","status-publish","format-standard","has-post-thumbnail","hentry","category-allgemein"],"_links":{"self":[{"href":"https:\/\/standort-niederrhein.de\/en\/wp-json\/wp\/v2\/posts\/6674","targetHints":{"allow":["GET"]}}],"collection":[{"href":"https:\/\/standort-niederrhein.de\/en\/wp-json\/wp\/v2\/posts"}],"about":[{"href":"https:\/\/standort-niederrhein.de\/en\/wp-json\/wp\/v2\/types\/post"}],"author":[{"embeddable":true,"href":"https:\/\/standort-niederrhein.de\/en\/wp-json\/wp\/v2\/users\/3"}],"replies":[{"embeddable":true,"href":"https:\/\/standort-niederrhein.de\/en\/wp-json\/wp\/v2\/comments?post=6674"}],"version-history":[{"count":2,"href":"https:\/\/standort-niederrhein.de\/en\/wp-json\/wp\/v2\/posts\/6674\/revisions"}],"predecessor-version":[{"id":6677,"href":"https:\/\/standort-niederrhein.de\/en\/wp-json\/wp\/v2\/posts\/6674\/revisions\/6677"}],"wp:featuredmedia":[{"embeddable":true,"href":"https:\/\/standort-niederrhein.de\/en\/wp-json\/wp\/v2\/media\/6675"}],"wp:attachment":[{"href":"https:\/\/standort-niederrhein.de\/en\/wp-json\/wp\/v2\/media?parent=6674"}],"wp:term":[{"taxonomy":"category","embeddable":true,"href":"https:\/\/standort-niederrhein.de\/en\/wp-json\/wp\/v2\/categories?post=6674"},{"taxonomy":"post_tag","embeddable":true,"href":"https:\/\/standort-niederrhein.de\/en\/wp-json\/wp\/v2\/tags?post=6674"}],"curies":[{"name":"wp","href":"https:\/\/api.w.org\/{rel}","templated":true}]}}