{"id":6664,"date":"2025-09-23T09:00:00","date_gmt":"2025-09-23T07:00:00","guid":{"rendered":"https:\/\/standort-niederrhein.de\/?p=6664"},"modified":"2025-09-24T12:50:09","modified_gmt":"2025-09-24T10:50:09","slug":"gelungener-start-der-unternehmerfruehstuecke","status":"publish","type":"post","link":"https:\/\/standort-niederrhein.de\/en\/2025\/09\/23\/gelungener-start-der-unternehmerfruehstuecke\/","title":{"rendered":"Gelungener Start der Unternehmerfr\u00fchst\u00fccke"},"content":{"rendered":"\n<p><strong>Kreis Kleve\/ Straelen. <\/strong>Bernd Kuse, der frisch wiedergew\u00e4hlte B\u00fcrgermeister der Stadt Straelen, zeigte sich beeindruckt ob des gro\u00dfen Andrangs zum ersten Unternehmerfr\u00fchst\u00fcck 2025\/26 der Wirtschaftsf\u00f6rderung Kreis Kleve. \u201eSo voll war es hier selten\u201c, stellte er beim Blick in den Saal des Versuchszentrum Gartenbau in Straelen begeistert fest. Mehr als 70 G\u00e4ste hatten sich dort eingefunden, um Wissenswertes \u00fcber wirtschaftliche Entwicklungen in ihrer Stadt und im gesamten Kreis Kleve zu erfahren, aber auch, um Impulse zum Thema \u201eK\u00fcnstliche Intelligenz\u201c aufzunehmen. Und davon gab es f\u00fcr die Unternehmerinnen und Unternehmer im Verlauf der Veranstaltung reichlich.<\/p>\n\n\n\n<p>Im Rahmen seiner Begr\u00fc\u00dfung \u00fcbermittelte B\u00fcrgermeister Kuse gute Nachrichten: Die Stadt Straelen hat es im Kommunalranking NRW 2025 des Instituts der deutschen Wirtschaft auf Platz 16 von insgesamt 396 Kommunen in Nordrhein-Westfalen geschafft. Das, so Kuse, liege vorrangig daran, dass sich Straelen in vielen Bereichen dynamisch entwickle. Auch beim Thema K\u00fcnstliche Intelligenz sei die Stadt vorne dabei: So hilft eine KI-gest\u00fctzte Anwendung hilft dabei, die Stra\u00dfenzust\u00e4nde effizient zu bewerten.<\/p>\n\n\n\n<p>Gesch\u00e4ftsf\u00fchrerin Brigitte Jansen stellte den G\u00e4sten die vielf\u00e4ltigen Aktivit\u00e4ten der Kreis-Wirtschaftsf\u00f6rderung vor. &nbsp;\u201eDieses Thema \u2013 und so steht es auch in der Einladung zur heutigen Veranstaltung \u2013 bietet Chancen und Herausforderungen, gerade auch f\u00fcr kleine und mittlere Unternehmen\u201c, betonte Jansen.<\/p>\n\n\n\n<p>Genau dies wurde auch beim Hauptvortrag der Veranstaltung mit dem Titel: \u201eKI verstehen und nutzen: Ein Kompass f\u00fcr KMU\u201c deutlich. Ingo Prang, Partner bei der KPP Steuerberatungsgesellschaft, sowie Gerrit R\u00f6hl, IT\u2013Manager bei KPP, erl\u00e4uterten dabei, wie KI funktioniert, wie sie in der t\u00e4glichen Unternehmenspraxis angewendet werden kann, welche rechtlichen Aspekte zu beachten sind und wie Firmen die Einf\u00fchrung von KI gelingt.<\/p>\n\n\n\n<p>Mehr davon, wie K\u00fcnstliche Intelligenz Einzug in den Firmenalltag findet, erfuhren die Teilnehmenden bei einer durch Andrea Franken moderierten Gespr\u00e4chsrunde. Der Familienbetrieb Straeten baut in Straelen auf 100 Hektar frische Schnittsalate und diverse Kr\u00e4uter an. Inhaber Christoph Straeten berichtete den G\u00e4sten von einer Maschine, die mittels K\u00fcnstlicher Intelligenz Unkr\u00e4uter auf dem Feld identifizieren und beseitigen kann. \u201eDie Unterscheidung zwischen Kulturpflanzen und Unkr\u00e4utern erfolgt \u00e4u\u00dferst exakt \u2013 den Einsatz einer solchen Technologie h\u00e4tte ich mir noch vor ein paar Jahren nicht vorstellen k\u00f6nnen\u201c, sagte Straeten.<\/p>\n\n\n\n<p>Auch Martin Ophey, Prokurist und Abteilungsleiter im Supply Chain Management bei bofrost*, sieht K\u00fcnstliche Intelligenz als praktische Hilfe in der t\u00e4glichen Produktion. Bei bofrost* wird KI eingesetzt, um Energiefl\u00fcsse und -verbr\u00e4uche gezielt zu steuern. KI analysiert Wetterprognosen und aktuelle Strompreise bzw. Einspeiseverg\u00fctungen, um die K\u00fchlung der Tiefk\u00fchlprodukte m\u00f6glichst kosteneffizient zu gestalten.<\/p>\n\n\n\n<p>Auch bei der Steuerberatung KPP ist KI im Einsatz. Gesch\u00e4ftsf\u00fchrer Ingo Prang empfahl den G\u00e4sten, das ganze Team im Unternehmen mit einzubinden, wenn es um die Anwendung von KI geht. \u201eKI bietet sich besonders an, wenn es darum geht, Arbeitsprozesse umzustrukturieren und Aufgabengebiete neu zu ordnen\u201c, betonte Prang.<\/p>\n\n\n\n<p>Zum Abschluss kamen die Teilnehmenden noch miteinander ins Gespr\u00e4ch und tauschten sich \u00fcber Anwendungsm\u00f6glichkeiten von K\u00fcnstlicher Intelligenz aus.<\/p>\n\n\n\n<p>Quelle: <a href=\"http:\/\/www.wfg-kreis-kleve.de\">WFG Kreis Kleve<\/a><\/p>\n\n\n<figure class=\"wp-block-post-featured-image\"><img loading=\"lazy\" decoding=\"async\" width=\"2560\" height=\"1724\" src=\"https:\/\/standort-niederrhein.de\/wp-content\/uploads\/2025\/09\/UF-Straelen-PI-scaled.jpg\" class=\"attachment-post-thumbnail size-post-thumbnail wp-post-image\" alt=\"\" style=\"object-fit:cover;\" srcset=\"https:\/\/standort-niederrhein.de\/wp-content\/uploads\/2025\/09\/UF-Straelen-PI-scaled.jpg 2560w, https:\/\/standort-niederrhein.de\/wp-content\/uploads\/2025\/09\/UF-Straelen-PI-1280x862.jpg 1280w, https:\/\/standort-niederrhein.de\/wp-content\/uploads\/2025\/09\/UF-Straelen-PI-980x660.jpg 980w, https:\/\/standort-niederrhein.de\/wp-content\/uploads\/2025\/09\/UF-Straelen-PI-480x323.jpg 480w\" sizes=\"(min-width: 0px) and (max-width: 480px) 480px, (min-width: 481px) and (max-width: 980px) 980px, (min-width: 981px) and (max-width: 1280px) 1280px, (min-width: 1281px) 2560px, 100vw\" \/><\/figure>\n\n\n<p>Beim Unternehmerfr\u00fchst\u00fcck im Versuchszentrum Gartenbau in Straelen (von links): Uwe Bons (Wirtschaftsf\u00f6rderer Stadt Straelen), Bernd Kuse (B\u00fcrgermeister Stadt Straelen), Christoph Straeten (Gem\u00fcsebau Straeten), Ingo Prang (KPP Steuerberatungsgesellschaft), Andrea Franken (Moderatorin), Gerrit R\u00f6hl (KPP Steuerberatungsgesellschaft), Brigitte Jansen (Gesch\u00e4ftsf\u00fchrerin WFG Kreis Kleve) und Martin Ophey (bofrost*). | Foto: WFG Kreis Kleve<\/p>\n","protected":false},"excerpt":{"rendered":"<p>Kreis Kleve\/ Straelen. Bernd Kuse, der frisch wiedergew\u00e4hlte B\u00fcrgermeister der Stadt Straelen, zeigte sich beeindruckt ob des gro\u00dfen Andrangs zum ersten Unternehmerfr\u00fchst\u00fcck 2025\/26 der Wirtschaftsf\u00f6rderung Kreis Kleve. \u201eSo voll war es hier selten\u201c, stellte er beim Blick in den Saal des Versuchszentrum Gartenbau in Straelen begeistert fest. Mehr als 70 G\u00e4ste hatten sich dort eingefunden, [&hellip;]<\/p>\n","protected":false},"author":3,"featured_media":6665,"comment_status":"closed","ping_status":"closed","sticky":false,"template":"","format":"standard","meta":{"_et_pb_use_builder":"","_et_pb_old_content":"","_et_gb_content_width":"","footnotes":""},"categories":[1],"tags":[],"class_list":["post-6664","post","type-post","status-publish","format-standard","has-post-thumbnail","hentry","category-allgemein"],"_links":{"self":[{"href":"https:\/\/standort-niederrhein.de\/en\/wp-json\/wp\/v2\/posts\/6664","targetHints":{"allow":["GET"]}}],"collection":[{"href":"https:\/\/standort-niederrhein.de\/en\/wp-json\/wp\/v2\/posts"}],"about":[{"href":"https:\/\/standort-niederrhein.de\/en\/wp-json\/wp\/v2\/types\/post"}],"author":[{"embeddable":true,"href":"https:\/\/standort-niederrhein.de\/en\/wp-json\/wp\/v2\/users\/3"}],"replies":[{"embeddable":true,"href":"https:\/\/standort-niederrhein.de\/en\/wp-json\/wp\/v2\/comments?post=6664"}],"version-history":[{"count":1,"href":"https:\/\/standort-niederrhein.de\/en\/wp-json\/wp\/v2\/posts\/6664\/revisions"}],"predecessor-version":[{"id":6666,"href":"https:\/\/standort-niederrhein.de\/en\/wp-json\/wp\/v2\/posts\/6664\/revisions\/6666"}],"wp:featuredmedia":[{"embeddable":true,"href":"https:\/\/standort-niederrhein.de\/en\/wp-json\/wp\/v2\/media\/6665"}],"wp:attachment":[{"href":"https:\/\/standort-niederrhein.de\/en\/wp-json\/wp\/v2\/media?parent=6664"}],"wp:term":[{"taxonomy":"category","embeddable":true,"href":"https:\/\/standort-niederrhein.de\/en\/wp-json\/wp\/v2\/categories?post=6664"},{"taxonomy":"post_tag","embeddable":true,"href":"https:\/\/standort-niederrhein.de\/en\/wp-json\/wp\/v2\/tags?post=6664"}],"curies":[{"name":"wp","href":"https:\/\/api.w.org\/{rel}","templated":true}]}}