{"id":6661,"date":"2025-09-25T06:00:00","date_gmt":"2025-09-25T04:00:00","guid":{"rendered":"https:\/\/standort-niederrhein.de\/?p=6661"},"modified":"2025-09-24T08:51:48","modified_gmt":"2025-09-24T06:51:48","slug":"dezernent-preen-praesentiert-staedtepartnerschaft-mit-venlo-bei-bundestagung-in-muenster","status":"publish","type":"post","link":"https:\/\/standort-niederrhein.de\/en\/2025\/09\/25\/dezernent-preen-praesentiert-staedtepartnerschaft-mit-venlo-bei-bundestagung-in-muenster\/","title":{"rendered":"Dezernent Preen pr\u00e4sentiert St\u00e4dtepartnerschaft mit Venlo bei Bundestagung in M\u00fcnster\u00a0"},"content":{"rendered":"\n<p><strong>Krefeld\/ M\u00fcnster. <\/strong>Mehr als 80 offizielle St\u00e4dtepartnerschaften mit den Niederlanden gibt es derzeit allein in NRW. Eine der j\u00fcngsten ist die erst 2021 begr\u00fcndete zwischen M\u00fcnster und Enschede, eine der traditionsreichsten die von Krefeld mit den Nachbarn aus Venlo, die schon 1964 besiegelt wurde.<\/p>\n\n\n\n<p>Die Geschichte dieser St\u00e4dtepartnerschaft und die zahlreichen aktuellen gemeinsamen Projekte stellte Eckart Preen in seiner Eigenschaft als Dezernent f\u00fcr Internationales jetzt bei der Jahrestagung der Bundesgemeinschaft f\u00fcr deutsch-niederl\u00e4ndische Zusammenarbeit (BDNZ) in M\u00fcnster vor.<\/p>\n\n\n\n<p>\u201eAuf besonderes Interesse der Zuh\u00f6rerschaft ist dabei der gemeinsame Ratsausschuss getroffen, doch auch die regelm\u00e4\u00dfige Pr\u00e4senz von Besch\u00e4ftigten der Verwaltung in der jeweils anderen Stadt scheint es sonst nirgendwo zu geben&#8221;, so Preen. \u201eAber auch die durch das Programm Erasmus + er\u00f6ffnete Chance f\u00fcr Auszubildende im mittleren Verwaltungsdienst auf ein vierw\u00f6chiges Praktikum in der Partnerstadt wurde sehr gelobt&#8221;, erg\u00e4nzt der Dezernent und spricht sich f\u00fcr eine Fortsetzung dieser Aktivit\u00e4ten auch in der n\u00e4chsten Legislaturperiode aus.<\/p>\n\n\n\n<p>H\u00f6hepunkt der Jahrestagung in Anwesenheit der niederl\u00e4ndischen Generalkonsulin Hannah Tijmes war der Festvortrag von Bundeswirtschaftsminister a.D. Peter Altmaier, der als geb\u00fcrtiger Saarl\u00e4nder nicht nur flie\u00dfend Franz\u00f6sisch spricht, sondern seit langem auch profunder Niederlande- und Niederl\u00e4ndisch-Kenner ist. Unter dem Titel \u201eDeutschland und die Niederlande in Europa\u201c beleuchtete er das Verh\u00e4ltnis der beiden Nachbarl\u00e4nder und ging dabei auch auf die wachsende Bedeutung derartiger Partnerschaften in West- und Mitteleuropa vor dem Hintergrund der aktuellen geopolitischen Herausforderungen ein.<\/p>\n\n\n\n<p>Quelle: <a href=\"http:\/\/www.krefeld-business.de\">KREFELD BUSINESS<\/a><\/p>\n\n\n<figure class=\"wp-block-post-featured-image\"><img loading=\"lazy\" decoding=\"async\" width=\"2520\" height=\"1680\" src=\"https:\/\/standort-niederrhein.de\/wp-content\/uploads\/2025\/09\/25_BDNZ_Muenster\u00a9Kannenbrock_5363.jpg\" class=\"attachment-post-thumbnail size-post-thumbnail wp-post-image\" alt=\"\" style=\"object-fit:cover;\" srcset=\"https:\/\/standort-niederrhein.de\/wp-content\/uploads\/2025\/09\/25_BDNZ_Muenster\u00a9Kannenbrock_5363.jpg 2520w, https:\/\/standort-niederrhein.de\/wp-content\/uploads\/2025\/09\/25_BDNZ_Muenster\u00a9Kannenbrock_5363-300x200.jpg 300w, https:\/\/standort-niederrhein.de\/wp-content\/uploads\/2025\/09\/25_BDNZ_Muenster\u00a9Kannenbrock_5363-1024x683.jpg 1024w, https:\/\/standort-niederrhein.de\/wp-content\/uploads\/2025\/09\/25_BDNZ_Muenster\u00a9Kannenbrock_5363-768x512.jpg 768w, https:\/\/standort-niederrhein.de\/wp-content\/uploads\/2025\/09\/25_BDNZ_Muenster\u00a9Kannenbrock_5363-1536x1024.jpg 1536w, https:\/\/standort-niederrhein.de\/wp-content\/uploads\/2025\/09\/25_BDNZ_Muenster\u00a9Kannenbrock_5363-2048x1365.jpg 2048w, https:\/\/standort-niederrhein.de\/wp-content\/uploads\/2025\/09\/25_BDNZ_Muenster\u00a9Kannenbrock_5363-1080x720.jpg 1080w, https:\/\/standort-niederrhein.de\/wp-content\/uploads\/2025\/09\/25_BDNZ_Muenster\u00a9Kannenbrock_5363-1280x853.jpg 1280w, https:\/\/standort-niederrhein.de\/wp-content\/uploads\/2025\/09\/25_BDNZ_Muenster\u00a9Kannenbrock_5363-980x653.jpg 980w, https:\/\/standort-niederrhein.de\/wp-content\/uploads\/2025\/09\/25_BDNZ_Muenster\u00a9Kannenbrock_5363-480x320.jpg 480w\" sizes=\"(max-width: 2520px) 100vw, 2520px\" \/><\/figure>\n\n\n<p>Foto: Lisa Kannenbrock<\/p>\n","protected":false},"excerpt":{"rendered":"<p>Krefeld\/ M\u00fcnster. Mehr als 80 offizielle St\u00e4dtepartnerschaften mit den Niederlanden gibt es derzeit allein in NRW. Eine der j\u00fcngsten ist die erst 2021 begr\u00fcndete zwischen M\u00fcnster und Enschede, eine der traditionsreichsten die von Krefeld mit den Nachbarn aus Venlo, die schon 1964 besiegelt wurde. Die Geschichte dieser St\u00e4dtepartnerschaft und die zahlreichen aktuellen gemeinsamen Projekte stellte [&hellip;]<\/p>\n","protected":false},"author":3,"featured_media":6662,"comment_status":"closed","ping_status":"closed","sticky":false,"template":"","format":"standard","meta":{"_et_pb_use_builder":"","_et_pb_old_content":"","_et_gb_content_width":"","footnotes":""},"categories":[1],"tags":[],"class_list":["post-6661","post","type-post","status-publish","format-standard","has-post-thumbnail","hentry","category-allgemein"],"_links":{"self":[{"href":"https:\/\/standort-niederrhein.de\/en\/wp-json\/wp\/v2\/posts\/6661","targetHints":{"allow":["GET"]}}],"collection":[{"href":"https:\/\/standort-niederrhein.de\/en\/wp-json\/wp\/v2\/posts"}],"about":[{"href":"https:\/\/standort-niederrhein.de\/en\/wp-json\/wp\/v2\/types\/post"}],"author":[{"embeddable":true,"href":"https:\/\/standort-niederrhein.de\/en\/wp-json\/wp\/v2\/users\/3"}],"replies":[{"embeddable":true,"href":"https:\/\/standort-niederrhein.de\/en\/wp-json\/wp\/v2\/comments?post=6661"}],"version-history":[{"count":1,"href":"https:\/\/standort-niederrhein.de\/en\/wp-json\/wp\/v2\/posts\/6661\/revisions"}],"predecessor-version":[{"id":6663,"href":"https:\/\/standort-niederrhein.de\/en\/wp-json\/wp\/v2\/posts\/6661\/revisions\/6663"}],"wp:featuredmedia":[{"embeddable":true,"href":"https:\/\/standort-niederrhein.de\/en\/wp-json\/wp\/v2\/media\/6662"}],"wp:attachment":[{"href":"https:\/\/standort-niederrhein.de\/en\/wp-json\/wp\/v2\/media?parent=6661"}],"wp:term":[{"taxonomy":"category","embeddable":true,"href":"https:\/\/standort-niederrhein.de\/en\/wp-json\/wp\/v2\/categories?post=6661"},{"taxonomy":"post_tag","embeddable":true,"href":"https:\/\/standort-niederrhein.de\/en\/wp-json\/wp\/v2\/tags?post=6661"}],"curies":[{"name":"wp","href":"https:\/\/api.w.org\/{rel}","templated":true}]}}