{"id":6641,"date":"2025-09-22T07:00:00","date_gmt":"2025-09-22T05:00:00","guid":{"rendered":"https:\/\/standort-niederrhein.de\/?p=6641"},"modified":"2025-09-23T12:41:47","modified_gmt":"2025-09-23T10:41:47","slug":"gewerbepark-elmpt-javelin-park-niederrhein-neuer-satzungsbeschluss-fuer-ersten-bauabschnitt","status":"publish","type":"post","link":"https:\/\/standort-niederrhein.de\/en\/2025\/09\/22\/gewerbepark-elmpt-javelin-park-niederrhein-neuer-satzungsbeschluss-fuer-ersten-bauabschnitt\/","title":{"rendered":"Gewerbepark Elmpt &amp; Javelin Park Niederrhein: Neuer Satzungsbeschluss f\u00fcr ersten Bauabschnitt"},"content":{"rendered":"\n<p><strong>Niederkr\u00fcchten.<\/strong> Im September 2024 hatte der Rat der Gemeinde Niederkr\u00fcchten den Satzungsbeschluss f\u00fcr den Bebauungsplan Elm-131 gefasst. Dieser beinhaltet den ersten, rund 94 Hektar gro\u00dfen Bauabschnitt f\u00fcr die Gewerbe- und Industriefl\u00e4chen auf dem Gel\u00e4nde des ehemaligen Milit\u00e4rflughafens in Elmpt. Der Bebauungsplan schafft Baurecht f\u00fcr das Gel\u00e4nde und macht die Realisierung des Vorhabens \u00fcberhaupt erst m\u00f6glich.<\/p>\n\n\n\n<p>Auf Antrag des Landesb\u00fcros der Naturschutzverb\u00e4nde NRW hat das Oberverwaltungsgericht NRW den Bebauungsplan im April 2025 vorl\u00e4ufig au\u00dfer Vollzug gesetzt. Der klagende Verband hatte sich unter anderem auf eine Entscheidung des Europ\u00e4ischen Gerichtshofs zu Vogelschutzgebieten in Griechenland bezogen, die fast zeitgleich zum Satzungsbeschluss des Gemeinderates gef\u00e4llt und erst hiernach bekannt geworden ist. Er argumentierte, dass diese auch in Elmpt greifen m\u00fcsse. Das Gericht befand, dass die Sachlage nicht im eigentlich vorgesehenen Eilverfahren gekl\u00e4rt werden k\u00f6nne und verh\u00e4ngte daher die vorl\u00e4ufige Au\u00dfervollzugsetzung. Es betonte dabei, dass es sich es sich nicht um eine vorl\u00e4ufige Beurteilung hinsichtlich der Wirksamkeit des Bebauungsplans handle. Seither ruhen die meisten Arbeiten auf dem Gel\u00e4nde, die f\u00fcr die Zeit seit dem Urteil eigentlich vorgesehenen Erschlie\u00dfungsarbeiten verz\u00f6gern sich weitestgehend. Lediglich genehmigungsfreie Arbeiten wie der R\u00fcckbau einzelner Geb\u00e4ude, zum Beispiel zur Vorbereitung \u00f6kologischer Ausgleichsfl\u00e4chen, waren zuletzt m\u00f6glich.<\/p>\n\n\n\n<p>Um die Verz\u00f6gerungen in der Entwicklung des Javelin Park Niederrhein sowie des Gewerbepark Elmpt m\u00f6glichst gering zu halten und um einen m\u00f6glichst zeitnahen Vermarktungsbeginn der Fl\u00e4chen zu gew\u00e4hrleisten, hat die Gemeindeverwaltung die Auswirkungen des Urteils in Griechenland gepr\u00fcft und die f\u00fcr den Bebauungsplan notwendige Vertr\u00e4glichkeitspr\u00fcfung dahingehend aktualisiert. Deren Ergebnisse machen eine Anpassung der Festsetzungen des Bebauungsplans nicht notwendig. Unabh\u00e4ngig hiervon hat der Entwickler Verdion angeboten, einen zus\u00e4tzlichen Wall n\u00f6rdlich der betroffenen Fl\u00e4chen des Vogelschutzgebietes vorzusehen. Der Ausschuss f\u00fcr Planung, Verkehr und Grundst\u00fccksangelegenheiten hat jetzt beschlossen, dem Rat neben dem neuen Satzungsbeschluss f\u00fcr den Bebauungsplan auch einen Beschluss \u00fcber die Anpassung des st\u00e4dtebaulichen Vertrags mit dem Investor zu empfehlen, sodass dieser Wall realisiert werden kann.<\/p>\n\n\n\n<p>Quelle: <a href=\"http:\/\/www.niederkruechten.de\">Gemeinde Niederkr\u00fcchten<\/a><\/p>\n\n\n<figure class=\"wp-block-post-featured-image\"><img loading=\"lazy\" decoding=\"async\" width=\"2560\" height=\"1918\" src=\"https:\/\/standort-niederrhein.de\/wp-content\/uploads\/2025\/09\/Quelle-P3-digital.video_.jpg\" class=\"attachment-post-thumbnail size-post-thumbnail wp-post-image\" alt=\"\" style=\"object-fit:cover;\" srcset=\"https:\/\/standort-niederrhein.de\/wp-content\/uploads\/2025\/09\/Quelle-P3-digital.video_.jpg 2560w, https:\/\/standort-niederrhein.de\/wp-content\/uploads\/2025\/09\/Quelle-P3-digital.video_-1280x959.jpg 1280w, https:\/\/standort-niederrhein.de\/wp-content\/uploads\/2025\/09\/Quelle-P3-digital.video_-980x734.jpg 980w, https:\/\/standort-niederrhein.de\/wp-content\/uploads\/2025\/09\/Quelle-P3-digital.video_-480x360.jpg 480w\" sizes=\"(min-width: 0px) and (max-width: 480px) 480px, (min-width: 481px) and (max-width: 980px) 980px, (min-width: 981px) and (max-width: 1280px) 1280px, (min-width: 1281px) 2560px, 100vw\" \/><\/figure>\n\n\n<p>Bildquelle: P3 digital.video<\/p>\n","protected":false},"excerpt":{"rendered":"<p>Niederkr\u00fcchten. Im September 2024 hatte der Rat der Gemeinde Niederkr\u00fcchten den Satzungsbeschluss f\u00fcr den Bebauungsplan Elm-131 gefasst. Dieser beinhaltet den ersten, rund 94 Hektar gro\u00dfen Bauabschnitt f\u00fcr die Gewerbe- und Industriefl\u00e4chen auf dem Gel\u00e4nde des ehemaligen Milit\u00e4rflughafens in Elmpt. Der Bebauungsplan schafft Baurecht f\u00fcr das Gel\u00e4nde und macht die Realisierung des Vorhabens \u00fcberhaupt erst m\u00f6glich. [&hellip;]<\/p>\n","protected":false},"author":3,"featured_media":6642,"comment_status":"closed","ping_status":"closed","sticky":false,"template":"","format":"standard","meta":{"_et_pb_use_builder":"","_et_pb_old_content":"","_et_gb_content_width":"","footnotes":""},"categories":[1],"tags":[],"class_list":["post-6641","post","type-post","status-publish","format-standard","has-post-thumbnail","hentry","category-allgemein"],"_links":{"self":[{"href":"https:\/\/standort-niederrhein.de\/en\/wp-json\/wp\/v2\/posts\/6641","targetHints":{"allow":["GET"]}}],"collection":[{"href":"https:\/\/standort-niederrhein.de\/en\/wp-json\/wp\/v2\/posts"}],"about":[{"href":"https:\/\/standort-niederrhein.de\/en\/wp-json\/wp\/v2\/types\/post"}],"author":[{"embeddable":true,"href":"https:\/\/standort-niederrhein.de\/en\/wp-json\/wp\/v2\/users\/3"}],"replies":[{"embeddable":true,"href":"https:\/\/standort-niederrhein.de\/en\/wp-json\/wp\/v2\/comments?post=6641"}],"version-history":[{"count":4,"href":"https:\/\/standort-niederrhein.de\/en\/wp-json\/wp\/v2\/posts\/6641\/revisions"}],"predecessor-version":[{"id":6660,"href":"https:\/\/standort-niederrhein.de\/en\/wp-json\/wp\/v2\/posts\/6641\/revisions\/6660"}],"wp:featuredmedia":[{"embeddable":true,"href":"https:\/\/standort-niederrhein.de\/en\/wp-json\/wp\/v2\/media\/6642"}],"wp:attachment":[{"href":"https:\/\/standort-niederrhein.de\/en\/wp-json\/wp\/v2\/media?parent=6641"}],"wp:term":[{"taxonomy":"category","embeddable":true,"href":"https:\/\/standort-niederrhein.de\/en\/wp-json\/wp\/v2\/categories?post=6641"},{"taxonomy":"post_tag","embeddable":true,"href":"https:\/\/standort-niederrhein.de\/en\/wp-json\/wp\/v2\/tags?post=6641"}],"curies":[{"name":"wp","href":"https:\/\/api.w.org\/{rel}","templated":true}]}}