{"id":6635,"date":"2025-09-23T07:00:00","date_gmt":"2025-09-23T05:00:00","guid":{"rendered":"https:\/\/standort-niederrhein.de\/?p=6635"},"modified":"2025-09-19T08:18:57","modified_gmt":"2025-09-19T06:18:57","slug":"klimawandel-im-kreis-viersen-deine-region-dein-beitrag","status":"publish","type":"post","link":"https:\/\/standort-niederrhein.de\/en\/2025\/09\/23\/klimawandel-im-kreis-viersen-deine-region-dein-beitrag\/","title":{"rendered":"Klimawandel im Kreis Viersen: deine Region, dein Beitrag"},"content":{"rendered":"\n<p><strong>Kreis Viersen.<\/strong> K\u00fcrzlich fand im Forum des Kreises Viersen die Veranstaltung &#8220;Klimawandel im Kreis Viersen: deine Region, dein Beitrag&#8221; statt. Nach der Begr\u00fc\u00dfung durch den Dezernenten f\u00fcr Planen, Bauen und Umwelt, Rainer R\u00f6der, und einer Einf\u00fchrung in die Klimaentwicklung im Kreis Viersen durch Klimafolgenanpassungsmanager Jonathan Schatz, hat Marc Jansen von der Kommunal Agentur NRW durch den gesamten Abend gef\u00fchrt. Die Agentur hatte bereits bei der Erstellung des Klimafolgenanpassungskonzepts f\u00fcr den Kreis Viersen mitgewirkt.<\/p>\n\n\n\n<p>Im Mittelpunkt des Abends haben die Vortr\u00e4ge von Dr. Manuel P\u00fcttmanns (Biologische Station Krickenbecker Seen e.V.) und Paul-Christian K\u00fcskens (Vorsitzender der Kreisbauernschaft Krefeld-Viersen) gestanden. Sie haben Einblicke in die sp\u00fcrbaren Folgen des Klimawandels f\u00fcr die Tier- und Pflanzenwelt gegeben: von Ver\u00e4nderungen in der Artenvielfalt und dem Umgang mit invasiven Arten bis hin zu Anpassungen in der Landwirtschaft wie offenen Stallkonzepten zur K\u00fchlung der Tiere oder der j\u00e4hrlichen Auswahl von Saatgut unter sich wandelnden klimatischen Bedingungen.<\/p>\n\n\n\n<p>Im Anschluss wurden die Diskussionen bei Essen und Getr\u00e4nken weitergef\u00fchrt. Besucherinnen und Besucher hatten zudem Gelegenheit, sich an Informationsst\u00e4nden zu informieren und ins Gespr\u00e4ch zu kommen:<\/p>\n\n\n\n<p>Der NABU pr\u00e4sentierte eine Auswahl traditioneller Obstsorten, aber auch zunehmend verbreitete mediterrane Arten.<\/p>\n\n\n\n<p>Die B\u00fcrgerinitiative &#8220;Grefrath kann Klima&#8221; informierte \u00fcber naturnahe Balkon- und Gartengestaltung zur F\u00f6rderung der Artenvielfalt.<\/p>\n\n\n\n<p>Die Untere Naturschutzbeh\u00f6rde bot Infomaterialien sowie Wildblumen und Samenmischungen f\u00fcr den eigenen Garten an.<\/p>\n\n\n\n<p>Das Geb\u00e4udemanagement des Kreises Viersen stellte technische und bauliche Anpassungsm\u00f6glichkeiten f\u00fcrs Eigenheim vor.<\/p>\n\n\n\n<p>Die Abteilung Wasser informierte anhand einer animierten Starkregenkarte \u00fcber Risiken und M\u00f6glichkeiten der Eigenvorsorge.<\/p>\n\n\n\n<p>Mit rund 70 Teilnehmenden, spannenden Vortr\u00e4gen, konstruktiven Diskussionen und einem regen Austausch war die Veranstaltung ein voller Erfolg.<\/p>\n\n\n\n<p>Quelle: <a href=\"http:\/\/www.kreis-viersen.de\">Kreis Viersen<\/a><\/p>\n\n\n<figure class=\"wp-block-post-featured-image\"><img loading=\"lazy\" decoding=\"async\" width=\"2362\" height=\"1575\" src=\"https:\/\/standort-niederrhein.de\/wp-content\/uploads\/2025\/09\/306479P.jpg\" class=\"attachment-post-thumbnail size-post-thumbnail wp-post-image\" alt=\"\" style=\"object-fit:cover;\" srcset=\"https:\/\/standort-niederrhein.de\/wp-content\/uploads\/2025\/09\/306479P.jpg 2362w, https:\/\/standort-niederrhein.de\/wp-content\/uploads\/2025\/09\/306479P-1280x854.jpg 1280w, https:\/\/standort-niederrhein.de\/wp-content\/uploads\/2025\/09\/306479P-980x653.jpg 980w, https:\/\/standort-niederrhein.de\/wp-content\/uploads\/2025\/09\/306479P-480x320.jpg 480w\" sizes=\"(min-width: 0px) and (max-width: 480px) 480px, (min-width: 481px) and (max-width: 980px) 980px, (min-width: 981px) and (max-width: 1280px) 1280px, (min-width: 1281px) 2362px, 100vw\" \/><\/figure>\n\n\n<p>Vortrag &#8220;Wie sich die Landwirtschaft auf den Klimawandel einstellt&#8221; von Paul-Christian K\u00fcskens | Foto: Kreis Viersen<\/p>\n","protected":false},"excerpt":{"rendered":"<p>Kreis Viersen. K\u00fcrzlich fand im Forum des Kreises Viersen die Veranstaltung &#8220;Klimawandel im Kreis Viersen: deine Region, dein Beitrag&#8221; statt. Nach der Begr\u00fc\u00dfung durch den Dezernenten f\u00fcr Planen, Bauen und Umwelt, Rainer R\u00f6der, und einer Einf\u00fchrung in die Klimaentwicklung im Kreis Viersen durch Klimafolgenanpassungsmanager Jonathan Schatz, hat Marc Jansen von der Kommunal Agentur NRW durch [&hellip;]<\/p>\n","protected":false},"author":3,"featured_media":6636,"comment_status":"closed","ping_status":"closed","sticky":false,"template":"","format":"standard","meta":{"_et_pb_use_builder":"","_et_pb_old_content":"","_et_gb_content_width":"","footnotes":""},"categories":[1],"tags":[],"class_list":["post-6635","post","type-post","status-publish","format-standard","has-post-thumbnail","hentry","category-allgemein"],"_links":{"self":[{"href":"https:\/\/standort-niederrhein.de\/en\/wp-json\/wp\/v2\/posts\/6635","targetHints":{"allow":["GET"]}}],"collection":[{"href":"https:\/\/standort-niederrhein.de\/en\/wp-json\/wp\/v2\/posts"}],"about":[{"href":"https:\/\/standort-niederrhein.de\/en\/wp-json\/wp\/v2\/types\/post"}],"author":[{"embeddable":true,"href":"https:\/\/standort-niederrhein.de\/en\/wp-json\/wp\/v2\/users\/3"}],"replies":[{"embeddable":true,"href":"https:\/\/standort-niederrhein.de\/en\/wp-json\/wp\/v2\/comments?post=6635"}],"version-history":[{"count":1,"href":"https:\/\/standort-niederrhein.de\/en\/wp-json\/wp\/v2\/posts\/6635\/revisions"}],"predecessor-version":[{"id":6637,"href":"https:\/\/standort-niederrhein.de\/en\/wp-json\/wp\/v2\/posts\/6635\/revisions\/6637"}],"wp:featuredmedia":[{"embeddable":true,"href":"https:\/\/standort-niederrhein.de\/en\/wp-json\/wp\/v2\/media\/6636"}],"wp:attachment":[{"href":"https:\/\/standort-niederrhein.de\/en\/wp-json\/wp\/v2\/media?parent=6635"}],"wp:term":[{"taxonomy":"category","embeddable":true,"href":"https:\/\/standort-niederrhein.de\/en\/wp-json\/wp\/v2\/categories?post=6635"},{"taxonomy":"post_tag","embeddable":true,"href":"https:\/\/standort-niederrhein.de\/en\/wp-json\/wp\/v2\/tags?post=6635"}],"curies":[{"name":"wp","href":"https:\/\/api.w.org\/{rel}","templated":true}]}}